{"id":499,"date":"2012-05-06T01:04:04","date_gmt":"2012-05-05T23:04:04","guid":{"rendered":"http:\/\/www.culturalusa.com\/news\/?p=499"},"modified":"2012-05-06T17:33:57","modified_gmt":"2012-05-06T15:33:57","slug":"le-portugal-ne-sera-pas-en-mesure-deviter-une-restructuration-de-la-dette","status":"publish","type":"post","link":"https:\/\/www.culturalusa.com\/news\/portugal\/le-portugal-ne-sera-pas-en-mesure-deviter-une-restructuration-de-la-dette\/","title":{"rendered":"Le Portugal ne sera pas en mesure d&rsquo;\u00e9viter une restructuration de la dette"},"content":{"rendered":"<figure id=\"attachment_500\" aria-describedby=\"caption-attachment-500\" style=\"width: 275px\" class=\"wp-caption alignleft\"><img loading=\"lazy\" decoding=\"async\" class=\"size-medium wp-image-500\" title=\"Joao Ferreira Amaral\" src=\"http:\/\/www.culturalusa.com\/news\/wp-content\/uploads\/2012\/05\/JoaoFerreiraAmaral-275x158.jpg\" alt=\"\" width=\"275\" height=\"158\" srcset=\"https:\/\/www.culturalusa.com\/news\/wp-content\/uploads\/2012\/05\/JoaoFerreiraAmaral-275x158.jpg 275w, https:\/\/www.culturalusa.com\/news\/wp-content\/uploads\/2012\/05\/JoaoFerreiraAmaral.jpg 448w\" sizes=\"auto, (max-width: 275px) 100vw, 275px\" \/><figcaption id=\"caption-attachment-500\" class=\"wp-caption-text\">Jo\u00e3o Ferreira do Amaral<\/figcaption><\/figure>\n<p>L&rsquo;endettement du Portugal est intraitable et difficile pour \u00e9viter la restructuration de la dette, a d\u00e9clar\u00e9, Jo\u00e3o Ferreira do Amaral.<\/p>\n<p>Le Portugal ne sera pas en mesure d&rsquo;\u00e9viter une restructuration de la dette, d&rsquo;apr\u00e8s las analyses de l&rsquo;\u00e9conomiste Jo\u00e3o Ferreira do Amaral, car le pays poss\u00e8de actuellement un probl\u00e8me d&rsquo;endettement \u00ab\u00a0intraitable\u00a0\u00bb.<\/p>\n<p>Ce professeur de l&rsquo;\u00c9cole d&rsquo;\u00c9conomie et de Gestion (ISEG) a d\u00e9clar\u00e9 lors de la conf\u00e9rence \u00ab\u00a0La crise dans la zone euro: sc\u00e9narios pour l&rsquo;Europe\u00a0\u00bb, organis\u00e9 conjointement par le Laboratoire d&rsquo;id\u00e9es et de propositions pour le Portugal (du parti socialiste) et de la Fondation Friedrich Ebert.<\/p>\n<p>\u00ab\u00a0Il est difficile \u00e0 ce niveau d&rsquo;endettement d&rsquo;\u00e9viter une restructuration de la dette, de pr\u00e9f\u00e9rence \u00e0 travers de m\u00e9canismes communautaires, dans la supposition que ceux-ci restent dans la zone euro\u00a0\u00bb, a d\u00e9clar\u00e9 l&rsquo;\u00e9conomiste, qui croit que, comme la Gr\u00e8ce, le Portugal a \u00e9galement un probl\u00e8me de dette \u00ab\u00a0intraitable\u00a0\u00bb.<\/p>\n<p>Pour Jo\u00e3o Ferreira do Amaral, le mod\u00e8le qui est suivi actuellement comme la solution pour le Portugal afin de le sortir de la crise est \u00ab\u00a0mauvais\u00a0\u00bb, en passant par la \u00ab\u00a0r\u00e9duction drastique du niveau de vie et par les effets dans la recherche interne et activit\u00e9 \u00e9conomique avec une hausse du ch\u00f4mage\u00a0\u00bb.<\/p>\n<p>En outre, a-t-il ajout\u00e9, un mod\u00e8le qui passe par la r\u00e9duction des revenus, en particulier sur les salaires, conduit \u00e0 une reprise des dettes des familles, et une augmentation du nombre des faillites, ce qui \u00ab\u00a0peut m\u00eame mettre en cause le syst\u00e8me financier\u00a0\u00bb.<\/p>\n<p><img loading=\"lazy\" decoding=\"async\" class=\"alignleft size-full wp-image-180\" style=\"border: 0pt none;\" title=\"icon-pt\" src=\"http:\/\/www.culturalusa.com\/news\/wp-content\/uploads\/2012\/04\/icon-pt.gif\" alt=\"\" width=\"14\" height=\"14\" \/> <span style=\"color: #800000;\">Endividamento de Portugal \u00e9 \u00ab\u00a0intrat\u00e1vel\u00a0\u00bb<\/span><\/p>\n<p>Portugal n\u00e3o dever\u00e1 conseguir evitar uma reestrutura\u00e7\u00e3o da d\u00edvida, considerou, o economista Jo\u00e3o Ferreira do Amaral, para quem o pa\u00eds tem atualmente um problema de endividamento \u00ab\u00a0intrat\u00e1vel\u00a0\u00bb.<\/p>\n<p>O professor do Instituto Superior de Economia e Gest\u00e3o (ISEG) falava, esta tarde, na confer\u00eancia &lsquo;Crise da zona euro: cen\u00e1rios para a Europa&rsquo;, organizada em conjunto pelo Laborat\u00f3rio de Ideias e Propostas para Portugal (do Partido Socialista) e pela funda\u00e7\u00e3o Friedrich Ebert.<\/p>\n<p>\u00ab\u00a0\u00c9 dif\u00edcil com este grau de endividamento evitar a reestrutura\u00e7\u00e3o da d\u00edvida, de prefer\u00eancia atrav\u00e9s de mecanismos comunit\u00e1rios, desde que se admita que se mant\u00e9m na zona euro\u00a0\u00bb, disse o economista, que considera que, tal como na Gr\u00e9cia, tamb\u00e9m Portugal tem um problema de endividamento \u00ab\u00a0intrat\u00e1vel\u00a0\u00bb.<\/p>\n<p>Para Jo\u00e3o Ferreira do Amaral, o modelo que est\u00e1 a ser seguido como solu\u00e7\u00e3o para Portugal sair da crise \u00e9 \u00ab\u00a0errado\u00a0\u00bb, ao passar pela \u00ab\u00a0redu\u00e7\u00e3o dr\u00e1stica do n\u00edvel vida e por efeitos na procura interna e atividade econ\u00f3mica com aumento do desemprego\u00a0\u00bb.<\/p>\n<p>Al\u00e9m disso, acrescentou, um modelo que passa pela redu\u00e7\u00e3o dos rendimentos, sobretudo dos sal\u00e1rios, leva a uma valoriza\u00e7\u00e3o das d\u00edvidas das fam\u00edlias (j\u00e1 que t\u00eam menos rendimento para as pagar) e a aumentos das insolv\u00eancias, o que, disse, \u00ab\u00a0pode mesmo p\u00f4r em causa o sistema financeiro\u00a0\u00bb.<\/p>\n<p>Neste sentido, o professor universit\u00e1rio defendeu que Bruxelas deveria dar \u00e0s regi\u00f5es perif\u00e9ricas instrumentos que permitam a converg\u00eancia do crescimento com o centro europeu, como a discrimina\u00e7\u00e3o positiva de setores econ\u00f3micos (por exemplo, em termos fiscais) e a desvaloriza\u00e7\u00e3o cambial.(fontes:Expresso\/JN)<\/p>\n<p style=\"text-align:center;\"><script type=\"text\/javascript\"><!--\ngoogle_ad_client = \"ca-pub-2727717456356200\";\n\/* CulturaLusa 468x60 *\/\ngoogle_ad_slot = \"2785499263\";\ngoogle_ad_width = 468;\ngoogle_ad_height = 60;\n\/\/-->\n<\/script><br \/>\n<script type=\"text\/javascript\"\nsrc=\"http:\/\/pagead2.googlesyndication.com\/pagead\/show_ads.js\">\n<\/script><\/p>\n","protected":false},"excerpt":{"rendered":"<p>L&rsquo;endettement du Portugal est intraitable et difficile pour \u00e9viter la restructuration de la dette, a d\u00e9clar\u00e9, Jo\u00e3o Ferreira do Amaral. Le Portugal ne sera pas en mesure d&rsquo;\u00e9viter une restructuration de la dette, d&rsquo;apr\u00e8s las analyses de l&rsquo;\u00e9conomiste Jo\u00e3o Ferreira do Amaral, car le pays poss\u00e8de actuellement un probl\u00e8me d&rsquo;endettement \u00ab\u00a0intraitable\u00a0\u00bb. Ce professeur de l&rsquo;\u00c9cole [&hellip;]<\/p>\n","protected":false},"author":1,"featured_media":0,"comment_status":"open","ping_status":"closed","sticky":false,"template":"","format":"standard","meta":{"footnotes":""},"categories":[3],"tags":[34,35],"class_list":["post-499","post","type-post","status-publish","format-standard","hentry","category-portugal","tag-endettement","tag-endividamento-de-portugal"],"aioseo_notices":[],"_links":{"self":[{"href":"https:\/\/www.culturalusa.com\/news\/wp-json\/wp\/v2\/posts\/499","targetHints":{"allow":["GET"]}}],"collection":[{"href":"https:\/\/www.culturalusa.com\/news\/wp-json\/wp\/v2\/posts"}],"about":[{"href":"https:\/\/www.culturalusa.com\/news\/wp-json\/wp\/v2\/types\/post"}],"author":[{"embeddable":true,"href":"https:\/\/www.culturalusa.com\/news\/wp-json\/wp\/v2\/users\/1"}],"replies":[{"embeddable":true,"href":"https:\/\/www.culturalusa.com\/news\/wp-json\/wp\/v2\/comments?post=499"}],"version-history":[{"count":0,"href":"https:\/\/www.culturalusa.com\/news\/wp-json\/wp\/v2\/posts\/499\/revisions"}],"wp:attachment":[{"href":"https:\/\/www.culturalusa.com\/news\/wp-json\/wp\/v2\/media?parent=499"}],"wp:term":[{"taxonomy":"category","embeddable":true,"href":"https:\/\/www.culturalusa.com\/news\/wp-json\/wp\/v2\/categories?post=499"},{"taxonomy":"post_tag","embeddable":true,"href":"https:\/\/www.culturalusa.com\/news\/wp-json\/wp\/v2\/tags?post=499"}],"curies":[{"name":"wp","href":"https:\/\/api.w.org\/{rel}","templated":true}]}}