{"id":508,"date":"2012-05-08T01:22:46","date_gmt":"2012-05-07T23:22:46","guid":{"rendered":"http:\/\/www.culturalusa.com\/news\/?p=508"},"modified":"2012-05-08T01:32:24","modified_gmt":"2012-05-07T23:32:24","slug":"passos-coelho-declare-que-lavenir-de-leurope-nest-pas-lie-a-lelection-dhollande","status":"publish","type":"post","link":"https:\/\/www.culturalusa.com\/news\/portugal\/passos-coelho-declare-que-lavenir-de-leurope-nest-pas-lie-a-lelection-dhollande\/","title":{"rendered":"Passos Coelho d\u00e9clare que l&rsquo;avenir de l&rsquo;Europe n&rsquo;est pas li\u00e9 \u00e0 l&rsquo;\u00e9lection d&rsquo;Hollande"},"content":{"rendered":"<figure id=\"attachment_509\" aria-describedby=\"caption-attachment-509\" style=\"width: 275px\" class=\"wp-caption alignleft\"><img loading=\"lazy\" decoding=\"async\" src=\"http:\/\/www.culturalusa.com\/news\/wp-content\/uploads\/2012\/05\/pedro-passos-coelho-275x158.jpg\" alt=\"\" title=\"pedro passos coelho\" width=\"275\" height=\"158\" class=\"size-medium wp-image-509\" \/><figcaption id=\"caption-attachment-509\" class=\"wp-caption-text\">Pedro Passos Coelho<\/figcaption><\/figure>Le Premier ministre portugais a consid\u00e9r\u00e9, que \u00ab\u00a0l&rsquo;avenir de l&rsquo;Europe n&rsquo;est pas strictement\u00a0\u00bb li\u00e9 \u00e0 l&rsquo;\u00e9lection de Fran\u00e7ois Hollande, mais \u00ab\u00a0\u00e0 la volont\u00e9 des dirigeants europ\u00e9ens\u00a0\u00bb, et que \u00ab\u00a0la voie de la consolidation budg\u00e9taire n&rsquo;est pas en cause\u00a0\u00bb.<\/p>\n<p>\u00ab\u00a0Il est \u00e9vident que l&rsquo;\u00e9lection d&rsquo;un nouveau pr\u00e9sident en France apporte un changement, en France, et qui suivra une ligne de politique diff\u00e9rente, mais je ne vais pas commenter l\u00e0-dessus\u00a0\u00bb, a d\u00e9clar\u00e9 Pedro Passos Coelho aux journalistes, \u00e0 l&rsquo;entr\u00e9e de la session remise des prix du pr\u00e9mio Leya 2011, au Palais des Galveias \u00e0 Lisbonne.<\/p>\n<p>Le candidat du PS fran\u00e7ais, Fran\u00e7ois Hollande, a remport\u00e9 les \u00e9lections pr\u00e9sidentielles avec 51,6% des voix, battant le candidat pr\u00e9sident Nicolas Sarkozy, qui a r\u00e9ussi un score d&rsquo;environ 48,3%.<\/p>\n<p>\u00ab\u00a0Je pense que l&rsquo;avenir de l&rsquo;Europe n&rsquo;est pas strictement li\u00e9e \u00e0 l&rsquo;\u00e9lection fran\u00e7aise, mais \u00e0 la volont\u00e9 des dirigeants europ\u00e9ens, en premier lieu, pour approfondir le march\u00e9 int\u00e9rieur, d&rsquo;autre part, veiller \u00e0 l&rsquo;accomplissement de leurs objectifs budg\u00e9taires, et en troisi\u00e8me, veiller \u00e0 ce que les r\u00e9formes n\u00e9cessaires soient faites pour que la croissance puisse revenir en Europe\u00a0\u00bb, a d\u00e9fendu Passos Coelho.<\/p>\n<p>Le chef du gouvernement a rappel\u00e9 que dans le message de f\u00e9licitations qu&rsquo;il a envoy\u00e9 \u00e0 Hollande, comme il est d&rsquo;usage, \u00e0 \u00ab\u00a0travailler \u00e9troitement\u00a0\u00bb avec le nouveau pr\u00e9sident de la R\u00e9publique fran\u00e7aise: \u00ab\u00a0En tant que chef du Gouvernement portugais il y a de nombreux domaines dans lesquels, du point de vue bilat\u00e9ral ou europ\u00e9en, nous devons nous entendre et parler.\u00a0\u00bb<\/p>\n<p>Sur la question : \u00ab\u00a0cette \u00e9lection en France changera la ratification du nouveau trait\u00e9 intergouvernemental\u00a0\u00bb, Passo Coelho a r\u00e9torqu\u00e9 que \u00ab\u00a0tous les chemins en Europe ont \u00e9t\u00e9 faits ces derni\u00e8res ann\u00e9es, c&rsquo;est d&rsquo;abord la reconnaissance de ses propres  difficult\u00e9s\u00a0\u00bb et a estim\u00e9 que \u00ab\u00a0le chemin de la consolidation budg\u00e9taire n&rsquo;est pas concern\u00e9.\u00a0\u00bb <\/p>\n<p><img loading=\"lazy\" decoding=\"async\" width=\"14\" height=\"14\" alt=\"\" src=\"http:\/\/www.culturalusa.com\/news\/wp-content\/uploads\/2012\/04\/icon-pt.gif\" title=\"icon-pt\" style=\"border: 0pt none;\" class=\"alignleft size-full wp-image-180\"> Passos Coelho diz que futuro da Europa n\u00e3o est\u00e1 ligado \u00e0 elei\u00e7\u00e3o de Hollande <\/p>\n<p>O primeiro-ministro considerou, esta segunda-feira, que \u00ab\u00a0o futuro da Europa n\u00e3o est\u00e1 estritamente\u00a0\u00bb ligado \u00e0 elei\u00e7\u00e3o de Fran\u00e7ois Hollande em Fran\u00e7a, mas \u00ab\u00a0\u00e0 vontade dos l\u00edderes europeus\u00a0\u00bb, e que \u00ab\u00a0o caminho da consolida\u00e7\u00e3o or\u00e7amental n\u00e3o est\u00e1 em causa\u00a0\u00bb.<\/p>\n<p>\u00ab\u00a0A elei\u00e7\u00e3o de um novo presidente da Rep\u00fablica em Fran\u00e7a \u00e9 evidente que traz mudan\u00e7as, desde logo para a Fran\u00e7a, que seguir\u00e1 uma linha pol\u00edtica diferente, n\u00e3o vou fazer coment\u00e1rios sobre isso, como se compreende\u00a0\u00bb, declarou Pedro Passos Coelho aos jornalistas, \u00e0 entrada para a sess\u00e3o de entrega do pr\u00e9mio Leya 2011, no Pal\u00e1cio das Galveias, em Lisboa.<\/p>\n<p>O candidato do PS franc\u00eas, Fran\u00e7ois Hollande, venceu as elei\u00e7\u00f5es presidenciais de domingo com cerca de 51,6% dos votos, derrotando o candidato presidente Nicolas Sarkozy, que conseguiu um resultado de aproximadamente 48,3%.<\/p>\n<p>\u00ab\u00a0Julgo que o futuro da Europa n\u00e3o est\u00e1 estritamente ligado \u00e0 elei\u00e7\u00e3o francesa, mas \u00e0 vontade dos l\u00edderes europeus, em primeiro lugar, de aprofundarem o mercado interno, em segundo lugar, velarem pelo cumprimento das suas metas or\u00e7amentais, e em terceiro, garantirem que far\u00e3o as reformas que s\u00e3o necess\u00e1rias para que o crescimento possa regressar \u00e0 Europa\u00a0\u00bb, defendeu Passos.<\/p>\n<p>O chefe do Governo lembrou que na mensagem de felicita\u00e7\u00e3o que enviou a Hollande se disp\u00f4s, como \u00e9 sua \u00ab\u00a0obriga\u00e7\u00e3o\u00a0\u00bb, a \u00ab\u00a0colaborar muito proximamente\u00a0\u00bb com o novo presidente da Rep\u00fablica francesa: \u00ab\u00a0Como chefe do Governo portugu\u00eas h\u00e1 muitas mat\u00e9rias em que, quer do ponto de vista bilateral, quer europeu, precisamos de estar de acordo e conversar\u00a0\u00bb.<\/p>\n<p>J\u00e1 questionado sobre se com esta elei\u00e7\u00e3o em Fran\u00e7a espera mudan\u00e7as em rela\u00e7\u00e3o \u00e0 ratifica\u00e7\u00e3o do novo tratado intergovernamental, Passos ripostou que \u00ab\u00a0todo o caminho que a Europa tem vindo a fazer nos \u00faltimos anos \u00e9 em primeiro lugar o do reconhecimento das suas pr\u00f3prias dificuldades\u00a0\u00bb e considerou que \u00ab\u00a0o caminho da consolida\u00e7\u00e3o or\u00e7amental n\u00e3o est\u00e1 em causa\u00a0\u00bb. (fonte:JN) <\/p>\n<p style=\"text-align:center;\"><script type=\"text\/javascript\"><!--\ngoogle_ad_client = \"ca-pub-2727717456356200\";\n\/* CulturaLusa 468x60 *\/\ngoogle_ad_slot = \"2785499263\";\ngoogle_ad_width = 468;\ngoogle_ad_height = 60;\n\/\/-->\n<\/script><br \/>\n<script type=\"text\/javascript\"\nsrc=\"http:\/\/pagead2.googlesyndication.com\/pagead\/show_ads.js\">\n<\/script><\/p>\n","protected":false},"excerpt":{"rendered":"<p>Le Premier ministre portugais a consid\u00e9r\u00e9, que \u00ab\u00a0l&rsquo;avenir de l&rsquo;Europe n&rsquo;est pas strictement\u00a0\u00bb li\u00e9 \u00e0 l&rsquo;\u00e9lection de Fran\u00e7ois Hollande, mais \u00ab\u00a0\u00e0 la volont\u00e9 des dirigeants europ\u00e9ens\u00a0\u00bb, et que \u00ab\u00a0la voie de la consolidation budg\u00e9taire n&rsquo;est pas en cause\u00a0\u00bb. \u00ab\u00a0Il est \u00e9vident que l&rsquo;\u00e9lection d&rsquo;un nouveau pr\u00e9sident en France apporte un changement, en France, et qui [&hellip;]<\/p>\n","protected":false},"author":1,"featured_media":0,"comment_status":"open","ping_status":"closed","sticky":false,"template":"","format":"standard","meta":{"footnotes":""},"categories":[3],"tags":[],"class_list":["post-508","post","type-post","status-publish","format-standard","hentry","category-portugal"],"aioseo_notices":[],"_links":{"self":[{"href":"https:\/\/www.culturalusa.com\/news\/wp-json\/wp\/v2\/posts\/508","targetHints":{"allow":["GET"]}}],"collection":[{"href":"https:\/\/www.culturalusa.com\/news\/wp-json\/wp\/v2\/posts"}],"about":[{"href":"https:\/\/www.culturalusa.com\/news\/wp-json\/wp\/v2\/types\/post"}],"author":[{"embeddable":true,"href":"https:\/\/www.culturalusa.com\/news\/wp-json\/wp\/v2\/users\/1"}],"replies":[{"embeddable":true,"href":"https:\/\/www.culturalusa.com\/news\/wp-json\/wp\/v2\/comments?post=508"}],"version-history":[{"count":0,"href":"https:\/\/www.culturalusa.com\/news\/wp-json\/wp\/v2\/posts\/508\/revisions"}],"wp:attachment":[{"href":"https:\/\/www.culturalusa.com\/news\/wp-json\/wp\/v2\/media?parent=508"}],"wp:term":[{"taxonomy":"category","embeddable":true,"href":"https:\/\/www.culturalusa.com\/news\/wp-json\/wp\/v2\/categories?post=508"},{"taxonomy":"post_tag","embeddable":true,"href":"https:\/\/www.culturalusa.com\/news\/wp-json\/wp\/v2\/tags?post=508"}],"curies":[{"name":"wp","href":"https:\/\/api.w.org\/{rel}","templated":true}]}}