{"id":518,"date":"2012-05-10T01:18:43","date_gmt":"2012-05-09T23:18:43","guid":{"rendered":"http:\/\/www.culturalusa.com\/news\/?p=518"},"modified":"2012-05-10T15:19:36","modified_gmt":"2012-05-10T13:19:36","slug":"passos-coelho-et-mariano-rajoy-solidaires-aux-defis-exigeants","status":"publish","type":"post","link":"https:\/\/www.culturalusa.com\/news\/portugal\/passos-coelho-et-mariano-rajoy-solidaires-aux-defis-exigeants\/","title":{"rendered":"Passos Coelho et Mariano Rajoy solidaires aux d\u00e9fis exigeants"},"content":{"rendered":"<figure id=\"attachment_520\" aria-describedby=\"caption-attachment-520\" style=\"width: 275px\" class=\"wp-caption alignleft\"><img loading=\"lazy\" decoding=\"async\" src=\"http:\/\/www.culturalusa.com\/news\/wp-content\/uploads\/2012\/05\/Passos-et-Rajoy-275x162.jpg\" alt=\"\" title=\"Passos et Rajoy\" width=\"275\" height=\"162\" class=\"size-medium wp-image-520\" \/><figcaption id=\"caption-attachment-520\" class=\"wp-caption-text\">Passos Coelho et Mariano Rajoy<\/figcaption><\/figure><strong>\u00ab\u00a0Nous sommes confront\u00e9s \u00e0 des d\u00e9fis exigeants\u00a0\u00bb, d\u00e9clare Passos Coelho<\/strong>.<\/p>\n<p>\u00ab\u00a0Nous avons besoin de d\u00e9penser mieux et d&rsquo;une mani\u00e8re plus efficace les fonds de l&rsquo;Union Europ\u00e9enne\u00a0\u00bb, at-il ajout\u00e9, lors de la cl\u00f4ture du XXV Sommet Luso-Espagnol, qui s&rsquo;est tenu trois ans apr\u00e8s Zamora.<\/p>\n<p>Lors du Sommet, l&rsquo;Espagne et le Portugal ont \u00e9labor\u00e9 un certain nombre d&rsquo;engagements dans des secteurs de l&rsquo;\u00e9nergie, des transports, de l&rsquo;environnement et de la justice, entre autres.<\/p>\n<p>Plusieurs accords et protocoles ont \u00e9t\u00e9 \u00e9galement sign\u00e9s, y compris un protocole d&rsquo;entente sur le fret ferroviaire de marchandises.<\/p>\n<p>Le Premier ministre portugais a d\u00e9clar\u00e9 \u00ab\u00a0qu&rsquo;il n&rsquo;y a pas de coh\u00e9sion et de solidarit\u00e9 sans responsabilit\u00e9. Comme il n&rsquo;y a pas de croissance sans assainissement des finances publiques.\u00a0\u00bb<\/p>\n<p>\u00ab\u00a0Nous faisons face \u00e0 des d\u00e9fis difficiles. Il est int\u00e9ressant de travailler ensemble\u00a0\u00bb, at-il dit, avant de passer la parole \u00e0 son homologue espagnol, Mariano Rajoy.<\/p>\n<p>Le TGV n&rsquo;a pas \u00e9t\u00e9 le sujet \u00e0 la une lors de la r\u00e9union. Les p\u00e9ages et de gaz naturel ont repris le r\u00f4le principal.<\/p>\n<p>Passos Coelho rejette que les politiques de croissance soient un nouveau sujet en Europe et arrive m\u00eame \u00e0 comprendre que les citoyens regardent plus vers cette partie du probl\u00e8me et se sentent g\u00ean\u00e9s avec l&rsquo;aust\u00e9rit\u00e9.<\/p>\n<p>\u00ab\u00a0Les r\u00e9formes au Portugal sont bas\u00e9es sur trois piliers: la r\u00e9forme du travail, comme cela s&rsquo;est produit en Espagne, le pari sur la mobilit\u00e9 des ressources humaines (la loi sur les loyers va le permettre) et l&rsquo;approfondissement du march\u00e9 int\u00e9rieur\u00a0\u00bb, a d\u00e9clar\u00e9 le Premier ministre portugais.<\/p>\n<p><img loading=\"lazy\" decoding=\"async\" class=\"alignleft size-full wp-image-180\" style=\"border: 0pt none;\" title=\"icon-pt\" src=\"http:\/\/www.culturalusa.com\/news\/wp-content\/uploads\/2012\/04\/icon-pt.gif\" alt=\"\" width=\"14\" height=\"14\" \/> <span style=\"color: #800000;\">Passos Coelho: \u00ab\u00a0Enfrentamos desafios exigentes\u00a0\u00bb<\/span><\/p>\n<p>\u201cPrecisamos de gastar melhor e de forma mais eficiente os fundos europeus\u201d, sublinhou Passos Coelho, no encerramento da XXV Cimeira Luso-Espanhola, tr\u00eas anos depois da realizada em Zamora.<\/p>\n<p>Durante a cimeira, Portugal e Espanha alcan\u00e7aram v\u00e1rios compromissos em sectores com a energia, os transportes, o ambiente e a justi\u00e7a, entre outros.<\/p>\n<p>Foram assinados ainda v\u00e1rios acordos e protocolos, incluindo um memorando de entendimento sobre transporte ferrovi\u00e1rio de mercadorias.<\/p>\n<p>O primeiro-ministro portugu\u00eas disse que \u201cn\u00e3o h\u00e1 coes\u00e3o e solidariedade sem responsabilidade. Assim como n\u00e3o h\u00e1 crescimento sem consolida\u00e7\u00e3o or\u00e7amental\u00a0\u00bb.<\/p>\n<p>\u00ab\u00a0Enfrentamos desafios exigentes. Vale a pena trabalhar em conjunto\u00a0\u00bb, disse, antes de passar a palavra ao seu hom\u00f3logo espanhol, Mariano Rajoy.<\/p>\n<p>O TGV j\u00e1 n\u00e3o foi o ponto alto do encontro. As portagens e o g\u00e1s natural assumiram o papel principal.<\/p>\n<p>Passos Coelho rejeita que as pol\u00edticas de crescimento sejam um tema novo na Europa e at\u00e9 compreende que os cidad\u00e3os olhem mais para este lado do problema e se sintam constrangidos com a austeridade.<\/p>\n<p>\u00ab\u00a0As reformas em Portugal est\u00e3o assentes em tr\u00eas eixos: reforma laboral, como aconteceu em Espanha, aposta na mobilidade dos recursos humanos (lei das rendas vai permiti-lo) e aprofundamento do mercado interno\u00a0\u00bb, disse o primeiro-ministro portugu\u00eas.<\/p>\n<p style=\"text-align:center;\"><script type=\"text\/javascript\"><!--\ngoogle_ad_client = \"ca-pub-2727717456356200\";\n\/* CulturaLusa 468x60 *\/\ngoogle_ad_slot = \"2785499263\";\ngoogle_ad_width = 468;\ngoogle_ad_height = 60;\n\/\/-->\n<\/script><br \/>\n<script type=\"text\/javascript\"\nsrc=\"http:\/\/pagead2.googlesyndication.com\/pagead\/show_ads.js\">\n<\/script><\/p>\n","protected":false},"excerpt":{"rendered":"<p>\u00ab\u00a0Nous sommes confront\u00e9s \u00e0 des d\u00e9fis exigeants\u00a0\u00bb, d\u00e9clare Passos Coelho. \u00ab\u00a0Nous avons besoin de d\u00e9penser mieux et d&rsquo;une mani\u00e8re plus efficace les fonds de l&rsquo;Union Europ\u00e9enne\u00a0\u00bb, at-il ajout\u00e9, lors de la cl\u00f4ture du XXV Sommet Luso-Espagnol, qui s&rsquo;est tenu trois ans apr\u00e8s Zamora. Lors du Sommet, l&rsquo;Espagne et le Portugal ont \u00e9labor\u00e9 un certain nombre [&hellip;]<\/p>\n","protected":false},"author":1,"featured_media":0,"comment_status":"open","ping_status":"closed","sticky":false,"template":"","format":"standard","meta":{"footnotes":""},"categories":[3],"tags":[],"class_list":["post-518","post","type-post","status-publish","format-standard","hentry","category-portugal"],"aioseo_notices":[],"_links":{"self":[{"href":"https:\/\/www.culturalusa.com\/news\/wp-json\/wp\/v2\/posts\/518","targetHints":{"allow":["GET"]}}],"collection":[{"href":"https:\/\/www.culturalusa.com\/news\/wp-json\/wp\/v2\/posts"}],"about":[{"href":"https:\/\/www.culturalusa.com\/news\/wp-json\/wp\/v2\/types\/post"}],"author":[{"embeddable":true,"href":"https:\/\/www.culturalusa.com\/news\/wp-json\/wp\/v2\/users\/1"}],"replies":[{"embeddable":true,"href":"https:\/\/www.culturalusa.com\/news\/wp-json\/wp\/v2\/comments?post=518"}],"version-history":[{"count":0,"href":"https:\/\/www.culturalusa.com\/news\/wp-json\/wp\/v2\/posts\/518\/revisions"}],"wp:attachment":[{"href":"https:\/\/www.culturalusa.com\/news\/wp-json\/wp\/v2\/media?parent=518"}],"wp:term":[{"taxonomy":"category","embeddable":true,"href":"https:\/\/www.culturalusa.com\/news\/wp-json\/wp\/v2\/categories?post=518"},{"taxonomy":"post_tag","embeddable":true,"href":"https:\/\/www.culturalusa.com\/news\/wp-json\/wp\/v2\/tags?post=518"}],"curies":[{"name":"wp","href":"https:\/\/api.w.org\/{rel}","templated":true}]}}