{"id":524,"date":"2012-05-14T00:51:21","date_gmt":"2012-05-13T22:51:21","guid":{"rendered":"http:\/\/www.culturalusa.com\/news\/?p=524"},"modified":"2012-05-14T00:51:21","modified_gmt":"2012-05-13T22:51:21","slug":"limpasse-politique-en-grece-inquiete-les-ministres-de-la-zone-euro","status":"publish","type":"post","link":"https:\/\/www.culturalusa.com\/news\/portugal\/limpasse-politique-en-grece-inquiete-les-ministres-de-la-zone-euro\/","title":{"rendered":"L&rsquo;impasse politique en Gr\u00e8ce inqui\u00e8te les Ministres de la zone Euro"},"content":{"rendered":"<figure id=\"attachment_525\" aria-describedby=\"caption-attachment-525\" style=\"width: 275px\" class=\"wp-caption alignleft\"><img loading=\"lazy\" decoding=\"async\" class=\"size-medium wp-image-525\" title=\"europa\" src=\"http:\/\/www.culturalusa.com\/news\/wp-content\/uploads\/2012\/05\/europa-275x158.jpg\" alt=\"\" width=\"275\" height=\"158\" \/><figcaption id=\"caption-attachment-525\" class=\"wp-caption-text\">Zone Euro<\/figcaption><\/figure>\n<p><strong>Les Ministres des Finances de la zone Euro sont inquiets sur les questions politiques en Gr\u00e8ce<\/strong>.<\/p>\n<p>L&rsquo;impasse politique en Gr\u00e8ce va dominer la prochaine r\u00e9union \u00e0 Bruxelles des ministres des Finances, de la Zone Euro.<\/p>\n<p>Le moment politique en France est aussi perturb\u00e9, apr\u00e8s les \u00e9lections pr\u00e9sidentielles. La d\u00e9mission du gouvernement n\u00e9erlandais et la grande incertitude quant \u00e0 la capacit\u00e9 de l&rsquo;Espagne de pouvoir honorer ses objectifs budg\u00e9taires, sont des sujets qui pr\u00e9occupent l&rsquo;Eurogroupe. La r\u00e9union aura avant tout du contenu politique.<\/p>\n<p>Les ministres des Finances des 17 devront envoyer un message tr\u00e8s dur \u00e0 Ath\u00e8nes sur la sortie possible du pays de la zone Euro.<\/p>\n<p>Le ministre allemand Wolfgang Sch\u00e4uble a d\u00e9clar\u00e9 que tout a \u00e9t\u00e9 fait \u00ab\u00a0tout ce qui \u00e9tait possible\u00a0\u00bb pour sauver la Gr\u00e8ce de la faillite, mais que \u00ab\u00a0le pays doit comprendre qu&rsquo;il est n\u00e9cessaire de respecter ses engagements\u00a0\u00bb.<\/p>\n<p>La situation du Portugal sera \u00e9galement discut\u00e9e lors d&rsquo;une r\u00e9union qui aura la participation du ministre portugais des Finances, Vitor Gaspar.<\/p>\n<p><img loading=\"lazy\" decoding=\"async\" class=\"alignleft size-full wp-image-180\" style=\"border: 0pt none;\" title=\"icon-pt\" src=\"http:\/\/www.culturalusa.com\/news\/wp-content\/uploads\/2012\/04\/icon-pt.gif\" alt=\"\" width=\"14\" height=\"14\" \/> <span style=\"color: #800000;\">Ministros das Finan\u00e7as dos 17 pa\u00edses da Zona Euro preocupados com quest\u00f5es pol\u00edticas na Gr\u00e9cia.<\/span><\/p>\n<p>O impasse pol\u00edtico na Gr\u00e9cia vai dominar a proxima reuni\u00e3o, em Bruxelas, dos ministros das Finan\u00e7as da Zona Euro.<\/p>\n<p>O momento pol\u00edtico \u00e9 tamb\u00e9m conturbado em Fran\u00e7a depois das elei\u00e7\u00f5es Presidenciais. A demiss\u00e3o do Governo holand\u00eas e a grande incerteza sobre a capacidade de Espanha de honrar os objetivos or\u00e7amentais, s\u00e3o outros dos temas que preocupam o Eurogrupo. A reuni\u00e3o ter\u00e1 por isso um teor sobretudo pol\u00edtico.<\/p>\n<p>Os ministros das Finan\u00e7as dos 17 dever\u00e3o enviar uma mensagem muito dura a Atenas sobre a poss\u00edvel sa\u00edda do pa\u00eds da zona Euro.<\/p>\n<p>O ministro alem\u00e3o Wolfgang Sch\u00e4uble disse que se fez \u00ab\u00a0tudo o que foi poss\u00edvel\u00a0\u00bb para salvar a Gr\u00e9cia da bancarrota, mas que \u00ab\u00a0o pa\u00eds tem de compreender que \u00e9 necess\u00e1rio respeitar os seus compromissos\u00a0\u00bb, e disse ainda que a \u00ab\u00a0Zona euro tem condi\u00e7\u00f5es para suportar sa\u00edda da Gr\u00e9cia\u00a0\u00bb.<\/p>\n<p>A situa\u00e7\u00e3o de Portugal tamb\u00e9m vai ser discutida, numa reuni\u00e3o que conta com a presen\u00e7a do ministro portugu\u00eas das Finan\u00e7as, V\u00edtor Gaspar.<\/p>\n<p style=\"text-align:center;\"><script type=\"text\/javascript\"><!--\ngoogle_ad_client = \"ca-pub-2727717456356200\";\n\/* CulturaLusa 468x60 *\/\ngoogle_ad_slot = \"2785499263\";\ngoogle_ad_width = 468;\ngoogle_ad_height = 60;\n\/\/-->\n<\/script><br \/>\n<script type=\"text\/javascript\"\nsrc=\"http:\/\/pagead2.googlesyndication.com\/pagead\/show_ads.js\">\n<\/script><\/p>\n","protected":false},"excerpt":{"rendered":"<p>Les Ministres des Finances de la zone Euro sont inquiets sur les questions politiques en Gr\u00e8ce. L&rsquo;impasse politique en Gr\u00e8ce va dominer la prochaine r\u00e9union \u00e0 Bruxelles des ministres des Finances, de la Zone Euro. Le moment politique en France est aussi perturb\u00e9, apr\u00e8s les \u00e9lections pr\u00e9sidentielles. La d\u00e9mission du gouvernement n\u00e9erlandais et la grande [&hellip;]<\/p>\n","protected":false},"author":1,"featured_media":0,"comment_status":"open","ping_status":"closed","sticky":false,"template":"","format":"standard","meta":{"footnotes":""},"categories":[3],"tags":[],"class_list":["post-524","post","type-post","status-publish","format-standard","hentry","category-portugal"],"aioseo_notices":[],"_links":{"self":[{"href":"https:\/\/www.culturalusa.com\/news\/wp-json\/wp\/v2\/posts\/524","targetHints":{"allow":["GET"]}}],"collection":[{"href":"https:\/\/www.culturalusa.com\/news\/wp-json\/wp\/v2\/posts"}],"about":[{"href":"https:\/\/www.culturalusa.com\/news\/wp-json\/wp\/v2\/types\/post"}],"author":[{"embeddable":true,"href":"https:\/\/www.culturalusa.com\/news\/wp-json\/wp\/v2\/users\/1"}],"replies":[{"embeddable":true,"href":"https:\/\/www.culturalusa.com\/news\/wp-json\/wp\/v2\/comments?post=524"}],"version-history":[{"count":0,"href":"https:\/\/www.culturalusa.com\/news\/wp-json\/wp\/v2\/posts\/524\/revisions"}],"wp:attachment":[{"href":"https:\/\/www.culturalusa.com\/news\/wp-json\/wp\/v2\/media?parent=524"}],"wp:term":[{"taxonomy":"category","embeddable":true,"href":"https:\/\/www.culturalusa.com\/news\/wp-json\/wp\/v2\/categories?post=524"},{"taxonomy":"post_tag","embeddable":true,"href":"https:\/\/www.culturalusa.com\/news\/wp-json\/wp\/v2\/tags?post=524"}],"curies":[{"name":"wp","href":"https:\/\/api.w.org\/{rel}","templated":true}]}}