{"id":5253,"date":"2019-04-10T11:29:04","date_gmt":"2019-04-10T09:29:04","guid":{"rendered":"https:\/\/www.culturalusa.com\/news\/?p=5253"},"modified":"2019-04-10T11:29:21","modified_gmt":"2019-04-10T09:29:21","slug":"les-previsions-du-gouvernement-en-matiere-de-croissance-et-dinflation-pour-2019","status":"publish","type":"post","link":"https:\/\/www.culturalusa.com\/news\/economie\/les-previsions-du-gouvernement-en-matiere-de-croissance-et-dinflation-pour-2019\/","title":{"rendered":"Les pr\u00e9visions du gouvernement en mati\u00e8re de croissance et d&rsquo;inflation pour 2019"},"content":{"rendered":"<p><img decoding=\"async\" src=\"https:\/\/www.culturalusa.com\/news\/wp-content\/uploads\/2019\/04\/conseil-finances-publiques.jpg\" alt=\"\" width=\"100%\" class=\"aligncenter size-full wp-image-5254\" srcset=\"https:\/\/www.culturalusa.com\/news\/wp-content\/uploads\/2019\/04\/conseil-finances-publiques.jpg 600w, https:\/\/www.culturalusa.com\/news\/wp-content\/uploads\/2019\/04\/conseil-finances-publiques-275x148.jpg 275w, https:\/\/www.culturalusa.com\/news\/wp-content\/uploads\/2019\/04\/conseil-finances-publiques-480x258.jpg 480w\" sizes=\"(max-width: 600px) 100vw, 600px\" \/>Le Haut Conseil des finances publiques (HCFP) juge \u00ab\u00a0r\u00e9alistes\u00a0\u00bb et \u00ab\u00a0plausibles\u00a0\u00bb les pr\u00e9visions du gouvernement en mati\u00e8re de croissance et d&rsquo;inflation dans le programme de stabilit\u00e9 2019-2022 pr\u00e9sent\u00e9 ce mercredi en conseil des ministres.<\/p>\n<p>Dans un avis publi\u00e9 pour les auditions de son pr\u00e9sident, Didier Migaud, par les commissions des Finances de l&rsquo;Assembl\u00e9e nationale puis du S\u00e9nat, le HCFP rel\u00e8ve toutefois que le document, comme l&rsquo;a reconnu lui-m\u00eame le gouvernement, \u00ab\u00a0a \u00e9t\u00e9 con\u00e7u ind\u00e9pendamment des suites qui pourront \u00eatre donn\u00e9es au grand d\u00e9bat national\u00a0\u00bb organis\u00e9 en r\u00e9ponse \u00e0 la crise des \u00ab\u00a0Gilets Jaunes\u00a0\u00bb.<\/p>\n<p>\u00ab\u00a0Les conditions de mise en oeuvre du Brexit constituent par ailleurs un al\u00e9a majeur sur les perspectives de croissance\u00a0\u00bb, indique-t-il, au moment o\u00f9 Londres tente d&rsquo;obtenir un nouveau d\u00e9lai pour \u00e9viter une sortie de l&rsquo;Union europ\u00e9enne sans accord.<\/p>\n<p>Le programme de stabilit\u00e9, un document annuel dressant la trajectoire des d\u00e9penses publiques et destin\u00e9 \u00e0 la Commission europ\u00e9enne, ent\u00e9rine la r\u00e9vision \u00e0 la baisse de la pr\u00e9vision de croissance pour 2019 annonc\u00e9e mi-mars par le ministre de l&rsquo;Economie et des Finances Bruno Le Maire.<\/p>\n<p>Le gouvernement table d\u00e9sormais sur une progression du PIB limit\u00e9e \u00e0 1,4% cette ann\u00e9e &#8211; contre une croissance de 1,7% pr\u00e9vue dans le budget &#8211; et s&rsquo;attend \u00e0 ce que l&rsquo;\u00e9conomie fran\u00e7aise conserve ce rythme en 2020, 2021 et 2022.<\/p>\n<p>Il a reconnu cependant qu&rsquo;une sortie du Royaume-Uni de l&rsquo;Union europ\u00e9enne sans accord \u00ab\u00a0aurait n\u00e9cessairement un impact \u00e9conomique plus important\u00a0\u00bb.<\/p>\n<p>S&rsquo;agissant des finances publiques, le programme de stabilit\u00e9 pr\u00e9voit que leur d\u00e9ficit remontera cette ann\u00e9e \u00e0 3,1% du PIB (apr\u00e8s 2,5% en 2018), soit moins que les 3,2% attendu depuis l&rsquo;annonce en d\u00e9cembre de mesures d&rsquo;urgence pour tenter de calmer le mouvement des \u00ab\u00a0Gilets jaunes\u00a0\u00bb, avec un impact ponctuel de 0,9 point d\u00fb \u00e0 la transformation du CICE (cr\u00e9dit d&rsquo;imp\u00f4t pour la comp\u00e9titivit\u00e9 et l&#8217;emploi) en baisse de charges p\u00e9renne.<\/p>\n<p>Apr\u00e8s ce d\u00e9rapage limit\u00e9 par rapport \u00e0 ses engagements europ\u00e9ens cette ann\u00e9e, la France ram\u00e8nerait son d\u00e9ficit public \u00e0 2,0% du PIB en 2020.<\/p>\n<p>Le r\u00e9tablissement des finances publiques serait toutefois plus lent que pr\u00e9vu \u00e0 l&rsquo;\u00e9chelle du quinquennat, avec un d\u00e9ficit anticip\u00e9 \u00e0 1,2% du PIB en 2022 et non plus \u00e0 0,3%, comme pr\u00e9vu \u00e0 l&rsquo;automne dernier au moment du d\u00e9but des travaux sur la loi de finances 2019.<\/p>\n<p>Dans son avis, le HCFP consid\u00e8re que les pr\u00e9visions de croissance, d\u2019emploi et de masse salariale pour 2019, revues en baisse par rapport au projet de loi de finances vot\u00e9 fin 2018, sont \u00ab\u00a0r\u00e9alistes\u00a0\u00bb.<\/p>\n<p>\u00ab\u00a0Les pr\u00e9visions concernant l\u2019inflation sont plausibles\u00a0\u00bb, ajoute-t-il.<\/p>\n<p>Quant aux nouvelles pr\u00e9visions de croissance \u00e0 l&rsquo;horizon 2022, elles aussi revues \u00e0 la baisse, il juge qu&rsquo;elles constituent \u00ab\u00a0une base raisonnable pour \u00e9tablir une trajectoire pluriannuelle de finances publiques.\u00a0\u00bb<\/p>\n<p>Le Haut Conseil souligne enfin que la baisse \u00ab\u00a0sensiblement moindre\u00a0\u00bb des d\u00e9ficits affich\u00e9e par rapport au pr\u00e9c\u00e9dent programme de stabilit\u00e9, \u00ab\u00a0rend d\u2019autant plus n\u00e9cessaire un strict respect des objectifs de d\u00e9pense publique.\u00a0\u00bb (Reuters)<\/p>\n","protected":false},"excerpt":{"rendered":"<p>Le Haut Conseil des finances publiques (HCFP) juge \u00ab\u00a0r\u00e9alistes\u00a0\u00bb et \u00ab\u00a0plausibles\u00a0\u00bb les pr\u00e9visions du gouvernement en mati\u00e8re de croissance et d&rsquo;inflation dans le programme de stabilit\u00e9 2019-2022 pr\u00e9sent\u00e9 ce mercredi en conseil des ministres. Dans un avis publi\u00e9 pour les auditions de son pr\u00e9sident, Didier Migaud, par les commissions des Finances de l&rsquo;Assembl\u00e9e nationale puis [&hellip;]<\/p>\n","protected":false},"author":1,"featured_media":0,"comment_status":"open","ping_status":"closed","sticky":false,"template":"","format":"standard","meta":{"footnotes":""},"categories":[1],"tags":[990,94],"class_list":["post-5253","post","type-post","status-publish","format-standard","hentry","category-economie","tag-croissance","tag-inflation"],"aioseo_notices":[],"_links":{"self":[{"href":"https:\/\/www.culturalusa.com\/news\/wp-json\/wp\/v2\/posts\/5253","targetHints":{"allow":["GET"]}}],"collection":[{"href":"https:\/\/www.culturalusa.com\/news\/wp-json\/wp\/v2\/posts"}],"about":[{"href":"https:\/\/www.culturalusa.com\/news\/wp-json\/wp\/v2\/types\/post"}],"author":[{"embeddable":true,"href":"https:\/\/www.culturalusa.com\/news\/wp-json\/wp\/v2\/users\/1"}],"replies":[{"embeddable":true,"href":"https:\/\/www.culturalusa.com\/news\/wp-json\/wp\/v2\/comments?post=5253"}],"version-history":[{"count":0,"href":"https:\/\/www.culturalusa.com\/news\/wp-json\/wp\/v2\/posts\/5253\/revisions"}],"wp:attachment":[{"href":"https:\/\/www.culturalusa.com\/news\/wp-json\/wp\/v2\/media?parent=5253"}],"wp:term":[{"taxonomy":"category","embeddable":true,"href":"https:\/\/www.culturalusa.com\/news\/wp-json\/wp\/v2\/categories?post=5253"},{"taxonomy":"post_tag","embeddable":true,"href":"https:\/\/www.culturalusa.com\/news\/wp-json\/wp\/v2\/tags?post=5253"}],"curies":[{"name":"wp","href":"https:\/\/api.w.org\/{rel}","templated":true}]}}