{"id":5257,"date":"2019-04-10T11:35:17","date_gmt":"2019-04-10T09:35:17","guid":{"rendered":"https:\/\/www.culturalusa.com\/news\/?p=5257"},"modified":"2020-10-20T17:11:45","modified_gmt":"2020-10-20T15:11:45","slug":"president-du-medef-il-faut-retarder-lage-legal-de-la-retraite","status":"publish","type":"post","link":"https:\/\/www.culturalusa.com\/news\/actualite\/president-du-medef-il-faut-retarder-lage-legal-de-la-retraite\/","title":{"rendered":"Pr\u00e9sident du Medef : Il faut retarder l&rsquo;\u00e2ge l\u00e9gal de la retraite"},"content":{"rendered":"<p>Le pr\u00e9sident du Medef Geoffroy Roux de B\u00e9zieux a estim\u00e9 mercredi qu&rsquo;il fallait \u00ab\u00a0retarder l&rsquo;\u00e2ge l\u00e9gal de la retraite\u00a0\u00bb, actuellement de 62 ans.<\/p>\n<p>\u00ab\u00a0Les Fran\u00e7ais savent que le choix est simple: soit on baisse les pensions, soit on bouge l&rsquo;\u00e2ge l\u00e9gal\u00a0\u00bb, a soulign\u00e9 M. Roux de B\u00e9zieux sur CNews alors qu&rsquo;Emmanuel Macron avait promis durant sa campagne de ne pas toucher \u00e0 cet \u00e2ge l\u00e9gal.<\/p>\n<p>\u00ab\u00a0Dire aux Fran\u00e7ais qu&rsquo;on peut continuer avec un \u00e2ge l\u00e9gal \u00e0 62 ans, c&rsquo;est aller contre le simple bon sens de la d\u00e9mographie\u00a0\u00bb, selon le pr\u00e9sident de la premi\u00e8re organisation patronale, qui consid\u00e8re que le Haut Commissaire \u00e0 la r\u00e9forme des retraites, Jean-Paul Delevoye, est \u00ab\u00a0en train de mentir par omission\u00a0\u00bb.<\/p>\n<p>M. Delevoye a r\u00e9p\u00e9t\u00e9 dimanche qu&rsquo;il s&rsquo;en tenait \u00ab\u00a0aux engagements pris devant les partenaires sociaux en octobre dernier\u00a0\u00bb qui \u00ab\u00a0maintiennent la possibilit\u00e9 de partir \u00e0 la retraite \u00e0 partir de 62 ans dans le nouveau syst\u00e8me universel\u00a0\u00bb.<\/p>\n<p>La majorit\u00e9 peine de son c\u00f4t\u00e9 \u00e0 trouver un consensus sur le sujet. Les ministres de l&rsquo;Economie Bruno Le Maire et des Comptes publics G\u00e9rald Darmanin ont ainsi indiqu\u00e9 la semaine derni\u00e8re qu&rsquo;ils \u00e9taient ouverts \u00e0 une modification de l&rsquo;\u00e2ge de d\u00e9part \u00e0 la retraite, tout en r\u00e9cusant un conflit avec Jean-Paul Delevoye.<\/p>\n<p>\u00ab\u00a0On peut travailler plus vieux et en pleine forme\u00a0\u00bb, a encore jug\u00e9 M. Roux de B\u00e9zieux, interview\u00e9 par le journaliste Jean-Pierre Elkabbach, \u00e2g\u00e9 de 81 ans, qu&rsquo;il a qualifi\u00e9 d'\u00a0\u00bbexemple vivant\u00a0\u00bb d\u00e9montrant cette possibilit\u00e9. (AFP)<\/p>\n","protected":false},"excerpt":{"rendered":"<p>Le pr\u00e9sident du Medef Geoffroy Roux de B\u00e9zieux a estim\u00e9 mercredi qu&rsquo;il fallait \u00ab\u00a0retarder l&rsquo;\u00e2ge l\u00e9gal de la retraite\u00a0\u00bb, actuellement de 62 ans. \u00ab\u00a0Les Fran\u00e7ais savent que le choix est simple: soit on baisse les pensions, soit on bouge l&rsquo;\u00e2ge l\u00e9gal\u00a0\u00bb, a soulign\u00e9 M. Roux de B\u00e9zieux sur CNews alors qu&rsquo;Emmanuel Macron avait promis durant [&hellip;]<\/p>\n","protected":false},"author":1,"featured_media":5259,"comment_status":"open","ping_status":"closed","sticky":false,"template":"","format":"standard","meta":{"footnotes":""},"categories":[30],"tags":[991,992],"class_list":["post-5257","post","type-post","status-publish","format-standard","has-post-thumbnail","hentry","category-actualite","tag-medef","tag-retraite"],"aioseo_notices":[],"_links":{"self":[{"href":"https:\/\/www.culturalusa.com\/news\/wp-json\/wp\/v2\/posts\/5257","targetHints":{"allow":["GET"]}}],"collection":[{"href":"https:\/\/www.culturalusa.com\/news\/wp-json\/wp\/v2\/posts"}],"about":[{"href":"https:\/\/www.culturalusa.com\/news\/wp-json\/wp\/v2\/types\/post"}],"author":[{"embeddable":true,"href":"https:\/\/www.culturalusa.com\/news\/wp-json\/wp\/v2\/users\/1"}],"replies":[{"embeddable":true,"href":"https:\/\/www.culturalusa.com\/news\/wp-json\/wp\/v2\/comments?post=5257"}],"version-history":[{"count":0,"href":"https:\/\/www.culturalusa.com\/news\/wp-json\/wp\/v2\/posts\/5257\/revisions"}],"wp:featuredmedia":[{"embeddable":true,"href":"https:\/\/www.culturalusa.com\/news\/wp-json\/wp\/v2\/media\/5259"}],"wp:attachment":[{"href":"https:\/\/www.culturalusa.com\/news\/wp-json\/wp\/v2\/media?parent=5257"}],"wp:term":[{"taxonomy":"category","embeddable":true,"href":"https:\/\/www.culturalusa.com\/news\/wp-json\/wp\/v2\/categories?post=5257"},{"taxonomy":"post_tag","embeddable":true,"href":"https:\/\/www.culturalusa.com\/news\/wp-json\/wp\/v2\/tags?post=5257"}],"curies":[{"name":"wp","href":"https:\/\/api.w.org\/{rel}","templated":true}]}}