{"id":526,"date":"2012-05-14T01:00:40","date_gmt":"2012-05-13T23:00:40","guid":{"rendered":"http:\/\/www.culturalusa.com\/news\/?p=526"},"modified":"2012-05-14T01:00:40","modified_gmt":"2012-05-13T23:00:40","slug":"les-pme-tres-sceptiques-concernant-le-programme-economique-de-hollande","status":"publish","type":"post","link":"https:\/\/www.culturalusa.com\/news\/economie\/les-pme-tres-sceptiques-concernant-le-programme-economique-de-hollande\/","title":{"rendered":"Les PME tr\u00e8s sceptiques concernant le programme \u00e9conomique de Hollande"},"content":{"rendered":"<figure id=\"attachment_504\" aria-describedby=\"caption-attachment-504\" style=\"width: 275px\" class=\"wp-caption alignleft\"><img loading=\"lazy\" decoding=\"async\" class=\"size-medium wp-image-504 \" title=\"francois hollande\" src=\"http:\/\/www.culturalusa.com\/news\/wp-content\/uploads\/2012\/05\/francois-hollande-275x166.jpg\" alt=\"\" width=\"275\" height=\"166\" srcset=\"https:\/\/www.culturalusa.com\/news\/wp-content\/uploads\/2012\/05\/francois-hollande-275x166.jpg 275w, https:\/\/www.culturalusa.com\/news\/wp-content\/uploads\/2012\/05\/francois-hollande.jpg 380w\" sizes=\"auto, (max-width: 275px) 100vw, 275px\" \/><figcaption id=\"caption-attachment-504\" class=\"wp-caption-text\">Fran\u00e7ois Hollande<\/figcaption><\/figure>\n<p><strong>Programme \u00e9conomique de Hollande: les PME tr\u00e8s sceptiques<\/strong>.<\/p>\n<p>Pr\u00e8s des trois quarts des cadres et dirigeants de PME doutent de la capacit\u00e9 du pr\u00e9sident \u00e9lu Fran\u00e7ois Hollande \u00e0 relancer l&rsquo;\u00e9conomie, m\u00eame si certaines des mesures qu&rsquo;il propose sont jug\u00e9es positives, selon un sondage TMO R\u00e9gions pour Le Journal des entreprises dimanche.<\/p>\n<p>Seuls 24% des sond\u00e9s disent faire confiance au nouveau pr\u00e9sident en mati\u00e8re \u00e9conomique, quand 73% d&rsquo;entre eux affirment le contraire, rel\u00e8ve ce mensuel \u00e9conomique implant\u00e9 en r\u00e9gions et \u00e9dit\u00e9 par le T\u00e9l\u00e9gramme.<\/p>\n<p>Dans le d\u00e9tail, 79% des dirigeants de PME jugent que l&rsquo;arriv\u00e9e du dirigeant socialiste \u00e0 l&rsquo;Elys\u00e9e n&rsquo;est pas une bonne chose pour sortir de la crise de la dette, et 74% qu&rsquo;elle ne permettra pas de r\u00e9duire le ch\u00f4mage.<\/p>\n<p>Toutefois, \u00ab\u00a0cet \u00e9lectorat, marqu\u00e9 \u00e0 droite, a d&rsquo;abord une posture id\u00e9ologique \u00e0 l&rsquo;\u00e9gard du nouveau pr\u00e9sident, plut\u00f4t qu&rsquo;un avis \u00e9conomique\u00a0\u00bb, note Jacques Bonneau, directeur associ\u00e9 de l&rsquo;institut TMO R\u00e9gions. En pratique, 59% des dirigeants estiment que l&rsquo;\u00e9lection ne changera rien pour leur PME elle-m\u00eame.<\/p>\n<p>Concernant les mesures annonc\u00e9es par M. Hollande, 60% des sond\u00e9s d\u00e9noncent le retour \u00e0 la retraite \u00e0 60 ans pour les carri\u00e8res commenc\u00e9es t\u00f4t et 55% s&rsquo;opposent \u00e0 l&rsquo;indexation du smic sur l&rsquo;inflation et la croissance.<\/p>\n<p>Mais la modulation de la fiscalit\u00e9 des entreprises en fonction de l&rsquo;investissement est pl\u00e9biscit\u00e9e \u00e0 59% (contre 33%) et la cr\u00e9ation d&rsquo;une banque publique d&rsquo;investissement est approuv\u00e9e \u00e0 51% (contre 31%). Le contrat de g\u00e9n\u00e9ration et le livret \u00e9pargne d&rsquo;industrie ne trouvent que 38% et 20% de d\u00e9tracteurs.<\/p>\n<p>En d\u00e9cembre, dans le cadre d&rsquo;une \u00e9tude similaire de TMO R\u00e9gions, 53% des sond\u00e9s avaient \u00e9mis un jugement n\u00e9gatif sur le bilan du pr\u00e9sident sortant Nicolas Sarkozy.<\/p>\n<p>Sondage r\u00e9alis\u00e9 en ligne entre les 9 et 11 mai, aupr\u00e8s d&rsquo;un \u00e9chantillon repr\u00e9sentatif de 1.021 cadres et dirigeants de PME. (AFP)<\/p>\n<p style=\"text-align:center;\"><script type=\"text\/javascript\"><!--\ngoogle_ad_client = \"ca-pub-2727717456356200\";\n\/* CulturaLusa 468x60 *\/\ngoogle_ad_slot = \"2785499263\";\ngoogle_ad_width = 468;\ngoogle_ad_height = 60;\n\/\/-->\n<\/script><br \/>\n<script type=\"text\/javascript\"\nsrc=\"http:\/\/pagead2.googlesyndication.com\/pagead\/show_ads.js\">\n<\/script><\/p>\n","protected":false},"excerpt":{"rendered":"<p>Programme \u00e9conomique de Hollande: les PME tr\u00e8s sceptiques. Pr\u00e8s des trois quarts des cadres et dirigeants de PME doutent de la capacit\u00e9 du pr\u00e9sident \u00e9lu Fran\u00e7ois Hollande \u00e0 relancer l&rsquo;\u00e9conomie, m\u00eame si certaines des mesures qu&rsquo;il propose sont jug\u00e9es positives, selon un sondage TMO R\u00e9gions pour Le Journal des entreprises dimanche. Seuls 24% des sond\u00e9s [&hellip;]<\/p>\n","protected":false},"author":1,"featured_media":0,"comment_status":"open","ping_status":"closed","sticky":false,"template":"","format":"standard","meta":{"footnotes":""},"categories":[1],"tags":[42,43],"class_list":["post-526","post","type-post","status-publish","format-standard","hentry","category-economie","tag-dirigeants-pme","tag-programme-hollande"],"aioseo_notices":[],"_links":{"self":[{"href":"https:\/\/www.culturalusa.com\/news\/wp-json\/wp\/v2\/posts\/526","targetHints":{"allow":["GET"]}}],"collection":[{"href":"https:\/\/www.culturalusa.com\/news\/wp-json\/wp\/v2\/posts"}],"about":[{"href":"https:\/\/www.culturalusa.com\/news\/wp-json\/wp\/v2\/types\/post"}],"author":[{"embeddable":true,"href":"https:\/\/www.culturalusa.com\/news\/wp-json\/wp\/v2\/users\/1"}],"replies":[{"embeddable":true,"href":"https:\/\/www.culturalusa.com\/news\/wp-json\/wp\/v2\/comments?post=526"}],"version-history":[{"count":0,"href":"https:\/\/www.culturalusa.com\/news\/wp-json\/wp\/v2\/posts\/526\/revisions"}],"wp:attachment":[{"href":"https:\/\/www.culturalusa.com\/news\/wp-json\/wp\/v2\/media?parent=526"}],"wp:term":[{"taxonomy":"category","embeddable":true,"href":"https:\/\/www.culturalusa.com\/news\/wp-json\/wp\/v2\/categories?post=526"},{"taxonomy":"post_tag","embeddable":true,"href":"https:\/\/www.culturalusa.com\/news\/wp-json\/wp\/v2\/tags?post=526"}],"curies":[{"name":"wp","href":"https:\/\/api.w.org\/{rel}","templated":true}]}}