{"id":5275,"date":"2019-04-16T11:54:11","date_gmt":"2019-04-16T09:54:11","guid":{"rendered":"https:\/\/www.culturalusa.com\/news\/?p=5275"},"modified":"2020-10-20T17:05:24","modified_gmt":"2020-10-20T15:05:24","slug":"un-grand-incendie-frappe-la-cathedrale-notre-dame-de-paris","status":"publish","type":"post","link":"https:\/\/www.culturalusa.com\/news\/actualite\/un-grand-incendie-frappe-la-cathedrale-notre-dame-de-paris\/","title":{"rendered":"Un grand incendie frappe la cath\u00e9drale Notre-Dame de Paris"},"content":{"rendered":"<p>L&rsquo;incendie de la cath\u00e9drale Notre-Dame, touch\u00e9 par un incendie majeur qui a d\u00e9but\u00e9 lundi, a \u00e9t\u00e9 d\u00e9clar\u00e9 \u00e9teint mardi, selon un porte-parole des pompiers de Paris.<\/p>\n<p>\u00ab\u00a0Le feu a \u00e9t\u00e9 \u00e9teint dans son int\u00e9gralit\u00e9. Maintenant, c\u2019est le domaine des experts\u00a0\u00bb, a d\u00e9clar\u00e9 Gabriel Plus lors d\u2019une conf\u00e9rence de presse devant la cath\u00e9drale de Paris.<\/p>\n<p>Le porte-parole des pompiers de Paris a d\u00e9clar\u00e9 que les services d&rsquo;urgence \u00ab\u00a0\u00e9tudient actuellement le mouvement des structures et \u00e9teignent les foyers r\u00e9siduels\u00a0\u00bb et que des centaines de pompiers continueront \u00e0 travailler toute la journ\u00e9e.<\/p>\n<p>Certaines \u0153uvres d&rsquo;art seront \u00e9galement supprim\u00e9es du site avec l&rsquo;aide d&rsquo;experts.<\/p>\n<p>Gabriel Plus a \u00e9galement d\u00e9clar\u00e9 qu&rsquo;un \u00ab\u00a0violent incendie\u00a0\u00bb s&rsquo;\u00e9tait propag\u00e9 \u00ab\u00a0tr\u00e8s rapidement sur tout le toit\u00a0\u00bb \u00e0 environ 1 000 m\u00e8tres carr\u00e9s.<\/p>\n<p>L\u2019incendie de la cath\u00e9drale Notre-Dame, l\u2019un des \u00e9difices embl\u00e9matiques de Paris et de son art gothique, a d\u00e9but\u00e9 lundi vers 18h50, heure locale.<\/p>\n<p>Les pompiers ont annonc\u00e9 que la structure \u00e9tait \u00ab\u00a0pr\u00e9serv\u00e9e dans son int\u00e9gralit\u00e9\u00a0\u00bb, mais ils n&rsquo;ont pas \u00e9t\u00e9 en mesure de pr\u00e9dire la dur\u00e9e des combats, qui impliquent des centaines de soldats.<\/p>\n<p>Le parquet de Paris a d\u00e9clar\u00e9 que les enqu\u00eateurs consid\u00e9raient l&rsquo;incendie comme un accident.<\/p>\n<p>Sur le site, le pr\u00e9sident fran\u00e7ais, Emmanuel Macron, a d\u00e9clar\u00e9 que le pire avait \u00e9t\u00e9 \u00e9vit\u00e9 et a promis que la cath\u00e9drale du XIIe si\u00e8cle serait reconstruite.<\/p>\n<p>La trag\u00e9die de Notre-Dame a g\u00e9n\u00e9r\u00e9 des messages de regret et de solidarit\u00e9 de la part des chefs d&rsquo;\u00c9tat et de gouvernement de plusieurs pays, dont le Portugal, ainsi que du Vatican et des Nations Unies.<\/p>\n<p>\u00ab\u00a0B\u00e2timent majestueux et sublime\u00a0\u00bb, comme l&rsquo;\u00e9crivain fran\u00e7ais Victor Hugo \u00e9crivait dans son roman \u00ab\u00a0Notre-Dame de Paris\u00a0\u00bb en 1831, la cath\u00e9drale fut construite en 1163 et commen\u00e7a sa fonction religieuse en 1182.<\/p>\n<p><iframe loading=\"lazy\" width=\"100%\" height=\"370\" src=\"https:\/\/www.youtube.com\/embed\/xGbmWOfdXcQ\" frameborder=\"0\" allow=\"accelerometer; autoplay; encrypted-media; gyroscope; picture-in-picture\" allowfullscreen><\/iframe><\/p>\n","protected":false},"excerpt":{"rendered":"<p>L&rsquo;incendie de la cath\u00e9drale Notre-Dame, touch\u00e9 par un incendie majeur qui a d\u00e9but\u00e9 lundi, a \u00e9t\u00e9 d\u00e9clar\u00e9 \u00e9teint mardi, selon un porte-parole des pompiers de Paris. \u00ab\u00a0Le feu a \u00e9t\u00e9 \u00e9teint dans son int\u00e9gralit\u00e9. Maintenant, c\u2019est le domaine des experts\u00a0\u00bb, a d\u00e9clar\u00e9 Gabriel Plus lors d\u2019une conf\u00e9rence de presse devant la cath\u00e9drale de Paris. Le [&hellip;]<\/p>\n","protected":false},"author":1,"featured_media":5276,"comment_status":"open","ping_status":"closed","sticky":false,"template":"","format":"standard","meta":{"footnotes":""},"categories":[30],"tags":[997,998],"class_list":["post-5275","post","type-post","status-publish","format-standard","has-post-thumbnail","hentry","category-actualite","tag-cathedrale-notre-dame","tag-notre-dame-de-paris"],"aioseo_notices":[],"_links":{"self":[{"href":"https:\/\/www.culturalusa.com\/news\/wp-json\/wp\/v2\/posts\/5275","targetHints":{"allow":["GET"]}}],"collection":[{"href":"https:\/\/www.culturalusa.com\/news\/wp-json\/wp\/v2\/posts"}],"about":[{"href":"https:\/\/www.culturalusa.com\/news\/wp-json\/wp\/v2\/types\/post"}],"author":[{"embeddable":true,"href":"https:\/\/www.culturalusa.com\/news\/wp-json\/wp\/v2\/users\/1"}],"replies":[{"embeddable":true,"href":"https:\/\/www.culturalusa.com\/news\/wp-json\/wp\/v2\/comments?post=5275"}],"version-history":[{"count":0,"href":"https:\/\/www.culturalusa.com\/news\/wp-json\/wp\/v2\/posts\/5275\/revisions"}],"wp:featuredmedia":[{"embeddable":true,"href":"https:\/\/www.culturalusa.com\/news\/wp-json\/wp\/v2\/media\/5276"}],"wp:attachment":[{"href":"https:\/\/www.culturalusa.com\/news\/wp-json\/wp\/v2\/media?parent=5275"}],"wp:term":[{"taxonomy":"category","embeddable":true,"href":"https:\/\/www.culturalusa.com\/news\/wp-json\/wp\/v2\/categories?post=5275"},{"taxonomy":"post_tag","embeddable":true,"href":"https:\/\/www.culturalusa.com\/news\/wp-json\/wp\/v2\/tags?post=5275"}],"curies":[{"name":"wp","href":"https:\/\/api.w.org\/{rel}","templated":true}]}}