{"id":5281,"date":"2019-04-23T20:29:36","date_gmt":"2019-04-23T18:29:36","guid":{"rendered":"https:\/\/www.culturalusa.com\/news\/?p=5281"},"modified":"2020-10-20T17:04:35","modified_gmt":"2020-10-20T15:04:35","slug":"a-lecole-petit-dejeuner-gratuit-letat-debloque-6-millions-deuros-en-2019","status":"publish","type":"post","link":"https:\/\/www.culturalusa.com\/news\/actualite\/a-lecole-petit-dejeuner-gratuit-letat-debloque-6-millions-deuros-en-2019\/","title":{"rendered":"\u00c0 l&rsquo;\u00e9cole: petit-d\u00e9jeuner gratuit, l&rsquo;Etat d\u00e9bloque 6 millions d&rsquo;euros en 2019"},"content":{"rendered":"<p>L&rsquo;Etat va financer les petits-d\u00e9jeuners gratuits \u00e0 l&rsquo;\u00e9cole \u00e0 hauteur de 6 millions d&rsquo;euros en 2019, ont annonc\u00e9 le ministre de l&rsquo;Education, Jean-Michel Blanquer, et la secr\u00e9taire d&rsquo;\u00c9tat aupr\u00e8s de la ministre de la Sant\u00e9, Christelle Dubos.<\/p>\n<p>Cette mesure fait partie des promesses inscrites dans le plan pauvret\u00e9, annonc\u00e9 en septembre dernier par le pr\u00e9sident de la R\u00e9publique, et concernera \u00e0 terme \u00ab\u00a0100.000 enfants\u00a0\u00bb dans les \u00ab\u00a0territoires prioritaires\u00a0\u00bb, pr\u00e9cisent les deux ministres dans un communiqu\u00e9.<\/p>\n<p>L&rsquo;initiative, d\u00e9j\u00e0 d\u00e9ploy\u00e9e dans huit acad\u00e9mies tests que sont Amiens, La R\u00e9union, Lille, Montpellier, Nantes, Reims, Toulouse, Versailles, sera \u00ab\u00a0g\u00e9n\u00e9ralis\u00e9e au mois de septembre \u00e0 l&rsquo;ensemble du territoire fran\u00e7ais\u00a0\u00bb.<\/p>\n<p>\u00ab\u00a0Nous touchons d\u00e9j\u00e0 40.000 enfants\u00a0\u00bb, a pr\u00e9cis\u00e9 Jean-Michel Blanquer \u00e0 BFMTV. Le dispositif doit s&rsquo;adresser \u00e0 terme aux \u00ab\u00a0enfants les plus d\u00e9favoris\u00e9s de France\u00a0\u00bb, a-t-il dit.<\/p>\n<p>\u00ab\u00a0L&rsquo;objectif est de permettre aux enfants de ne pas commencer la journ\u00e9e le ventre vide, de rester concentr\u00e9s pendant toute la matin\u00e9e et ainsi d&rsquo;apprendre dans les meilleures conditions\u00a0\u00bb, expliquent les deux ministres qui se sont rendus dans une \u00e9cole de l&rsquo;Oise mardi pour partager un petit-d\u00e9jeuner avec les \u00e9l\u00e8ves.<\/p>\n<p>\u00ab\u00a0Cette mesure participe \u00e0 la r\u00e9duction des in\u00e9galit\u00e9s, d\u00e8s le plus jeune \u00e2ge\u00a0\u00bb, ajoutent-ils.<br \/>\nLes \u00e9coles doivent \u00eatre volontaires et se situer dans une zone REP (r\u00e9seau d&rsquo;\u00e9ducation prioritaire), REP+ ou quartiers politique de la ville ou encore certaines zones rurales o\u00f9 \u00ab\u00a0le besoin social est identifi\u00e9\u00a0\u00bb.<\/p>\n<p>Le minist\u00e8re de l&rsquo;Education nationale pilotera ce dispositif qui sera budg\u00e9t\u00e9 \u00e0 hauteur de \u00ab\u00a012 millions d&rsquo;euros en ann\u00e9e pleine, d\u00e8s 2020\u00a0\u00bb.<br \/>\nCes petits-d\u00e9jeuners devront \u00eatre \u00ab\u00a0\u00e9quilibr\u00e9s et de qualit\u00e9\u00a0\u00bb, \u00ab\u00a0servis dans le respect des r\u00e8gles de s\u00e9curit\u00e9 et d&rsquo;hygi\u00e8ne alimentaire\u00a0\u00bb, \u00ab\u00a0ouverts \u00e0 tous les enfants\u00a0\u00bb et \u00ab\u00a0accompagn\u00e9s d&rsquo;une action d&rsquo;\u00e9ducation \u00e0 l&rsquo;alimentation\u00a0\u00bb.<\/p>\n<p>Le plan pauvret\u00e9 &#8212; dot\u00e9 de 8,5 milliards d&rsquo;euros &#8212; comprend \u00e9galement la cantine \u00e0 un euro mais aussi le revenu universel d&rsquo;activit\u00e9 (RUA) qui fusionnera \u00ab\u00a0le plus grand nombre possible de prestations\u00a0\u00bb, du RSA aux aides au logement, et dont \u00ab\u00a0l&rsquo;\u00c9tat sera enti\u00e8rement responsable\u00a0\u00bb, avait annonc\u00e9 Emmanuel Macron en septembre. (AFP)<\/p>\n","protected":false},"excerpt":{"rendered":"<p>L&rsquo;Etat va financer les petits-d\u00e9jeuners gratuits \u00e0 l&rsquo;\u00e9cole \u00e0 hauteur de 6 millions d&rsquo;euros en 2019, ont annonc\u00e9 le ministre de l&rsquo;Education, Jean-Michel Blanquer, et la secr\u00e9taire d&rsquo;\u00c9tat aupr\u00e8s de la ministre de la Sant\u00e9, Christelle Dubos. Cette mesure fait partie des promesses inscrites dans le plan pauvret\u00e9, annonc\u00e9 en septembre dernier par le pr\u00e9sident [&hellip;]<\/p>\n","protected":false},"author":1,"featured_media":5282,"comment_status":"open","ping_status":"closed","sticky":false,"template":"","format":"standard","meta":{"footnotes":""},"categories":[30],"tags":[1000,999],"class_list":["post-5281","post","type-post","status-publish","format-standard","has-post-thumbnail","hentry","category-actualite","tag-ecole","tag-petit-dejeuner"],"aioseo_notices":[],"_links":{"self":[{"href":"https:\/\/www.culturalusa.com\/news\/wp-json\/wp\/v2\/posts\/5281","targetHints":{"allow":["GET"]}}],"collection":[{"href":"https:\/\/www.culturalusa.com\/news\/wp-json\/wp\/v2\/posts"}],"about":[{"href":"https:\/\/www.culturalusa.com\/news\/wp-json\/wp\/v2\/types\/post"}],"author":[{"embeddable":true,"href":"https:\/\/www.culturalusa.com\/news\/wp-json\/wp\/v2\/users\/1"}],"replies":[{"embeddable":true,"href":"https:\/\/www.culturalusa.com\/news\/wp-json\/wp\/v2\/comments?post=5281"}],"version-history":[{"count":0,"href":"https:\/\/www.culturalusa.com\/news\/wp-json\/wp\/v2\/posts\/5281\/revisions"}],"wp:featuredmedia":[{"embeddable":true,"href":"https:\/\/www.culturalusa.com\/news\/wp-json\/wp\/v2\/media\/5282"}],"wp:attachment":[{"href":"https:\/\/www.culturalusa.com\/news\/wp-json\/wp\/v2\/media?parent=5281"}],"wp:term":[{"taxonomy":"category","embeddable":true,"href":"https:\/\/www.culturalusa.com\/news\/wp-json\/wp\/v2\/categories?post=5281"},{"taxonomy":"post_tag","embeddable":true,"href":"https:\/\/www.culturalusa.com\/news\/wp-json\/wp\/v2\/tags?post=5281"}],"curies":[{"name":"wp","href":"https:\/\/api.w.org\/{rel}","templated":true}]}}