{"id":5294,"date":"2019-04-24T23:19:50","date_gmt":"2019-04-24T21:19:50","guid":{"rendered":"https:\/\/www.culturalusa.com\/news\/?p=5294"},"modified":"2019-04-24T23:19:50","modified_gmt":"2019-04-24T21:19:50","slug":"france-plus-de-123-000-demandes-dasile-enregistrees-en-2018","status":"publish","type":"post","link":"https:\/\/www.culturalusa.com\/news\/economie\/france-plus-de-123-000-demandes-dasile-enregistrees-en-2018\/","title":{"rendered":"France : plus de 123.000 demandes d&rsquo;asile enregistr\u00e9es en 2018"},"content":{"rendered":"<p><img decoding=\"async\" src=\"https:\/\/www.culturalusa.com\/news\/wp-content\/uploads\/2019\/04\/demande-d-asile.jpg\" alt=\"\" width=\"100%\" height=\"330\" class=\"aligncenter size-full wp-image-5295\" srcset=\"https:\/\/www.culturalusa.com\/news\/wp-content\/uploads\/2019\/04\/demande-d-asile.jpg 600w, https:\/\/www.culturalusa.com\/news\/wp-content\/uploads\/2019\/04\/demande-d-asile-275x160.jpg 275w, https:\/\/www.culturalusa.com\/news\/wp-content\/uploads\/2019\/04\/demande-d-asile-480x280.jpg 480w\" sizes=\"(max-width: 600px) 100vw, 600px\" \/>Plus de 123.000 personnes ont demand\u00e9 l&rsquo;asile en France en 2018, selon les chiffres d\u00e9finitifs publi\u00e9s par l&rsquo;Ofpra qui font appara\u00eetre une forte hausse venue d&rsquo;Afghanistan, devenu premier pays de provenance des demandeurs d&rsquo;asile.<\/p>\n<p>Au total, 123.625 demandes ont \u00e9t\u00e9 enregistr\u00e9es par l&rsquo;Office fran\u00e7ais de protection des r\u00e9fugi\u00e9s et apatrides (Ofpra), soit une hausse de 22,7% par rapport \u00e0 2017, selon le rapport annuel de cet organisme.<\/p>\n<p>Parmi les demandeurs, \u00ab\u00a046.700 personnes se sont vu reconnaitre le statut de r\u00e9fugi\u00e9s ou la protection subsidiaire\u00a0\u00bb, soit \u00ab\u00a0un niveau jamais atteint \u00e0 l&rsquo;Ofpra\u00a0\u00bb, selon le rapport.<\/p>\n<p>Avec 10.370 dossiers d\u00e9pos\u00e9s, en hausse de 55% par rapport \u00e0 2017, l&rsquo;Afghanistan devient le premier pays de provenance des demandeurs d&rsquo;asile. L&rsquo;ann\u00e9e 2018 a \u00e9t\u00e9 la plus meurtri\u00e8re jamais enregistr\u00e9e pour les civils dans ce pays, avec 3.804 d\u00e9c\u00e8s en grande majorit\u00e9 imput\u00e9s aux groupes des talibans et de l&rsquo;Etat islamique, selon l&rsquo;ONU.<\/p>\n<p>La hausse de la demande, avance l&rsquo;Ofpra, s&rsquo;explique \u00ab\u00a0par la d\u00e9gradation de la situation s\u00e9curitaire dans les provinces d&rsquo;origine des demandeurs d&rsquo;asile du fait des combats entre des groupes insurg\u00e9s et les autorit\u00e9s, de la pr\u00e9sence de groupuscules se revendiquant de l&rsquo;organisation \u00c9tat islamique dans certains districts et de la poursuite des expulsions des membres de la diaspora afghane install\u00e9e au Pakistan et en Iran.\u00a0\u00bb<\/p>\n<p>L&rsquo;Albanie, premier pays de provenance en 2017, a elle connu une baisse de 27,6%, avec 9.683 demandeurs d&rsquo;asile. Si la demande reste forte, le taux de protection accord\u00e9 aux Albanais n&rsquo;est pas tr\u00e8s \u00e9lev\u00e9, remarque l&rsquo;Office.<\/p>\n<p>La plus forte croissance est enregistr\u00e9e par les personnes venues de G\u00e9orgie: 7.005 G\u00e9orgiens ont d\u00e9pos\u00e9 une demande en 2018, une hausse de 256%.<\/p>\n<p>En revanche, les demandes venues de Syrie, en guerre depuis 2011, ont baiss\u00e9 de 20%. Et celles du Soudan, o\u00f9 une contestation populaire a men\u00e9 au renversement par l&rsquo;arm\u00e9e du pr\u00e9sident Omar el-B\u00e9chir en avril, de 5%.<\/p>\n<p>Les premi\u00e8res demandes, si l&rsquo;on inclut les mineurs accompagnants, s&rsquo;\u00e9l\u00e8vent \u00e0 114.226 personnes, tandis que 9.399 personnes ont demand\u00e9 un r\u00e9examen ou une r\u00e9ouverture de leur dossier.<\/p>\n<p>Ces chiffres ne prennent pas en compte les demandes plac\u00e9es en proc\u00e9dure \u00ab\u00a0Dublin\u00a0\u00bb par les pr\u00e9fectures, c&rsquo;est-\u00e0-dire les personnes qui ont \u00e9t\u00e9 enregistr\u00e9es dans un autre pays lors de leur arriv\u00e9e en Europe, avant de venir en France.<\/p>\n<p>Enfin, le profil des personnes demandant l&rsquo;asile en France n&rsquo;\u00e9volue que l\u00e9g\u00e8rement, la proportion de femmes baissant l\u00e9g\u00e8rement (\u00e0 33,2%) tandis que 52,4% d&rsquo;entre elles sont c\u00e9libataires, avec un \u00e2ge moyen de 30,9 ans. (AFP)<\/p>\n","protected":false},"excerpt":{"rendered":"<p>Plus de 123.000 personnes ont demand\u00e9 l&rsquo;asile en France en 2018, selon les chiffres d\u00e9finitifs publi\u00e9s par l&rsquo;Ofpra qui font appara\u00eetre une forte hausse venue d&rsquo;Afghanistan, devenu premier pays de provenance des demandeurs d&rsquo;asile. Au total, 123.625 demandes ont \u00e9t\u00e9 enregistr\u00e9es par l&rsquo;Office fran\u00e7ais de protection des r\u00e9fugi\u00e9s et apatrides (Ofpra), soit une hausse de [&hellip;]<\/p>\n","protected":false},"author":1,"featured_media":0,"comment_status":"open","ping_status":"closed","sticky":false,"template":"","format":"standard","meta":{"footnotes":""},"categories":[1],"tags":[1004],"class_list":["post-5294","post","type-post","status-publish","format-standard","hentry","category-economie","tag-demande-dasile"],"aioseo_notices":[],"_links":{"self":[{"href":"https:\/\/www.culturalusa.com\/news\/wp-json\/wp\/v2\/posts\/5294","targetHints":{"allow":["GET"]}}],"collection":[{"href":"https:\/\/www.culturalusa.com\/news\/wp-json\/wp\/v2\/posts"}],"about":[{"href":"https:\/\/www.culturalusa.com\/news\/wp-json\/wp\/v2\/types\/post"}],"author":[{"embeddable":true,"href":"https:\/\/www.culturalusa.com\/news\/wp-json\/wp\/v2\/users\/1"}],"replies":[{"embeddable":true,"href":"https:\/\/www.culturalusa.com\/news\/wp-json\/wp\/v2\/comments?post=5294"}],"version-history":[{"count":0,"href":"https:\/\/www.culturalusa.com\/news\/wp-json\/wp\/v2\/posts\/5294\/revisions"}],"wp:attachment":[{"href":"https:\/\/www.culturalusa.com\/news\/wp-json\/wp\/v2\/media?parent=5294"}],"wp:term":[{"taxonomy":"category","embeddable":true,"href":"https:\/\/www.culturalusa.com\/news\/wp-json\/wp\/v2\/categories?post=5294"},{"taxonomy":"post_tag","embeddable":true,"href":"https:\/\/www.culturalusa.com\/news\/wp-json\/wp\/v2\/tags?post=5294"}],"curies":[{"name":"wp","href":"https:\/\/api.w.org\/{rel}","templated":true}]}}