{"id":544,"date":"2012-05-18T15:11:35","date_gmt":"2012-05-18T13:11:35","guid":{"rendered":"http:\/\/www.culturalusa.com\/news\/?p=544"},"modified":"2025-01-21T15:26:09","modified_gmt":"2025-01-21T14:26:09","slug":"rock-in-rio-le-plus-grand-evenement-de-la-musique","status":"publish","type":"post","link":"https:\/\/www.culturalusa.com\/news\/culture\/rock-in-rio-le-plus-grand-evenement-de-la-musique\/","title":{"rendered":"Rock in Rio est le plus grand \u00e9v\u00e9nement de la musique"},"content":{"rendered":"<h2>Rock in Rio est le plus grand \u00e9v\u00e9nement de la musique et du divertissement et poss\u00e8de d\u00e9j\u00e0 10 \u00e9ditions r\u00e9alis\u00e9es au Br\u00e9sil, Portugal et Espagne qui ont rassembl\u00e9 pr\u00e8s de 6 millions de personnes.<\/h2>\n<p>En utilisant la musique comme un langage universel unissant les gens dans le monde entier, Rock in Rio est un v\u00e9hicule de communication, d&rsquo;\u00e9motions et de causes. Un de ses piliers est le projet social, qui a comme partenaire au Portugal SIC Esperan\u00e7a.<\/p>\n<h3>Lanc\u00e9 en 2001, \u00e0 Rio de Janeiro, le projet POUR UN MONDE MEILLEUR est n\u00e9 \u00e0 travers la musique, attirant l&rsquo;attention des gens et les sensibiliser \u00e0 contribuer \u00e0 am\u00e9liorer des conditions sociales \u00e0 travers de simples gestes quotidiens.<\/h3>\n<p>A partir de l&rsquo;\u00e9dition portugaise de 2006, l&rsquo;organisation a constat\u00e9 que les questions environnementales \u00e9taient urgentes et a promu plusieurs actions sur les changements climatiques et le d\u00e9veloppement durable.<\/p>\n<p>Au cours des 10 derni\u00e8res ann\u00e9es, Rock in Rio a g\u00e9n\u00e9r\u00e9 11.853.000,00 millions d&rsquo;euros pour diverses actions socio-environnementales.<\/p>\n<p>C&rsquo;est la preuve que la d\u00e9cision et l&rsquo;engagement dans les petites actions de la vie quotidienne peuvent r\u00e9ellement faire du monde un endroit meilleur pour tous.<\/p>\n<p><img loading=\"lazy\" decoding=\"async\" class=\"alignleft size-full wp-image-180\" style=\"border: 0pt none;\" title=\"icon-pt\" src=\"http:\/\/www.culturalusa.com\/news\/wp-content\/uploads\/2012\/04\/icon-pt.gif\" alt=\"\" width=\"14\" height=\"14\" \/> O Rock in Rio \u00e9 o maior evento de m\u00fasica e entretenimento do mundo, contando j\u00e1 com 10 edi\u00e7\u00f5es realizadas no Brasil, Portugal e Espanha que reuniram perto de 6 milh\u00f5es de pessoas.<\/p>\n<p>Utilizando a m\u00fasica como linguagem universal que une as pessoas em todo o mundo, o Rock in Rio \u00e9 um ve\u00edculo de comunica\u00e7\u00e3o de emo\u00e7\u00f5es e causas. Um dos seus pilares \u00e9 o Projeto Social, que em Portugal tem como parceira a SIC Esperan\u00e7a.<\/p>\n<p>Lan\u00e7ado em 2001, no Rio de Janeiro, o Projeto POR UM MUNDO MELHOR nasceu para, atrav\u00e9s da m\u00fasica, chamar a aten\u00e7\u00e3o das pessoas e sensibiliz\u00e1-las para que ajudem a melhorar as condi\u00e7\u00f5es sociais atrav\u00e9s das mais simples atitudes quotidianas. A partir da edi\u00e7\u00e3o portuguesa de 2006 a organiza\u00e7\u00e3o considerou que as quest\u00f5es ambientais eram urgentes e promoveu diversas a\u00e7\u00f5es sobre as Altera\u00e7\u00f5es Clim\u00e1ticas e a Sustentabilidade.<\/p>\n<p>Ao longo dos \u00faltimos 10 anos, o Rock in Rio gerou 11.853.000 euros para diversas a\u00e7\u00f5es socio-ambientais. Essa \u00e9 a prova de que decis\u00e3o e compromisso com pequenas a\u00e7\u00f5es no dia a dia podem efetivamente fazer do mundo um lugar melhor para todos.<\/p>\n<p>At\u00e9 2013 o objetivo passa por expandir o evento para mais um pa\u00eds na Am\u00e9rica Latina e tornar o Rock in Rio uma das principais marcas mundiais de m\u00fasica, criando subprodutos da marca que possam estar presentes nos v\u00e1rios mercados onde o evento j\u00e1 se encontra.<\/p>\n<p>Festival Rock in Rio : <strong>Lisboa \u2013 Parque da Bela Vista<\/strong> du 25 mai au 3 juin 2012.<\/p>\n<table style=\"width: 100%;\">\n<tbody>\n<tr class=\"pink\">\n<td><\/td>\n<td style=\"vertical-align: top; border: 1px solid #993300;\">IN\u00cdCIO:<strong>19h00<\/strong><\/p>\n<p class=\"big\">METALLICA<\/p>\n<p class=\"medium_big\">EVANESCENCE<\/p>\n<p class=\"medium_big\">MASTODON<\/p>\n<p>SEPULTURA E TAMBOURS DU BRONX<\/td>\n<td style=\"vertical-align: top; border: 1px solid #993300;\">IN\u00cdCIO:<strong>17h00<\/strong><\/p>\n<p>Kreator +<br \/>\nAndreas Kisser<\/p>\n<p>M\u00e3o Morta +<br \/>\nPedro Laginha<\/p>\n<p>Ramp + Teratron<\/td>\n<td style=\"vertical-align: top; border: 1px solid #993300;\">IN\u00cdCIO:<strong>21h00<\/strong><\/p>\n<p class=\"medium\">chase and status dj set &amp; rage<\/p>\n<p class=\"medium_small\">dr lektroluv<\/p>\n<p>Life is a Loop<\/p>\n<p>Leo Janeiro<\/p>\n<p>tha lovely bastards<br \/>\n(mad mac e nuno lopes)<\/p>\n<p>Bis Boys Please<\/p>\n<p>MC Johnny Def<\/td>\n<td style=\"vertical-align: top; border: 1px solid #993300;\">IN\u00cdCIO:<strong>16h00<\/strong><\/p>\n<p>Bruce Henri &amp; Convidados<\/p>\n<p>Melech Mechaya<\/p>\n<p>Antwerp Gypsy-Ska Orkestra<\/p>\n<p>M\u00fasicos e artistas de rua<\/td>\n<td bgcolor=\"#993300\"><img loading=\"lazy\" decoding=\"async\" title=\"25 Maio\" src=\"http:\/\/www.culturalusa.com\/images\/25maio.png\" alt=\"25 Maio\" width=\"29\" height=\"98\" \/><\/td>\n<\/tr>\n<tr>\n<td><\/td>\n<td style=\"vertical-align: top; border: 1px solid #605302;\">IN\u00cdCIO:<strong>19h00<\/strong><\/p>\n<p>SMASHING PUMPKINS<\/p>\n<p>Linkin Park<\/p>\n<p>THE OFFSPRING<\/p>\n<p>LIMP BIZKIT<\/td>\n<td style=\"vertical-align: top; border: 1px solid #605302;\">IN\u00cdCIO:<strong>17h00<\/strong><\/p>\n<p>XUTOS &amp; TIT\u00c3S<\/p>\n<p>MAFALDA VEIGA &amp; MARCELO JENECI<\/p>\n<p>RITA REDSHOES &amp; MORENO VELOSO<\/td>\n<td style=\"vertical-align: top; border: 1px solid #605302;\">IN\u00cdCIO:<strong>21h00<\/strong><\/p>\n<p class=\"medium\">Azari &amp; III<\/p>\n<p class=\"medium_small\">The Magician<\/p>\n<p>Punks Jump Up<\/p>\n<p>The Discotexas Band<\/p>\n<p>Miguel Quint\u00e3o<\/p>\n<p>Mirror People<br \/>\n(Rui Maia\/X Wife)<\/p>\n<p>MC Johnny Def<\/td>\n<td style=\"vertical-align: top; border: 1px solid #605302;\">IN\u00cdCIO:<strong>16h00<\/strong><\/p>\n<p>The Mingus Project<\/p>\n<p>Nobody\u2019s Bizness<\/p>\n<p>TJ Johnson<\/p>\n<p>M\u00fasicos e artistas de rua<\/td>\n<td bgcolor=\"#605302\"><img loading=\"lazy\" decoding=\"async\" title=\"26 Maio\" src=\"http:\/\/www.culturalusa.com\/images\/26maio.png\" alt=\"26 Maio\" width=\"29\" height=\"98\" \/><\/td>\n<\/tr>\n<tr>\n<td><\/td>\n<td style=\"vertical-align: top; border: 1px solid #006699;\">IN\u00cdCIO:<strong>19h00<\/strong><\/p>\n<p>LENNY KRAVITZ<\/p>\n<p>MAROON 5<\/p>\n<p>IVETE SANGALO<\/p>\n<p>EXPENSIVE SOUL<\/td>\n<td style=\"vertical-align: top; border: 1px solid #006699;\">IN\u00cdCIO:<strong>17h00<\/strong><\/p>\n<p>BOSS AC &amp; Z\u00c9 RICARDO + PAULA LIMA + Shout<\/p>\n<p>ORELHA NEGRA + HYLDON + KASSIN<\/p>\n<p>THE BLACK MAMBA &amp; TIAGO BETENCOURT<\/p>\n<p>Orquestra Todos<\/td>\n<td style=\"vertical-align: top; border: 1px solid #006699;\">IN\u00cdCIO:<strong>21h00<\/strong><\/p>\n<p>Jamie Jones<\/p>\n<p>Maceo Plex<\/p>\n<p>Dyed Soundorom<\/p>\n<p>Kings of Swingers<br \/>\n(Renato Rathier + Mau Mau)<\/p>\n<p>Magazino<\/p>\n<p>Jos\u00e9 Belo + Z\u00e9 Salvador<\/p>\n<p>MC Johnny Def<\/td>\n<td style=\"vertical-align: top; border: 1px solid #006699;\">IN\u00cdCIO:<strong>16h00<\/strong><\/p>\n<p>Bruce Henri &amp; Convidados<\/p>\n<p>Cristian Reyes<\/p>\n<p>Lillian Boutt\u00e9<\/p>\n<p>M\u00fasicos e artistas de rua<\/td>\n<td bgcolor=\"#006699\"><img loading=\"lazy\" decoding=\"async\" title=\"1 Junho\" src=\"http:\/\/www.culturalusa.com\/images\/1junho.png\" alt=\"1 Junho\" width=\"29\" height=\"98\" \/><\/td>\n<\/tr>\n<tr>\n<td><\/td>\n<td style=\"vertical-align: top; border: 1px solid #CC0000;\">IN\u00cdCIO:<strong>19h00<\/strong><\/p>\n<p>STEVIE WONDER<\/p>\n<p>BRYAN ADAMS<\/p>\n<p>JOSS STONE<\/p>\n<p>THE GIFT<\/td>\n<td style=\"vertical-align: top; border: 1px solid #CC0000;\">IN\u00cdCIO:<strong>17h00<\/strong><\/p>\n<p>LUIS REPRESAS &amp; JO\u00c3O GIL &amp; JORGE PALMA<\/p>\n<p>AMOR ELECTRO &amp; MOSKA<\/p>\n<p>Ana Free + The Monomes<\/p>\n<p>Los Pericos<\/td>\n<td style=\"vertical-align: top; border: 1px solid #CC0000;\">IN\u00cdCIO:<strong>21h00<\/strong><\/p>\n<p>Masters at Work &#8211; (\u00ab\u00a0Louie\u00a0\u00bb Vega + Kenny \u00ab\u00a0Dope\u00a0\u00bb Gonzales)<\/p>\n<p>The Martinez Brothers<\/p>\n<p>JohnWaynes<\/p>\n<p>Miguel Rendeiro<\/p>\n<p>DJ Poppy<\/p>\n<p>MC Johnny Def<\/td>\n<td style=\"vertical-align: top; border: 1px solid #CC0000;\">IN\u00cdCIO:<strong>16h00<\/strong><\/p>\n<p>Jazz in Motown<\/p>\n<p>Cais Sodr\u00e9 Funk Connection<\/p>\n<p>Lillian Boutt\u00e9<\/p>\n<p>M\u00fasicos e artistas de rua<\/td>\n<td bgcolor=\"#CC0000\"><img loading=\"lazy\" decoding=\"async\" title=\"2 Junho\" src=\"http:\/\/www.culturalusa.com\/images\/2junho.png\" alt=\"2 Junho\" width=\"29\" height=\"98\" \/><\/td>\n<\/tr>\n<tr>\n<td><\/td>\n<td style=\"vertical-align: top; border: 1px solid #FF9900;\">IN\u00cdCIO:<strong>19h00<\/strong><\/p>\n<p>BRUCE SPRINGSTEEN &amp; THE STREET BAND<\/p>\n<p>XUTOS &amp; PONTAP\u00c9S<\/p>\n<p>JAMES<\/p>\n<p>KAISER CHIEFS<\/td>\n<td style=\"vertical-align: top; border: 1px solid #FF9900;\">IN\u00cdCIO:<strong>17h00<\/strong><\/p>\n<p>Rui Veloso + Erasmo Carlos<\/p>\n<p>David Fonseca + Mallu Magalh\u00e3es<\/p>\n<p>Carminho + Pedro Lu\u00eds<\/p>\n<p>Tan Bionica<\/td>\n<td style=\"vertical-align: top; border: 1px solid #FF9900;\">IN\u00cdCIO:<strong>21h00<\/strong><\/p>\n<p>DJ Harvey<\/p>\n<p>DJ Vibe<\/p>\n<p>OP Live<\/p>\n<p>DJ Dixon<\/p>\n<p>Stereo Addiction<\/p>\n<p>MC Johnny Def<\/td>\n<td style=\"vertical-align: top; border: 1px solid #FF9900;\">IN\u00cdCIO:<strong>16h00<\/strong><\/p>\n<p>Onda Jazz Jam Session<\/p>\n<p>Rat Swingers<\/p>\n<p>Lillian Boutt\u00e9<\/p>\n<p>M\u00fasicos e artistas de rua<\/td>\n<td bgcolor=\"#FF9900\"><img loading=\"lazy\" decoding=\"async\" title=\"3 Junho\" src=\"http:\/\/www.culturalusa.com\/images\/3junho.png\" alt=\"3 Junho\" width=\"29\" height=\"98\" \/><\/td>\n<\/tr>\n<\/tbody>\n<\/table>\n<p style=\"text-align: center;\"><script type=\"text\/javascript\"><!-- google_ad_client = \"ca-pub-2727717456356200\"; \/* CulturaLusa 468x60 *\/ google_ad_slot = \"2785499263\"; google_ad_width = 468; google_ad_height = 60; \/\/-->\n<\/script><br \/>\n<script type=\"text\/javascript\" src=\"http:\/\/pagead2.googlesyndication.com\/pagead\/show_ads.js\">\n<\/script><\/p>\n","protected":false},"excerpt":{"rendered":"<p>Rock in Rio est le plus grand \u00e9v\u00e9nement de la musique et du divertissement et poss\u00e8de d\u00e9j\u00e0 10 \u00e9ditions r\u00e9alis\u00e9es au Br\u00e9sil, Portugal et Espagne qui ont rassembl\u00e9 pr\u00e8s de 6 millions de personnes. En utilisant la musique comme un langage universel unissant les gens dans le monde entier, Rock in Rio est un v\u00e9hicule [&hellip;]<\/p>\n","protected":false},"author":1,"featured_media":2098,"comment_status":"open","ping_status":"closed","sticky":false,"template":"","format":"standard","meta":{"footnotes":""},"categories":[4],"tags":[3219],"class_list":["post-544","post","type-post","status-publish","format-standard","has-post-thumbnail","hentry","category-culture","tag-rock-in-rio"],"aioseo_notices":[],"_links":{"self":[{"href":"https:\/\/www.culturalusa.com\/news\/wp-json\/wp\/v2\/posts\/544","targetHints":{"allow":["GET"]}}],"collection":[{"href":"https:\/\/www.culturalusa.com\/news\/wp-json\/wp\/v2\/posts"}],"about":[{"href":"https:\/\/www.culturalusa.com\/news\/wp-json\/wp\/v2\/types\/post"}],"author":[{"embeddable":true,"href":"https:\/\/www.culturalusa.com\/news\/wp-json\/wp\/v2\/users\/1"}],"replies":[{"embeddable":true,"href":"https:\/\/www.culturalusa.com\/news\/wp-json\/wp\/v2\/comments?post=544"}],"version-history":[{"count":2,"href":"https:\/\/www.culturalusa.com\/news\/wp-json\/wp\/v2\/posts\/544\/revisions"}],"predecessor-version":[{"id":13210,"href":"https:\/\/www.culturalusa.com\/news\/wp-json\/wp\/v2\/posts\/544\/revisions\/13210"}],"wp:featuredmedia":[{"embeddable":true,"href":"https:\/\/www.culturalusa.com\/news\/wp-json\/wp\/v2\/media\/2098"}],"wp:attachment":[{"href":"https:\/\/www.culturalusa.com\/news\/wp-json\/wp\/v2\/media?parent=544"}],"wp:term":[{"taxonomy":"category","embeddable":true,"href":"https:\/\/www.culturalusa.com\/news\/wp-json\/wp\/v2\/categories?post=544"},{"taxonomy":"post_tag","embeddable":true,"href":"https:\/\/www.culturalusa.com\/news\/wp-json\/wp\/v2\/tags?post=544"}],"curies":[{"name":"wp","href":"https:\/\/api.w.org\/{rel}","templated":true}]}}