{"id":546,"date":"2012-05-20T00:05:41","date_gmt":"2012-05-19T22:05:41","guid":{"rendered":"http:\/\/www.culturalusa.com\/news\/?p=546"},"modified":"2012-05-21T11:42:59","modified_gmt":"2012-05-21T09:42:59","slug":"guimaraes-sera-la-ville-europeenne-du-sport-en-2013","status":"publish","type":"post","link":"https:\/\/www.culturalusa.com\/news\/portugal\/guimaraes-sera-la-ville-europeenne-du-sport-en-2013\/","title":{"rendered":"Guimaraes sera la Ville Europ\u00e9enne du Sport en 2013"},"content":{"rendered":"<figure id=\"attachment_547\" aria-describedby=\"caption-attachment-547\" style=\"width: 275px\" class=\"wp-caption alignleft\"><img loading=\"lazy\" decoding=\"async\" src=\"http:\/\/www.culturalusa.com\/news\/wp-content\/uploads\/2012\/05\/Guimaraes-cidade-275x156.jpg\" alt=\"\" title=\"Guimaraes\" width=\"275\" height=\"156\" class=\"size-medium wp-image-547\" srcset=\"https:\/\/www.culturalusa.com\/news\/wp-content\/uploads\/2012\/05\/Guimaraes-cidade-275x156.jpg 275w, https:\/\/www.culturalusa.com\/news\/wp-content\/uploads\/2012\/05\/Guimaraes-cidade.jpg 460w\" sizes=\"auto, (max-width: 275px) 100vw, 275px\" \/><figcaption id=\"caption-attachment-547\" class=\"wp-caption-text\">Guimaraes Ville Europ\u00e9enne du Sport en 2013<\/figcaption><\/figure><strong>Guimaraes Ville Europ\u00e9enne du Sport en 2013.<\/strong><br \/>\nLe berceau du Portugal a \u00e9t\u00e9 \u00e9lu pour \u00eatre la ville europ\u00e9enne du sport en 2013.<\/p>\n<p>Guimar\u00e3es a \u00e9t\u00e9 choisi pour \u00eatre la Capitale Europ\u00e9enne du Sport en Europe en 2013 par l&rsquo;ACES (Association des Capitales Europ\u00e9ennes du Sport).<\/p>\n<p>Il s&rsquo;agit de la premi\u00e8re fois qu&rsquo;une ville portugaise soit nomin\u00e9e dans la cat\u00e9gorie des villes de 100 000 \u00e0 250 000 habitants, s&rsquo;unissant aux villes villes italiennes de Cremona, Modena et Reggio de Calabre et la ville espagnole Lorca, sans oublier que Guimar\u00e3es est \u00e9galement la Capitale Europ\u00e9enne de la Culture en 2012.<\/p>\n<p>L&rsquo;ACES impose 30 \u00e9v\u00e8nements sportifs par an, mais les responsables de Guimar\u00e3es veulent aller plus loin en cr\u00e9ant un \u00e9v\u00e8nement par semaine, soit 52 au total.<\/p>\n<p>Pr\u00e9sents \u00e0 cette c\u00e9r\u00e9monie publique, qui s&rsquo;est d\u00e9roul\u00e9 au Pavilh\u00e3o Multiusos de Guimar\u00e3es, \u00e9taient aussi pr\u00e9sents le Secr\u00e9taire d&rsquo;\u00c9tat \u00e0 la Jeunesse et des Sports, Alexandre Mestre, le president de l&rsquo;ACES Europe, Gian Francesco Lupattelli, le maire de Guimar\u00e3es Antonio Magalhaes et le pr\u00e9sident du Vit\u00f3ria de Guimar\u00e3es, J\u00falio Mendes et les anciens joueurs du club, Pedro Mendes et Fernando Meira, deux des ambassadeurs de l&rsquo;\u00e9v\u00e9nement.<\/p>\n<p><img loading=\"lazy\" decoding=\"async\" width=\"14\" height=\"14\" alt=\"\" src=\"http:\/\/www.culturalusa.com\/news\/wp-content\/uploads\/2012\/04\/icon-pt.gif\" title=\"icon-pt\" style=\"border: 0pt none;\" class=\"alignleft size-full wp-image-180\"> <span style=\"color: #800000;\">Guimar\u00e3es ser\u00e1 Cidade Europeia do Desporto em 2013.<\/span><\/p>\n<p>O ber\u00e7o de Portugal foi eleito para ser a  Cidade  Europeia do Desporto em 2013.<\/p>\n<p>Guimar\u00e3es foi escolhida para ser Cidade  Europeia do Desporto em 2013 pela ACES Europe (Associa\u00e7\u00e3o das Capitais Europeias  do Desporto).<\/p>\n<p>\u00c9 a primeira vez que uma cidade portuguesa \u00e9 nomeada, na categoria de  cidades entre 100 mil a 250 mil habitantes, juntando-se Guimar\u00e3es, Capital  Europeia da Cultura em 2012, \u00e0s cidades italianas de Cremona, Modena e Reggio  Calabria e \u00e0 espanhola de Lorca.<\/p>\n<p>A ACES obriga a organizar 30 eventos desportivos por ano, mas os respons\u00e1veis vimaranenses querem ir mais longe e criar um  por semana, 52 no total. <\/p>\n<p>Presentes na cerim\u00f3nia que tornou p\u00fablica a escolha, e que decorreu  no Pavilh\u00e3o Multiusos de Guimar\u00e3es, estiveram, entre outros, o secret\u00e1rio  de Estado do Desporto e Juventude, Alexandre Mestre, o presidente da ACES Europe, Gian Francesco Lupattelli, o presidente da c\u00e2mara vimaranense, Ant\u00f3nio  Magalh\u00e3es, o presidente do Vit\u00f3ria de Guimar\u00e3es, J\u00falio Mendes e os ex-jogadores do clube, Pedro Mendes e Fernando Meira, dois dos embaixadores do evento.<\/p>\n<p style=\"text-align:center;\"><script type=\"text\/javascript\"><!--\ngoogle_ad_client = \"ca-pub-2727717456356200\";\n\/* CulturaLusa 468x60 *\/\ngoogle_ad_slot = \"2785499263\";\ngoogle_ad_width = 468;\ngoogle_ad_height = 60;\n\/\/-->\n<\/script><br \/>\n<script type=\"text\/javascript\"\nsrc=\"http:\/\/pagead2.googlesyndication.com\/pagead\/show_ads.js\">\n<\/script><\/p>\n<p style=\"text-align:center;\"><embed src=\"http:\/\/rd3.videos.sapo.pt\/play?file=http:\/\/rd3.videos.sapo.pt\/ssiz7lH5YKaE9vEZJ5qz\/mov\/1\" type=\"application\/x-shockwave-flash\" allowFullScreen=\"true\" width=\"460\" height=\"300\"><\/embed><\/p>\n","protected":false},"excerpt":{"rendered":"<p>Guimaraes Ville Europ\u00e9enne du Sport en 2013. Le berceau du Portugal a \u00e9t\u00e9 \u00e9lu pour \u00eatre la ville europ\u00e9enne du sport en 2013. Guimar\u00e3es a \u00e9t\u00e9 choisi pour \u00eatre la Capitale Europ\u00e9enne du Sport en Europe en 2013 par l&rsquo;ACES (Association des Capitales Europ\u00e9ennes du Sport). Il s&rsquo;agit de la premi\u00e8re fois qu&rsquo;une ville portugaise [&hellip;]<\/p>\n","protected":false},"author":1,"featured_media":0,"comment_status":"open","ping_status":"closed","sticky":false,"template":"","format":"standard","meta":{"footnotes":""},"categories":[3],"tags":[],"class_list":["post-546","post","type-post","status-publish","format-standard","hentry","category-portugal"],"aioseo_notices":[],"_links":{"self":[{"href":"https:\/\/www.culturalusa.com\/news\/wp-json\/wp\/v2\/posts\/546","targetHints":{"allow":["GET"]}}],"collection":[{"href":"https:\/\/www.culturalusa.com\/news\/wp-json\/wp\/v2\/posts"}],"about":[{"href":"https:\/\/www.culturalusa.com\/news\/wp-json\/wp\/v2\/types\/post"}],"author":[{"embeddable":true,"href":"https:\/\/www.culturalusa.com\/news\/wp-json\/wp\/v2\/users\/1"}],"replies":[{"embeddable":true,"href":"https:\/\/www.culturalusa.com\/news\/wp-json\/wp\/v2\/comments?post=546"}],"version-history":[{"count":0,"href":"https:\/\/www.culturalusa.com\/news\/wp-json\/wp\/v2\/posts\/546\/revisions"}],"wp:attachment":[{"href":"https:\/\/www.culturalusa.com\/news\/wp-json\/wp\/v2\/media?parent=546"}],"wp:term":[{"taxonomy":"category","embeddable":true,"href":"https:\/\/www.culturalusa.com\/news\/wp-json\/wp\/v2\/categories?post=546"},{"taxonomy":"post_tag","embeddable":true,"href":"https:\/\/www.culturalusa.com\/news\/wp-json\/wp\/v2\/tags?post=546"}],"curies":[{"name":"wp","href":"https:\/\/api.w.org\/{rel}","templated":true}]}}