{"id":557,"date":"2012-05-22T00:32:59","date_gmt":"2012-05-21T22:32:59","guid":{"rendered":"http:\/\/www.culturalusa.com\/news\/?p=557"},"modified":"2012-05-22T00:35:51","modified_gmt":"2012-05-21T22:35:51","slug":"lallemagne-rejette-la-proposition-dhollande-pour-les-eurobonds","status":"publish","type":"post","link":"https:\/\/www.culturalusa.com\/news\/portugal\/lallemagne-rejette-la-proposition-dhollande-pour-les-eurobonds\/","title":{"rendered":"L&rsquo;Allemagne rejette la proposition d&rsquo;Hollande pour les eurobonds"},"content":{"rendered":"<figure id=\"attachment_558\" aria-describedby=\"caption-attachment-558\" style=\"width: 275px\" class=\"wp-caption alignleft\"><img loading=\"lazy\" decoding=\"async\" src=\"http:\/\/www.culturalusa.com\/news\/wp-content\/uploads\/2012\/05\/Hollande-Merkel-275x160.jpg\" alt=\"\" title=\"Hollande-Merkel\" width=\"275\" height=\"160\" class=\"size-medium wp-image-558\" srcset=\"https:\/\/www.culturalusa.com\/news\/wp-content\/uploads\/2012\/05\/Hollande-Merkel-275x160.jpg 275w, https:\/\/www.culturalusa.com\/news\/wp-content\/uploads\/2012\/05\/Hollande-Merkel.jpg 450w\" sizes=\"auto, (max-width: 275px) 100vw, 275px\" \/><figcaption id=\"caption-attachment-558\" class=\"wp-caption-text\">Hollande - Merkel<\/figcaption><\/figure>L&rsquo;Allemagne a rejet\u00e9 la proposition de Fran\u00e7ois Hollande, en marge du sommet du G8, concernant l&rsquo;introduction des eurobonds dans la zone euro, consid\u00e9rant \u00ab\u00a0la mauvaise recette, au mauvais moment.\u00a0\u00bb<\/p>\n<p>\u00ab\u00a0Pour le moment, je ne vois aucune raison pour changer de cap, l&rsquo;introduction des eurobonds serait un mauvais choix, et provoquerait des effets secondaires\u00a0\u00bb, a d\u00e9clar\u00e9 le secr\u00e9taire d&rsquo;Etat allemand des Finances, Steffen Kampeter, \u00e0 la station de radio publique Deutschlandfunk.<\/p>\n<p>De l&rsquo;avis de Kampeter, la base d&rsquo;une politique budg\u00e9taire commune en Europe \u00ab\u00a0c&rsquo;est avant tout, le trait\u00e9 budg\u00e9taire\u00a0\u00bb, et non pas l&rsquo;\u00e9mission de titres de la dette publique en Europe, que l&rsquo;on appelle les eurobonds.<\/p>\n<p>Une telle \u00e9mission permettrait aux pays de la monnaie unique en difficult\u00e9s, d&rsquo;acc\u00e9der aux march\u00e9s financiers afin de se faire financer \u00e0 des conditions plus favorables.<\/p>\n<p>En revanche, les pays comme l&rsquo;Allemagne, b\u00e9n\u00e9ficiant actuellement de taux d&rsquo;int\u00e9r\u00eat tr\u00e8s bas, aurait \u00e0 payer plus cher pour se faire financer sur ces march\u00e9s financiers.<\/p>\n<p>Le Gouvernement d&rsquo;Angela Merkel a toujours refus\u00e9 l&rsquo;\u00e9mission des eurobonds, consid\u00e9rant ce syst\u00e8me comme une forme de mutualiser les dettes publiques dans la zone euro. <\/p>\n<p>Pour Berlin, \u00ab\u00a0des obligations europ\u00e9ennes communes ne sont pas un rem\u00e8de pour r\u00e9soudre cette crise\u00a0\u00bb de la dette en zone euro et \u00ab\u00a0le gouvernement les rejette\u00a0\u00bb, a dit Georg Streiter lors d&rsquo;une conf\u00e9rence de presse r\u00e9guli\u00e8re. <\/p>\n<p><img loading=\"lazy\" decoding=\"async\" width=\"14\" height=\"14\" alt=\"\" src=\"http:\/\/www.culturalusa.com\/news\/wp-content\/uploads\/2012\/04\/icon-pt.gif\" title=\"icon-pt\" style=\"border: 0pt none;\" class=\"alignleft size-full wp-image-180\"> <span style=\"color:maroon;\">Alemanha rejeita proposta de Hollande para eurobonds.<\/span><\/p>\n<p>A Alemanha rejeitou hoje a proposta do novo Presidente franc\u00eas, Fran\u00e7ois Hollande, \u00e0 margem da cimeira do G8, para a introdu\u00e7\u00e3o de eurobonds na zona euro, considerando-a \u00ab\u00a0a receita errada no momento errado\u00a0\u00bb.<\/p>\n<p>\u00ab\u00a0No momento atual, n\u00e3o vejo motivos para mudarmos de rumo, a introdu\u00e7\u00e3o de eurobonds seria a receita errada no momento errado, e teria efeitos secund\u00e1rios contraproducentes\u00a0\u00bb, disse o secret\u00e1rio de Estado das finan\u00e7as alem\u00e3o, Steffen Kampeter, \u00e0 emissora p\u00fablica de r\u00e1dio Deutschlandfunk.<\/p>\n<p>Na opini\u00e3o de Kampeter, a base para uma pol\u00edtica or\u00e7amental comum na Europa \u00ab\u00a0\u00e9, em primeira linha, o Tratado Or\u00e7amental\u00a0\u00bb, e n\u00e3o a emiss\u00e3o de t\u00edtulos conjuntos de d\u00edvida p\u00fablica europeia, os chamados eurobonds.<\/p>\n<p>Uma tal emiss\u00e3o permitiria aos pa\u00edses da moeda \u00fanica com dificuldades de acesso aos mercados de capitais financiarem-se em condi\u00e7\u00f5es mais favor\u00e1veis.<\/p>\n<p>Em contrapartida, pa\u00edses como a Alemanha, que beneficiam de juros muito baixos para se financiar nos referidos mercados, teriam de pagar mais.<\/p>\n<p>O Governo de Angela Merkel tem recusado sistematicamente a emiss\u00e3o de eurobonds, considerando-os uma forma de mutualizar as d\u00edvidas p\u00fablicas na zona euro.<\/p>\n<p>\u00ab\u00a0N\u00e3o estarei sozinho a fazer essas propostas\u00a0\u00bb, sublinhou Hollande.<\/p>\n<p>Nas declara\u00e7\u00f5es \u00e0 Deutschlandfunk, Kampeter advertiu tamb\u00e9m o Presidente franc\u00eas contra uma eventual interliga\u00e7\u00e3o entre a quest\u00e3o dos eurobonds e a escolha do novo presidente do eurogrupo.<\/p>\n<p>Segundo o seman\u00e1rio Der Spiegel, Hollande coloca retic\u00eancias \u00e0 elei\u00e7\u00e3o para este cargo do atual ministro das finan\u00e7as alem\u00e3o, Wolfgang Sch\u00e4uble, ap\u00f3s a sa\u00edda do atual titular, Jean-Claude Juncker.<\/p>\n<p>\u00ab\u00a0Uma tal interliga\u00e7\u00e3o de temas bem diferentes lan\u00e7aria uma luz menos boa sobre a necessidade de consolida\u00e7\u00e3o or\u00e7amental na Europa, e n\u00e3o traria vantagens pol\u00edticas e econ\u00f3micas aos pa\u00edses que est\u00e3o a implement\u00e1-la\u00a0\u00bb, disse Kampeter.<\/p>\n<p>O respons\u00e1vel alem\u00e3o esclareceu tamb\u00e9m que Berlim recusa tamb\u00e9m programas de apoio \u00e0 conjuntura que signifiquem novo endividamento, ao contr\u00e1rio do novo Governo franc\u00eas.<\/p>\n<p>\u00ab\u00a0O que \u00e9 preciso \u00e9 melhorar as condi\u00e7\u00f5es para que haja crescimento atrav\u00e9s de reformas estruturais que n\u00e3o pesem nos or\u00e7amentos\u00a0\u00bb, referiu Kampeter.<\/p>\n<p style=\"text-align:center;\"><script type=\"text\/javascript\"><!--\ngoogle_ad_client = \"ca-pub-2727717456356200\";\n\/* CulturaLusa 468x60 *\/\ngoogle_ad_slot = \"2785499263\";\ngoogle_ad_width = 468;\ngoogle_ad_height = 60;\n\/\/-->\n<\/script><br \/>\n<script type=\"text\/javascript\"\nsrc=\"http:\/\/pagead2.googlesyndication.com\/pagead\/show_ads.js\">\n<\/script><\/p>\n","protected":false},"excerpt":{"rendered":"<p>L&rsquo;Allemagne a rejet\u00e9 la proposition de Fran\u00e7ois Hollande, en marge du sommet du G8, concernant l&rsquo;introduction des eurobonds dans la zone euro, consid\u00e9rant \u00ab\u00a0la mauvaise recette, au mauvais moment.\u00a0\u00bb \u00ab\u00a0Pour le moment, je ne vois aucune raison pour changer de cap, l&rsquo;introduction des eurobonds serait un mauvais choix, et provoquerait des effets secondaires\u00a0\u00bb, a d\u00e9clar\u00e9 [&hellip;]<\/p>\n","protected":false},"author":1,"featured_media":0,"comment_status":"open","ping_status":"closed","sticky":false,"template":"","format":"standard","meta":{"footnotes":""},"categories":[3],"tags":[],"class_list":["post-557","post","type-post","status-publish","format-standard","hentry","category-portugal"],"aioseo_notices":[],"_links":{"self":[{"href":"https:\/\/www.culturalusa.com\/news\/wp-json\/wp\/v2\/posts\/557","targetHints":{"allow":["GET"]}}],"collection":[{"href":"https:\/\/www.culturalusa.com\/news\/wp-json\/wp\/v2\/posts"}],"about":[{"href":"https:\/\/www.culturalusa.com\/news\/wp-json\/wp\/v2\/types\/post"}],"author":[{"embeddable":true,"href":"https:\/\/www.culturalusa.com\/news\/wp-json\/wp\/v2\/users\/1"}],"replies":[{"embeddable":true,"href":"https:\/\/www.culturalusa.com\/news\/wp-json\/wp\/v2\/comments?post=557"}],"version-history":[{"count":0,"href":"https:\/\/www.culturalusa.com\/news\/wp-json\/wp\/v2\/posts\/557\/revisions"}],"wp:attachment":[{"href":"https:\/\/www.culturalusa.com\/news\/wp-json\/wp\/v2\/media?parent=557"}],"wp:term":[{"taxonomy":"category","embeddable":true,"href":"https:\/\/www.culturalusa.com\/news\/wp-json\/wp\/v2\/categories?post=557"},{"taxonomy":"post_tag","embeddable":true,"href":"https:\/\/www.culturalusa.com\/news\/wp-json\/wp\/v2\/tags?post=557"}],"curies":[{"name":"wp","href":"https:\/\/api.w.org\/{rel}","templated":true}]}}