{"id":568,"date":"2012-05-24T00:15:08","date_gmt":"2012-05-23T22:15:08","guid":{"rendered":"http:\/\/www.culturalusa.com\/news\/?p=568"},"modified":"2012-05-24T02:20:03","modified_gmt":"2012-05-24T00:20:03","slug":"la-troika-parle-de-trop-cest-honteux-declare-mario-soares","status":"publish","type":"post","link":"https:\/\/www.culturalusa.com\/news\/portugal\/la-troika-parle-de-trop-cest-honteux-declare-mario-soares\/","title":{"rendered":"La tro\u00efka parle de trop c&rsquo;est honteux d\u00e9clare Mario Soares"},"content":{"rendered":"<figure id=\"attachment_570\" aria-describedby=\"caption-attachment-570\" style=\"width: 275px\" class=\"wp-caption alignleft\"><img loading=\"lazy\" decoding=\"async\" src=\"http:\/\/www.culturalusa.com\/news\/wp-content\/uploads\/2012\/05\/Mario_Soares_rr1-275x160.jpg\" alt=\"\" title=\"Mario Soares\" width=\"275\" height=\"160\" class=\"size-medium wp-image-570\" srcset=\"https:\/\/www.culturalusa.com\/news\/wp-content\/uploads\/2012\/05\/Mario_Soares_rr1-275x160.jpg 275w, https:\/\/www.culturalusa.com\/news\/wp-content\/uploads\/2012\/05\/Mario_Soares_rr1.jpg 450w\" sizes=\"auto, (max-width: 275px) 100vw, 275px\" \/><figcaption id=\"caption-attachment-570\" class=\"wp-caption-text\">Mario Soares en interview avec Radio Renascen\u00e7a<\/figcaption><\/figure>\u00ab\u00a0La tro\u00efka ne devrait parler qu&rsquo;avec le Gouvernement, en disant ce qu&rsquo;ils ont \u00e0 dire, s&rsquo;en aller et bouche cousue\u00a0\u00bb, a d\u00e9clar\u00e9 l&rsquo;ancien Pr\u00e9sident de la R\u00e9publique portugaise dans une interview avec Radio Renascen\u00e7a.<\/p>\n<p>L&rsquo;ancien pr\u00e9sident, Mario Soares, de retour, il a prononc\u00e9 de vives critiques via la Radio Renascen\u00e7a, de la fa\u00e7on dont se comporte la tro\u00efka avec le Portugal. Dans une interview sur \u00ab\u00a0Ter\u00e7a \u00e0 Noite\u00a0\u00bb, il a fait valoir que \u00ab\u00a0La tro\u00efka parle de trop. Elle a toujours parl\u00e9. Et ne devrait pas le faire.\u00a0\u00bb<\/p>\n<p>\u00ab\u00a0J&rsquo;ai eu ici le FMI, deux fois, quand j&rsquo;\u00e9tais Premier ministre et la dame du FMI lorsqu&rsquo;elle \u00e9tait au Portugal n&rsquo;a jamais accord\u00e9e une interview en public. On ne doit pas agir ainsi: arriver dans un pays et proc\u00e9der comme si c&rsquo;\u00e9tait un protectorat de la Tro\u00efka . Mais qu&rsquo;est-ce que la tro\u00efka, mon Dieu?\u00a0\u00bb, s&rsquo;interroge Mario Soares.<\/p>\n<p>Pour l&rsquo;ancien chef d&rsquo;Etat, \u00ab\u00a0la tro\u00efka sont deux ou trois messieurs qui viennent en repr\u00e9sentation, pay\u00e9s et m\u00eame tr\u00e8s bien pay\u00e9s, du Fonds Mon\u00e9taire International, sont encore trois ou quatre messieurs qui viennent en repr\u00e9sentation au nom de la Commission Europ\u00e9enne et encore trois ou quatre autres messieurs provenant de la Banque Centrale Europ\u00e9enne. Ils ne s&rsquo;entendent pas les uns avec les autres. Ils ont des conceptions diff\u00e9rentes les uns des autres et ensuite ils vont faire des conf\u00e9rences et dire des choses et donner des ordres&#8230; Je pense que c&rsquo;est honteux.\u00a0\u00bb<\/p>\n<p>\u00ab\u00a0Je ne suis pas de ceux qui veulent la chute du Gouvernement, au contraire. Mais je pense que ce Gouvernement est en train de d\u00e9truire la plupart des choses que nous avons fait pendant de nombreuses ann\u00e9es\u00a0\u00bb, at-il ajout\u00e9.<\/p>\n<p><img loading=\"lazy\" decoding=\"async\" width=\"14\" height=\"14\" alt=\"\" src=\"http:\/\/www.culturalusa.com\/news\/wp-content\/uploads\/2012\/04\/icon-pt.gif\" title=\"icon-pt\" style=\"border: 0pt none;\" class=\"alignleft size-full wp-image-180\"> <span style=\"color:maroon;\">Soares: \u00ab\u00a0A troika fala de mais, \u00e9 uma pouca-vergonha\u00a0\u00bb.<\/span><\/p>\n<p>\u00ab\u00a0A troika deve falar apenas com o Governo, dizer o que tem a dizer, ir-se embora e estar calada\u00a0\u00bb, defendeu em entrevista \u00e0 R\u00e1dio Renascen\u00e7a o antigo Presidente da Rep\u00fablica.<\/p>\n<p>O antigo Presidente da Rep\u00fablica, M\u00e1rio Soares, voltou a teceu ontem \u00e0 noite na R\u00e1dio Renascen\u00e7a duras cr\u00edticas \u00e0 forma como a troika se comporta em Portugal. Em entrevista ao programa \u00ab\u00a0Ter\u00e7a \u00e0 Noite\u00a0\u00bb, defendeu que \u00ab\u00a0a troika fala de mais. Sempre falou. E n\u00e3o devia faz\u00ea-lo.\u00a0\u00bb<\/p>\n<p>\u00ab\u00a0Eu tive c\u00e1 o FMI, por duas vezes, quando era primeiro-ministro e nunca a senhora do FMI que c\u00e1 esteve deu alguma entrevista p\u00fablica. N\u00e3o \u00e9 coisa que se fa\u00e7a: chegar a um pa\u00eds e proceder como se fosse um protetorado da troika. Mas o que \u00e9 que \u00e9 a troika, valha-me Deus?\u00a0\u00bb, questionou-se Soares.<\/p>\n<p>Para o ex-chefe de Estado, \u00ab\u00a0a troika s\u00e3o dois ou tr\u00eas senhores que v\u00eam em representa\u00e7\u00e3o, pagos e bem pagos, do Fundo Monet\u00e1rio Internacional, s\u00e3o outros tr\u00eas ou quatro senhores que v\u00eam em representa\u00e7\u00e3o da Comiss\u00e3o Europeia e outros tr\u00eas ou quatro senhores que v\u00eam do Banco Central Europeu. N\u00e3o se d\u00e3o uns com os outros. T\u00eam conce\u00e7\u00f5es diferentes uns dos outros e depois v\u00e3o fazer confer\u00eancias e dizer coisas e dar ordens&#8230; Eu acho isto uma pouca-vergonha.\u00a0\u00bb<\/p>\n<p>\u00ab\u00a0\u00c9 uma ofensa \u00e0 p\u00e1tria portuguesa\u00a0\u00bb, M\u00e1rio Soares defendeu ainda que \u00ab\u00a0a troika deve falar apenas com o Governo, dizer o que tem a dizer, ir-se embora e estar calada. N\u00e3o tem que dar opini\u00f5es p\u00fablicas. Porque isso \u00e9 uma ofensa \u00e0 p\u00e1tria portuguesa. Somos o pa\u00eds que tem as mais antigas fronteiras da Europa. E n\u00f3s aceitamos uma coisa dessas? Eu n\u00e3o gosto disto. Se me dissessem agora: &lsquo;venha c\u00e1 ouvir a troika&rsquo;, eu n\u00e3o ia.\u00a0\u00bb<\/p>\n<p>Questionado sobre se o PS deveria denunciar o acordo assinado com a troika, M\u00e1rio  Soares disse que \u00ab\u00a0\u00e9 preciso ter calma nestas coisas\u00a0\u00bb.<\/p>\n<p>\u00ab\u00a0N\u00e3o sou daqueles que querem a queda do Governo de um momento para o outro, antes pelo contr\u00e1rio. Mas acho que este Governo est\u00e1 a destruir muitas das coisas que n\u00f3s fizemos durante muitos anos\u00a0\u00bb, acrescentou.<\/p>\n<p>Instado a indicar aquele que s\u00e3o, na sua opini\u00e3o, os maiores problemas do pa\u00eds, M\u00e1rio Soares referiu a Justi\u00e7a porque \u00ab\u00a0n\u00e3o funciona mesmo nada e isso \u00e9 um grande risco para a democracia\u00a0\u00bb<\/p>\n<p>\u00ab\u00a0At\u00e9 agora, nessa mat\u00e9ria, n\u00e3o vi nada [a ser feito]. O que se v\u00ea \u00e9 que os criminosos saem e que as pessoas que roubaram ficam impunes\u00a0\u00bb, rematou.<br \/>\n[flv:http:\/\/www.culturalusa.com\/videos\/MarioSoares-22-05-2012-rr.flv 465 300]\n<p style=\"text-align:center;\"><script type=\"text\/javascript\"><!--\ngoogle_ad_client = \"ca-pub-2727717456356200\";\n\/* CulturaLusa 468x60 *\/\ngoogle_ad_slot = \"2785499263\";\ngoogle_ad_width = 468;\ngoogle_ad_height = 60;\n\/\/-->\n<\/script><br \/>\n<script type=\"text\/javascript\"\nsrc=\"http:\/\/pagead2.googlesyndication.com\/pagead\/show_ads.js\">\n<\/script><\/p>\n","protected":false},"excerpt":{"rendered":"<p>\u00ab\u00a0La tro\u00efka ne devrait parler qu&rsquo;avec le Gouvernement, en disant ce qu&rsquo;ils ont \u00e0 dire, s&rsquo;en aller et bouche cousue\u00a0\u00bb, a d\u00e9clar\u00e9 l&rsquo;ancien Pr\u00e9sident de la R\u00e9publique portugaise dans une interview avec Radio Renascen\u00e7a. L&rsquo;ancien pr\u00e9sident, Mario Soares, de retour, il a prononc\u00e9 de vives critiques via la Radio Renascen\u00e7a, de la fa\u00e7on dont se [&hellip;]<\/p>\n","protected":false},"author":1,"featured_media":0,"comment_status":"open","ping_status":"closed","sticky":false,"template":"","format":"standard","meta":{"footnotes":""},"categories":[3],"tags":[56,41],"class_list":["post-568","post","type-post","status-publish","format-standard","hentry","category-portugal","tag-soares","tag-troika"],"aioseo_notices":[],"_links":{"self":[{"href":"https:\/\/www.culturalusa.com\/news\/wp-json\/wp\/v2\/posts\/568","targetHints":{"allow":["GET"]}}],"collection":[{"href":"https:\/\/www.culturalusa.com\/news\/wp-json\/wp\/v2\/posts"}],"about":[{"href":"https:\/\/www.culturalusa.com\/news\/wp-json\/wp\/v2\/types\/post"}],"author":[{"embeddable":true,"href":"https:\/\/www.culturalusa.com\/news\/wp-json\/wp\/v2\/users\/1"}],"replies":[{"embeddable":true,"href":"https:\/\/www.culturalusa.com\/news\/wp-json\/wp\/v2\/comments?post=568"}],"version-history":[{"count":0,"href":"https:\/\/www.culturalusa.com\/news\/wp-json\/wp\/v2\/posts\/568\/revisions"}],"wp:attachment":[{"href":"https:\/\/www.culturalusa.com\/news\/wp-json\/wp\/v2\/media?parent=568"}],"wp:term":[{"taxonomy":"category","embeddable":true,"href":"https:\/\/www.culturalusa.com\/news\/wp-json\/wp\/v2\/categories?post=568"},{"taxonomy":"post_tag","embeddable":true,"href":"https:\/\/www.culturalusa.com\/news\/wp-json\/wp\/v2\/tags?post=568"}],"curies":[{"name":"wp","href":"https:\/\/api.w.org\/{rel}","templated":true}]}}