{"id":579,"date":"2012-05-25T11:24:30","date_gmt":"2012-05-25T09:24:30","guid":{"rendered":"http:\/\/www.culturalusa.com\/news\/?p=579"},"modified":"2012-05-25T11:25:18","modified_gmt":"2012-05-25T09:25:18","slug":"mario-monti-demande-aux-grecs-la-rigueur-et-aux-allemands-moins-dautorite","status":"publish","type":"post","link":"https:\/\/www.culturalusa.com\/news\/economie\/mario-monti-demande-aux-grecs-la-rigueur-et-aux-allemands-moins-dautorite\/","title":{"rendered":"Mario Monti demande aux Grecs la rigueur et aux Allemands moins d&rsquo;autorit\u00e9"},"content":{"rendered":"<figure id=\"attachment_580\" aria-describedby=\"caption-attachment-580\" style=\"width: 238px\" class=\"wp-caption alignleft\"><img loading=\"lazy\" decoding=\"async\" src=\"http:\/\/www.culturalusa.com\/news\/wp-content\/uploads\/2012\/05\/Mario-Monti.jpg\" alt=\"\" title=\"Mario Monti\" width=\"238\" height=\"179\" class=\"size-full wp-image-580\" \/><figcaption id=\"caption-attachment-580\" class=\"wp-caption-text\">Mario Monti, Pr\u00e9sident du Conseil Italien<\/figcaption><\/figure>Le pr\u00e9sident du Conseil italien Mario Monti a encourag\u00e9, lors d&rsquo;une \u00e9mission t\u00e9l\u00e9vis\u00e9e, la Gr\u00e8ce \u00e0 tenir strictement ses engagements financiers et ses partenaires \u00e0 \u00e9viter les \u00ab\u00a0diktats\u00a0\u00bb \u00e0 ce pays, dans une allusion transparente \u00e0 l&rsquo;Allemagne.<\/p>\n<p>\u00ab\u00a0Je crois et j&rsquo;esp\u00e8re que les Europ\u00e9ens, \u00e9galement les plus teutons d&rsquo;entre eux, s&rsquo;abstiendront de prononcer des diktats. Et j&rsquo;esp\u00e8re que les Grecs vont r\u00e9fl\u00e9chir et en tirer des conclusions\u00a0\u00bb, a-t-il d\u00e9clar\u00e9 lors de l&rsquo;\u00e9mission \u00ab\u00a0Piazza Pulita\u00a0\u00bb sur la cha\u00eene t\u00e9l\u00e9vis\u00e9e italienne La7, en \u00e9voquant le prochain scrutin de mi-juin en Gr\u00e8ce.<\/p>\n<p>\u00ab\u00a0Il est clair que si l&rsquo;Union europ\u00e9enne disait (aux Grecs): nous vous r\u00e9duisons les engagements que vous avez pris, ce serait une prime aux partis les plus extr\u00eames (&#8230;) Alors d&rsquo;autres comme le Portugal pourraient pr\u00e9tendre \u00e0 la m\u00eame chose\u00a0\u00bb, a-t-il observ\u00e9.<\/p>\n<p>Pour expliquer la radicalisation de l&rsquo;opinion grecque, le chef du gouvernement italien a relev\u00e9 \u00ab\u00a0l&rsquo;humiliation d\u00e9mente\u00a0\u00bb qu&rsquo;ils ont subie: \u00ab\u00a0la Gr\u00e8ce a perdu sa souverainet\u00e9: ils sont soumis aux conditions du Fonds mon\u00e9taire (FMI), de la Banque centrale (BCE), de la Commission europ\u00e9enne\u00a0\u00bb.<\/p>\n<p>Ces derni\u00e8res ann\u00e9es, selon lui, l&rsquo;Europe \u00ab\u00a0s&rsquo;est tromp\u00e9e en ayant r\u00e9clam\u00e9 un ajustement trop rapide\u00a0\u00bb \u00e0 Ath\u00e8nes: \u00ab\u00a0introduire la concurrence, la lutte contre l&rsquo;\u00e9vasion fiscale, la corruption et la r\u00e9duction du d\u00e9ficit public en deux-trois ans (&#8230;) signifie un changement culturel et politique extr\u00eamement profond. Il faut une g\u00e9n\u00e9ration\u00a0\u00bb, a-t-il calcul\u00e9.<\/p>\n<p>Interrog\u00e9 sur les chances d&rsquo;Ath\u00e8nes de s&rsquo;en sortir, M. Monti a estim\u00e9 que \u00ab\u00a0l&rsquo;issue la plus probable est celle qui sera positive pour elle, et donc aussi pour nous tous\u00a0\u00bb.<\/p>\n<p>\u00ab\u00a0L&rsquo;Europe doit donner le signe qu&rsquo;elle associe son image \u00e0 la croissance et non \u00e0 la seule discipline\u00a0\u00bb, a-t-il insist\u00e9 par ailleurs, dans une critique voil\u00e9e \u00e0 la rigueur d\u00e9fendue par la chanceli\u00e8re allemande.<\/p>\n<p>L&rsquo;Europe, a-t-il not\u00e9 un peu ironiquement, est \u00ab\u00a0un int\u00e9r\u00eat allemand, L&rsquo;Allemagne est une grande b\u00e9n\u00e9ficiaire de l&rsquo;int\u00e9gration europ\u00e9enne. Ils en b\u00e9n\u00e9ficient aussi et avant tout parce qu&rsquo;ils ont un grand march\u00e9 dans lequel d\u00e9sormais les pays individuellement ne peuvent plus d\u00e9valuer\u00a0\u00bb.<\/p>\n<p>Sur la possibilit\u00e9 de l&rsquo;introduction \u00e0 terme des euro-obligations dans l&rsquo;UE, auxquelles Angela Merkel est oppos\u00e9e, M. Monti s&rsquo;est montr\u00e9 prudemment optimiste: \u00ab\u00a0je crois que oui, si la zone euro le veut et donc aussi l&rsquo;Allemagne&#8230;\u00a0\u00bb. (AFP)<\/p>\n<p style=\"text-align:center;\"><script type=\"text\/javascript\"><!--\ngoogle_ad_client = \"ca-pub-2727717456356200\";\n\/* CulturaLusa 468x60 *\/\ngoogle_ad_slot = \"2785499263\";\ngoogle_ad_width = 468;\ngoogle_ad_height = 60;\n\/\/-->\n<\/script><br \/>\n<script type=\"text\/javascript\"\nsrc=\"http:\/\/pagead2.googlesyndication.com\/pagead\/show_ads.js\">\n<\/script><\/p>\n","protected":false},"excerpt":{"rendered":"<p>Le pr\u00e9sident du Conseil italien Mario Monti a encourag\u00e9, lors d&rsquo;une \u00e9mission t\u00e9l\u00e9vis\u00e9e, la Gr\u00e8ce \u00e0 tenir strictement ses engagements financiers et ses partenaires \u00e0 \u00e9viter les \u00ab\u00a0diktats\u00a0\u00bb \u00e0 ce pays, dans une allusion transparente \u00e0 l&rsquo;Allemagne. \u00ab\u00a0Je crois et j&rsquo;esp\u00e8re que les Europ\u00e9ens, \u00e9galement les plus teutons d&rsquo;entre eux, s&rsquo;abstiendront de prononcer des diktats. [&hellip;]<\/p>\n","protected":false},"author":1,"featured_media":0,"comment_status":"open","ping_status":"closed","sticky":false,"template":"","format":"standard","meta":{"footnotes":""},"categories":[1],"tags":[],"class_list":["post-579","post","type-post","status-publish","format-standard","hentry","category-economie"],"aioseo_notices":[],"_links":{"self":[{"href":"https:\/\/www.culturalusa.com\/news\/wp-json\/wp\/v2\/posts\/579","targetHints":{"allow":["GET"]}}],"collection":[{"href":"https:\/\/www.culturalusa.com\/news\/wp-json\/wp\/v2\/posts"}],"about":[{"href":"https:\/\/www.culturalusa.com\/news\/wp-json\/wp\/v2\/types\/post"}],"author":[{"embeddable":true,"href":"https:\/\/www.culturalusa.com\/news\/wp-json\/wp\/v2\/users\/1"}],"replies":[{"embeddable":true,"href":"https:\/\/www.culturalusa.com\/news\/wp-json\/wp\/v2\/comments?post=579"}],"version-history":[{"count":0,"href":"https:\/\/www.culturalusa.com\/news\/wp-json\/wp\/v2\/posts\/579\/revisions"}],"wp:attachment":[{"href":"https:\/\/www.culturalusa.com\/news\/wp-json\/wp\/v2\/media?parent=579"}],"wp:term":[{"taxonomy":"category","embeddable":true,"href":"https:\/\/www.culturalusa.com\/news\/wp-json\/wp\/v2\/categories?post=579"},{"taxonomy":"post_tag","embeddable":true,"href":"https:\/\/www.culturalusa.com\/news\/wp-json\/wp\/v2\/tags?post=579"}],"curies":[{"name":"wp","href":"https:\/\/api.w.org\/{rel}","templated":true}]}}