{"id":5809,"date":"2019-07-24T19:37:12","date_gmt":"2019-07-24T17:37:12","guid":{"rendered":"https:\/\/www.culturalusa.com\/news\/?p=5809"},"modified":"2020-10-20T16:55:44","modified_gmt":"2020-10-20T14:55:44","slug":"facebook-condamne-a-une-amende-record-de-5-milliards-de-dollars","status":"publish","type":"post","link":"https:\/\/www.culturalusa.com\/news\/actualite\/facebook-condamne-a-une-amende-record-de-5-milliards-de-dollars\/","title":{"rendered":"Facebook condamn\u00e9 \u00e0 une amende record de 5 milliards de dollars"},"content":{"rendered":"<p>L&rsquo;amende la plus importante jamais impos\u00e9e pour violation de la vie priv\u00e9e des consommateurs.<\/p>\n<p>5 milliards de dollars. C&rsquo;est le montant de l&rsquo;amende record impos\u00e9e \u00e0 Facebook par les autorit\u00e9s f\u00e9d\u00e9rales am\u00e9ricaines, qui accusent le r\u00e9seau social d&rsquo;avoir \u00ab\u00a0tromp\u00e9\u00a0\u00bb ses utilisateurs, un contr\u00f4le ind\u00e9pendant de la mani\u00e8re dont il traite les donn\u00e9es personnelles. <\/p>\n<p>C&rsquo;est l&rsquo;amende la plus importante jamais impos\u00e9e pour violation de la vie priv\u00e9e des consommateurs, d&rsquo;apr\u00e8s un communiqu\u00e9 publi\u00e9 mercredi par le r\u00e9gulateur (FTC), qui accuse le r\u00e9seau social le plus puissant au monde d&rsquo;avoir \u00ab\u00a0tromp\u00e9\u00a0\u00bb ses utilisateurs sur leur capacit\u00e9 \u00e0 contr\u00f4ler leurs informations personnelles. <\/p>\n<p>L&rsquo;accord conclu entre Facebook et la FTC oblige le r\u00e9seau social \u00e0 mettre en place un comit\u00e9 ind\u00e9pendant sur la protection de la vie priv\u00e9e, \u00ab\u00a0supprimant ainsi le contr\u00f4le absolu du PDG de Facebook, Mark Zuckerberg, sur les d\u00e9cisions affectant la confidentialit\u00e9 des utilisateurs\u00a0\u00bb.<br \/>\n\u00ab\u00a0Un mod\u00e8le pour tout le secteur\u00a0\u00bb<\/p>\n<p>\u00ab\u00a0Les membres du comit\u00e9 de la protection de la vie priv\u00e9e doivent \u00eatre ind\u00e9pendants et seront nomm\u00e9s par un comit\u00e9 de nomination ind\u00e9pendant. Les membres ne peuvent \u00eatre licenci\u00e9s que par une majorit\u00e9 des membres du conseil d&rsquo;administration de Facebook\u00a0\u00bb, pr\u00e9cise le r\u00e9gulateur. <\/p>\n<p>Le r\u00e9seau social a aussi d\u00fb s&rsquo;engager \u00e0 ajouter des fonctionnalit\u00e9s permettant aux utilisateurs de mieux contr\u00f4ler leur vie priv\u00e9e \u00e0 tous les niveaux de la plateforme, et \u00e0 fournir des rapports r\u00e9guliers sur les risques, les probl\u00e8mes et les solutions mises en place pour assurer la confidentialit\u00e9 des informations. <\/p>\n<p>\u00ab\u00a0Cet accord va n\u00e9cessiter un changement fondamental dans notre fa\u00e7on de travailler\u00a0\u00bb, a r\u00e9agi Facebook dans un communiqu\u00e9. \u00ab\u00a0Le type de responsabilit\u00e9 requis par cet accord va plus loin que la loi am\u00e9ricaine et nous esp\u00e9rons que ce sera un mod\u00e8le pour tout le secteur\u00a0\u00bb.<br \/>\nDeux ans dans la tourmente<\/p>\n<p>Les donn\u00e9es personnelles de ses plus de 2,7 milliards d&rsquo;utilisateurs actifs mensuels sont le bien le plus pr\u00e9cieux de Facebook, qui les collecte et les exploite pour en tirer d&rsquo;immenses revenus publicitaires gr\u00e2ce \u00e0 un ciblage tr\u00e8s affin\u00e9. <\/p>\n<p>Mais c&rsquo;est \u00e0 cause de la fa\u00e7on dont ces donn\u00e9es sont utilis\u00e9es que le r\u00e9seau social se trouve depuis deux ans dans la tourmente et fait face \u00e0 une grave crise de confiance. <\/p>\n<p>L&rsquo;enqu\u00eate de la FTC visait \u00e0 d\u00e9terminer si Facebook avait enfreint un accord \u00e0 l&rsquo;amiable de 2012 dans lequel il s&rsquo;engageait d\u00e9j\u00e0 au respect des donn\u00e9es personnelles et \u00e0 la transparence concernant leur utilisation. <\/p>\n<p>Elle a \u00e9t\u00e9 ouverte apr\u00e8s l&rsquo;\u00e9clatement en mars 2018 du scandale des fuites de donn\u00e9es vers la firme britannique Cambridge Analytica, qui travaillait pour la campagne de Donald Trump en 2016 et a d\u00e9tourn\u00e9 les donn\u00e9es personnelles de dizaines de millions d&rsquo;utilisateurs dans le monde. <\/p>\n<p>22 milliards de b\u00e9n\u00e9fices en 2018<\/p>\n<p>Bien que le montant soit un record, l&rsquo;amende n&rsquo;affectera en rien la sant\u00e9 financi\u00e8re de l&rsquo;entreprise. Pour son exercice 2018, Facebook a affich\u00e9 une sant\u00e9 de fer avec 22 milliards de dollars de b\u00e9n\u00e9fice pour un chiffre d&rsquo;affaires de 55 milliards. <\/p>\n<p>Facebook doit publier ses r\u00e9sultats trimestriels mercredi apr\u00e8s la cl\u00f4ture de Wall Street et ce sera sans doute l&rsquo;occasion pour Mark Zuckerberg de prendre la parole et de s&rsquo;expliquer. <\/p>\n<p>Il pourra aussi commenter l&rsquo;annonce mardi soir par le minist\u00e8re am\u00e9ricain de la Justice du lancement d&rsquo;une vaste enqu\u00eate pour d\u00e9terminer si les g\u00e9ants des g\u00e9ants des r\u00e9seaux sociaux, des moteurs de recherche et du commerce en ligne sont devenus trop puissants. (AFP)<\/p>\n","protected":false},"excerpt":{"rendered":"<p>L&rsquo;amende la plus importante jamais impos\u00e9e pour violation de la vie priv\u00e9e des consommateurs. 5 milliards de dollars. C&rsquo;est le montant de l&rsquo;amende record impos\u00e9e \u00e0 Facebook par les autorit\u00e9s f\u00e9d\u00e9rales am\u00e9ricaines, qui accusent le r\u00e9seau social d&rsquo;avoir \u00ab\u00a0tromp\u00e9\u00a0\u00bb ses utilisateurs, un contr\u00f4le ind\u00e9pendant de la mani\u00e8re dont il traite les donn\u00e9es personnelles. C&rsquo;est l&rsquo;amende [&hellip;]<\/p>\n","protected":false},"author":1,"featured_media":5811,"comment_status":"open","ping_status":"closed","sticky":false,"template":"","format":"standard","meta":{"footnotes":""},"categories":[30],"tags":[1041,164,802],"class_list":["post-5809","post","type-post","status-publish","format-standard","has-post-thumbnail","hentry","category-actualite","tag-consommateurs","tag-facebook","tag-vie-privee"],"aioseo_notices":[],"_links":{"self":[{"href":"https:\/\/www.culturalusa.com\/news\/wp-json\/wp\/v2\/posts\/5809","targetHints":{"allow":["GET"]}}],"collection":[{"href":"https:\/\/www.culturalusa.com\/news\/wp-json\/wp\/v2\/posts"}],"about":[{"href":"https:\/\/www.culturalusa.com\/news\/wp-json\/wp\/v2\/types\/post"}],"author":[{"embeddable":true,"href":"https:\/\/www.culturalusa.com\/news\/wp-json\/wp\/v2\/users\/1"}],"replies":[{"embeddable":true,"href":"https:\/\/www.culturalusa.com\/news\/wp-json\/wp\/v2\/comments?post=5809"}],"version-history":[{"count":0,"href":"https:\/\/www.culturalusa.com\/news\/wp-json\/wp\/v2\/posts\/5809\/revisions"}],"wp:featuredmedia":[{"embeddable":true,"href":"https:\/\/www.culturalusa.com\/news\/wp-json\/wp\/v2\/media\/5811"}],"wp:attachment":[{"href":"https:\/\/www.culturalusa.com\/news\/wp-json\/wp\/v2\/media?parent=5809"}],"wp:term":[{"taxonomy":"category","embeddable":true,"href":"https:\/\/www.culturalusa.com\/news\/wp-json\/wp\/v2\/categories?post=5809"},{"taxonomy":"post_tag","embeddable":true,"href":"https:\/\/www.culturalusa.com\/news\/wp-json\/wp\/v2\/tags?post=5809"}],"curies":[{"name":"wp","href":"https:\/\/api.w.org\/{rel}","templated":true}]}}