{"id":581,"date":"2012-05-26T02:44:30","date_gmt":"2012-05-26T00:44:30","guid":{"rendered":"http:\/\/www.culturalusa.com\/news\/?p=581"},"modified":"2012-05-26T02:59:31","modified_gmt":"2012-05-26T00:59:31","slug":"le-ps-a-avertit-la-troika-que-le-portugal-a-atteint-le-feu-rouge","status":"publish","type":"post","link":"https:\/\/www.culturalusa.com\/news\/portugal\/le-ps-a-avertit-la-troika-que-le-portugal-a-atteint-le-feu-rouge\/","title":{"rendered":"Le PS a avertit la tro\u00efka que le Portugal a atteint le feu rouge"},"content":{"rendered":"<figure id=\"attachment_582\" aria-describedby=\"caption-attachment-582\" style=\"width: 275px\" class=\"wp-caption alignleft\"><img loading=\"lazy\" decoding=\"async\" src=\"http:\/\/www.culturalusa.com\/news\/wp-content\/uploads\/2012\/05\/A-J-Seguro-275x158.jpg\" alt=\"\" title=\"Seguro\" width=\"275\" height=\"158\" class=\"size-medium wp-image-582\" srcset=\"https:\/\/www.culturalusa.com\/news\/wp-content\/uploads\/2012\/05\/A-J-Seguro-275x158.jpg 275w, https:\/\/www.culturalusa.com\/news\/wp-content\/uploads\/2012\/05\/A-J-Seguro.jpg 460w\" sizes=\"auto, (max-width: 275px) 100vw, 275px\" \/><figcaption id=\"caption-attachment-582\" class=\"wp-caption-text\">Ant\u00f3nio Jos\u00e9 Seguro<\/figcaption><\/figure>Le Secr\u00e9taire g\u00e9n\u00e9ral du Parti socialiste a d\u00e9clar\u00e9 avoir averti les repr\u00e9sentants de la tro\u00efka que le Portugal \u00ab\u00a0a atteint le feu rouge\u00a0\u00bb, surtout au niveau du ch\u00f4mage, et que les variations dans la recette appliqu\u00e9e au pays \u00ab\u00a0s&rsquo;approfondissent\u00a0\u00bb.<\/p>\n<p>Ant\u00f3nio Jos\u00e9 Seguro commentait aux journalistes lors d&rsquo;une conf\u00e9rence de presse \u00e0 l&rsquo;issue d&rsquo;une r\u00e9union avec des repr\u00e9sentants de la \u00ab\u00a0tro\u00efka\u00a0\u00bb (Commission Europ\u00e9enne, Banque Centrale Europ\u00e9enne et du Fonds Mon\u00e9taire International) au si\u00e8ge national du PS, r\u00e9union qui a dur\u00e9 environ 80 minutes.<\/p>\n<p>\u00ab\u00a0Les mesures appliqu\u00e9es ne conduisent pas \u00e0 la solution. Nous avons dit aux repr\u00e9sentants de la tro\u00efka que le Portugal a atteint le feu rouge, en particulier en ce qui concerne le ch\u00f4mage\u00a0\u00bb, a d\u00e9clar\u00e9 le secr\u00e9taire g\u00e9n\u00e9ral du PS.<\/p>\n<p>Le leader socialiste a \u00e9galement d\u00e9clar\u00e9 que la r\u00e9union a confirm\u00e9 et \u00ab\u00a0approfondi\u00a0\u00bb les diff\u00e9rences entre le PS avec le Gouvernement et la tro\u00efka.<\/p>\n<p>\u00ab\u00a0Cette divergence \u00e9tait d\u00e9j\u00e0 devenue \u00e9vidente dans les deux autres rencontres avec la tro\u00efka. Aujourd&rsquo;hui cela se confirme\u00a0\u00bb, a soulign\u00e9 Ant\u00f3nio Jos\u00e9 Seguro.<\/p>\n<p>Pour la tro\u00efka, \u00e9taient au si\u00e8ge national du PS les trois chefs de mission, Rasmus Rueffer (Banque Centrale Europ\u00e9enne), Abebe Selassie (FMI) et Jurgen Kroger (Commission Europ\u00e9enne).<\/p>\n<p>La tro\u00efka des chefs de mission ont \u00e9t\u00e9 accompagn\u00e9s par Albert Jaeger (FMI) et Martin Hallet (Commission europ\u00e9enne).<\/p>\n<p>Du c\u00f4t\u00e9 du PS, avec Ant\u00f3nio Jos\u00e9 Seguro, ont assist\u00e9 \u00e0 la r\u00e9union de la tro\u00efka le leader parlementaire, Carlos Zorrinho, le secr\u00e9taire national de l&rsquo;\u00e9conomie et l&rsquo;innovation, Eurico Brilhante Dias, et le conseiller pour les affaires \u00e9conomiques (l&rsquo;ancien secr\u00e9taire d&rsquo; Etat) Oscar Gaspar.<\/p>\n<p><img loading=\"lazy\" decoding=\"async\" class=\"alignleft size-full wp-image-180\" style=\"border: 0pt none;\" title=\"icon-pt\" src=\"http:\/\/www.culturalusa.com\/news\/wp-content\/uploads\/2012\/04\/icon-pt.gif\" alt=\"\" width=\"14\" height=\"14\" \/> <span style=\"color: #800000;\">PS avisa troika que Portugal atingiu \u00ab\u00a0o sinal vermelho\u00a0\u00bb<\/span><\/p>\n<p>O secret\u00e1rio-geral do PS afirmou hoje que advertiu os representantes da troika que Portugal \u00ab\u00a0atingiu o sinal vermelho\u00a0\u00bb, sobretudo ao n\u00edvel do desemprego, e que as diverg\u00eancias quanto \u00e0 receita aplicada no pa\u00eds est\u00e3o a \u00ab\u00a0aprofundar-se\u00a0\u00bb.<\/p>\n<p>Ant\u00f3nio Jos\u00e9 Seguro falava aos jornalistas, em confer\u00eancia de imprensa, no final de uma reuni\u00e3o com os representantes da \u00b4troika\u00b4 (Comiss\u00e3o Europeia, Banco Central Europeu e Fundo Monet\u00e1rio Internacional) na sede nacional do PS, encontro que durou cerca de 80 minutos.<\/p>\n<p>\u00ab\u00a0A receita que est\u00e1 a ser aplicada n\u00e3o conduz \u00e0 solu\u00e7\u00e3o. Dissemos aos representantes da troika que Portugal atingiu o sinal vermelho, sobretudo no que se refere ao desemprego\u00a0\u00bb, declarou o secret\u00e1rio-geral do PS.<\/p>\n<p>O l\u00edder dos socialistas considerou ainda que a reuni\u00e3o confirmou e \u00ab\u00a0aprofundou\u00a0\u00bb as diverg\u00eancias entre o PS com o Governo e a troika.<\/p>\n<p>\u00ab\u00a0Essa diverg\u00eancia j\u00e1 tinha ficado patente nas outras duas reuni\u00f5es com a troika. Hoje aprofundou-se\u00a0\u00bb, acentuou Ant\u00f3nio Jos\u00e9 Seguro.<\/p>\n<p>Pela troika, estiveram na sede nacional do PS os tr\u00eas chefes de miss\u00e3o, Rasmus Rueffer (Banco Central Europeu), Abebe Selassie (Fundo Monet\u00e1rio Internacional) e Jurgen Kroger (Comiss\u00e3o Europeia).<\/p>\n<p>Os chefes de miss\u00e3o da troika estiveram acompanhados por Albert Jaeger (FMI) e por Martin Hallet (Comiss\u00e3o Europeia).<\/p>\n<p>J\u00e1 pelo lado do PS, al\u00e9m de Ant\u00f3nio Jos\u00e9 Seguro, estiveram presentes na reuni\u00e3o com a troika o l\u00edder parlamentar, Carlos Zorrinho, o secret\u00e1rio nacional para a economia e inova\u00e7\u00e3o, Eurico Brilhante Dias, e o assessor para os assuntos econ\u00f3micos (ex-secret\u00e1rio de Estado) \u00d3scar Gaspar. (fonte:DN)<\/p>\n<p style=\"text-align:center;\"><object id=\"flashObj\" width=\"465\" height=\"315\" classid=\"clsid:D27CDB6E-AE6D-11cf-96B8-444553540000\" codebase=\"http:\/\/download.macromedia.com\/pub\/shockwave\/cabs\/flash\/swflash.cab#version=9,0,47,0\"><param name=\"movie\" value=\"http:\/\/c.brightcove.com\/services\/viewer\/federated_f9?isVid=1\" \/><param name=\"bgcolor\" value=\"#FFFFFF\" \/><param name=\"flashVars\" value=\"videoId=1641613917001&#038;linkBaseURL=http%3A%2F%2Fwww.dn.pt%2Fgalerias%2Fvideos%2F%3Fcontent_id%3D2525412%26seccao%3DEconomia&#038;playerID=760102386001&#038;playerKey=AQ~~,AAAAmZUYzbk~,m2h8uf63KfDbEl-3SoG_0iTpto59dCL8&#038;domain=embed&#038;dynamicStreaming=true\" \/><param name=\"base\" value=\"http:\/\/admin.brightcove.com\" \/><param name=\"seamlesstabbing\" value=\"false\" \/><param name=\"allowFullScreen\" value=\"true\" \/><param name=\"swLiveConnect\" value=\"true\" \/><param name=\"allowScriptAccess\" value=\"always\" \/><embed src=\"http:\/\/c.brightcove.com\/services\/viewer\/federated_f9?isVid=1\" bgcolor=\"#FFFFFF\" flashVars=\"videoId=1641613917001&#038;linkBaseURL=http%3A%2F%2Fwww.dn.pt%2Fgalerias%2Fvideos%2F%3Fcontent_id%3D2525412%26seccao%3DEconomia&#038;playerID=760102386001&#038;playerKey=AQ~~,AAAAmZUYzbk~,m2h8uf63KfDbEl-3SoG_0iTpto59dCL8&#038;domain=embed&#038;dynamicStreaming=true\" base=\"http:\/\/admin.brightcove.com\" name=\"flashObj\" width=\"465\" height=\"315\" seamlesstabbing=\"false\" type=\"application\/x-shockwave-flash\" allowFullScreen=\"true\" swLiveConnect=\"true\" allowScriptAccess=\"always\" pluginspage=\"http:\/\/www.macromedia.com\/shockwave\/download\/index.cgi?P1_Prod_Version=ShockwaveFlash\"><\/embed><\/object><\/p>\n<p style=\"text-align:center;\"><script type=\"text\/javascript\"><!--\ngoogle_ad_client = \"ca-pub-2727717456356200\";\n\/* CulturaLusa 468x60 *\/\ngoogle_ad_slot = \"2785499263\";\ngoogle_ad_width = 468;\ngoogle_ad_height = 60;\n\/\/-->\n<\/script><br \/>\n<script type=\"text\/javascript\"\nsrc=\"http:\/\/pagead2.googlesyndication.com\/pagead\/show_ads.js\">\n<\/script><\/p>\n","protected":false},"excerpt":{"rendered":"<p>Le Secr\u00e9taire g\u00e9n\u00e9ral du Parti socialiste a d\u00e9clar\u00e9 avoir averti les repr\u00e9sentants de la tro\u00efka que le Portugal \u00ab\u00a0a atteint le feu rouge\u00a0\u00bb, surtout au niveau du ch\u00f4mage, et que les variations dans la recette appliqu\u00e9e au pays \u00ab\u00a0s&rsquo;approfondissent\u00a0\u00bb. Ant\u00f3nio Jos\u00e9 Seguro commentait aux journalistes lors d&rsquo;une conf\u00e9rence de presse \u00e0 l&rsquo;issue d&rsquo;une r\u00e9union avec [&hellip;]<\/p>\n","protected":false},"author":1,"featured_media":0,"comment_status":"open","ping_status":"closed","sticky":false,"template":"","format":"standard","meta":{"footnotes":""},"categories":[3],"tags":[],"class_list":["post-581","post","type-post","status-publish","format-standard","hentry","category-portugal"],"aioseo_notices":[],"_links":{"self":[{"href":"https:\/\/www.culturalusa.com\/news\/wp-json\/wp\/v2\/posts\/581","targetHints":{"allow":["GET"]}}],"collection":[{"href":"https:\/\/www.culturalusa.com\/news\/wp-json\/wp\/v2\/posts"}],"about":[{"href":"https:\/\/www.culturalusa.com\/news\/wp-json\/wp\/v2\/types\/post"}],"author":[{"embeddable":true,"href":"https:\/\/www.culturalusa.com\/news\/wp-json\/wp\/v2\/users\/1"}],"replies":[{"embeddable":true,"href":"https:\/\/www.culturalusa.com\/news\/wp-json\/wp\/v2\/comments?post=581"}],"version-history":[{"count":0,"href":"https:\/\/www.culturalusa.com\/news\/wp-json\/wp\/v2\/posts\/581\/revisions"}],"wp:attachment":[{"href":"https:\/\/www.culturalusa.com\/news\/wp-json\/wp\/v2\/media?parent=581"}],"wp:term":[{"taxonomy":"category","embeddable":true,"href":"https:\/\/www.culturalusa.com\/news\/wp-json\/wp\/v2\/categories?post=581"},{"taxonomy":"post_tag","embeddable":true,"href":"https:\/\/www.culturalusa.com\/news\/wp-json\/wp\/v2\/tags?post=581"}],"curies":[{"name":"wp","href":"https:\/\/api.w.org\/{rel}","templated":true}]}}