{"id":5880,"date":"2019-09-17T10:52:01","date_gmt":"2019-09-17T08:52:01","guid":{"rendered":"https:\/\/www.culturalusa.com\/news\/?p=5880"},"modified":"2019-09-17T10:52:01","modified_gmt":"2019-09-17T08:52:01","slug":"les-gilets-jaunes-reclament-un-gel-immediat-des-prix-du-carburant","status":"publish","type":"post","link":"https:\/\/www.culturalusa.com\/news\/economie\/les-gilets-jaunes-reclament-un-gel-immediat-des-prix-du-carburant\/","title":{"rendered":"Les \u00ab\u00a0gilets jaunes\u00a0\u00bb r\u00e9clament \u00ab\u00a0un gel imm\u00e9diat\u00a0\u00bb des prix du carburant"},"content":{"rendered":"<p><img decoding=\"async\" src=\"https:\/\/www.culturalusa.com\/news\/wp-content\/uploads\/2019\/08\/carburant.png\" alt=\"\" width=\"100%\" class=\"aligncenter size-full wp-image-5822\" srcset=\"https:\/\/www.culturalusa.com\/news\/wp-content\/uploads\/2019\/08\/carburant.png 600w, https:\/\/www.culturalusa.com\/news\/wp-content\/uploads\/2019\/08\/carburant-275x164.png 275w, https:\/\/www.culturalusa.com\/news\/wp-content\/uploads\/2019\/08\/carburant-480x286.png 480w\" sizes=\"(max-width: 600px) 100vw, 600px\" \/>Le collectif des \u00ab\u00a0Gilets jaunes citoyens\u00a0\u00bb a r\u00e9clam\u00e9 mardi un \u00ab\u00a0gel imm\u00e9diat\u00a0\u00bb des prix des carburants et lanc\u00e9 une p\u00e9tition de soutien \u00e0 son initiative visant \u00e0 freiner les effets de la flamb\u00e9e des cours du p\u00e9trole.<\/p>\n<p>Rappelant que \u00ab\u00a0le mouvement des Gilets Jaunes fait suite \u00e0 la hausse des prix du carburant de 2018\u00a0\u00bb, le collectif co-fond\u00e9 par Thierry Paul Valette estime dans un communiqu\u00e9 que \u00ab\u00a0dans un contexte social compliqu\u00e9, Emmanuel Macron ne doit surtout pas laisser la situation se compliquer\u00a0\u00bb alors que \u00ab\u00a0la flamb\u00e9e des cours (&#8230;) va provoquer une forte hausse des prix \u00e0 la pompe de pr\u00e8s de 5 centimes\u00a0\u00bb.<\/p>\n<p>\u00ab\u00a0Le pr\u00e9sident se doit de r\u00e9agir tr\u00e8s rapidement\u00a0\u00bb, poursuit le collectif. \u00ab\u00a0Nous demandons donc le gel imm\u00e9diat des prix du carburant. Nous ne devons surtout pas \u00eatre les otages de cette flamb\u00e9e des prix\u00a0\u00bb.<\/p>\n<p>\u00ab\u00a0Notre mouvement des Gilets Jaunes n&rsquo;est pas mort, la grogne existe toujours et tr\u00e8s peu de r\u00e9ponses ont \u00e9t\u00e9 apport\u00e9es\u00a0\u00bb, met en garde ce collectif, qui veut pr\u00e9senter une liste emmen\u00e9e par M. Valette pour les \u00e9lections municipales \u00e0 Paris en 2020.<\/p>\n<p>La flamb\u00e9e des cours du p\u00e9trole \u00e0 la suite de l&rsquo;attaque d&rsquo;installations en Arabie saoudite, qui a entra\u00een\u00e9 une r\u00e9duction de moiti\u00e9 de sa production et fait craindre une escalade militaire avec l&rsquo;Iran, risque de se traduire par une hausse rapide des prix \u00e0 la pompe, estiment certains professionnels, m\u00eame si beaucoup d&rsquo;inconnues demeurent dans un contexte tr\u00e8s volatil.<\/p>\n<p>Le pr\u00e9sident de l&rsquo;Union fran\u00e7aise des industries p\u00e9troli\u00e8res (Ufip), Francis Duseux, a estim\u00e9 lundi qu&rsquo;il fallait \u00ab\u00a0s&rsquo;attendre assez rapidement \u00e0 une augmentation de l&rsquo;ordre de 4 ou 5 centimes\u00a0\u00bb du prix du litre. (AFP)<\/p>\n","protected":false},"excerpt":{"rendered":"<p>Le collectif des \u00ab\u00a0Gilets jaunes citoyens\u00a0\u00bb a r\u00e9clam\u00e9 mardi un \u00ab\u00a0gel imm\u00e9diat\u00a0\u00bb des prix des carburants et lanc\u00e9 une p\u00e9tition de soutien \u00e0 son initiative visant \u00e0 freiner les effets de la flamb\u00e9e des cours du p\u00e9trole. Rappelant que \u00ab\u00a0le mouvement des Gilets Jaunes fait suite \u00e0 la hausse des prix du carburant de 2018\u00a0\u00bb, [&hellip;]<\/p>\n","protected":false},"author":1,"featured_media":0,"comment_status":"open","ping_status":"closed","sticky":false,"template":"","format":"standard","meta":{"footnotes":""},"categories":[1],"tags":[1060,912],"class_list":["post-5880","post","type-post","status-publish","format-standard","hentry","category-economie","tag-carburant","tag-gilets-jaunes"],"aioseo_notices":[],"_links":{"self":[{"href":"https:\/\/www.culturalusa.com\/news\/wp-json\/wp\/v2\/posts\/5880","targetHints":{"allow":["GET"]}}],"collection":[{"href":"https:\/\/www.culturalusa.com\/news\/wp-json\/wp\/v2\/posts"}],"about":[{"href":"https:\/\/www.culturalusa.com\/news\/wp-json\/wp\/v2\/types\/post"}],"author":[{"embeddable":true,"href":"https:\/\/www.culturalusa.com\/news\/wp-json\/wp\/v2\/users\/1"}],"replies":[{"embeddable":true,"href":"https:\/\/www.culturalusa.com\/news\/wp-json\/wp\/v2\/comments?post=5880"}],"version-history":[{"count":0,"href":"https:\/\/www.culturalusa.com\/news\/wp-json\/wp\/v2\/posts\/5880\/revisions"}],"wp:attachment":[{"href":"https:\/\/www.culturalusa.com\/news\/wp-json\/wp\/v2\/media?parent=5880"}],"wp:term":[{"taxonomy":"category","embeddable":true,"href":"https:\/\/www.culturalusa.com\/news\/wp-json\/wp\/v2\/categories?post=5880"},{"taxonomy":"post_tag","embeddable":true,"href":"https:\/\/www.culturalusa.com\/news\/wp-json\/wp\/v2\/tags?post=5880"}],"curies":[{"name":"wp","href":"https:\/\/api.w.org\/{rel}","templated":true}]}}