{"id":5882,"date":"2019-09-17T11:01:06","date_gmt":"2019-09-17T09:01:06","guid":{"rendered":"https:\/\/www.culturalusa.com\/news\/?p=5882"},"modified":"2020-10-20T16:49:43","modified_gmt":"2020-10-20T14:49:43","slug":"marine-le-pen-si-personne-nemerge-pour-la-presidentielle-moi-je-suis-la","status":"publish","type":"post","link":"https:\/\/www.culturalusa.com\/news\/actualite\/marine-le-pen-si-personne-nemerge-pour-la-presidentielle-moi-je-suis-la\/","title":{"rendered":"Marine Le Pen: \u00ab\u00a0Si personne n&rsquo;\u00e9merge\u00a0\u00bb pour la pr\u00e9sidentielle, \u00ab\u00a0moi je suis l\u00e0\u00a0\u00bb"},"content":{"rendered":"<p>\u00ab\u00a0Si personne n&rsquo;\u00e9merge\u00a0\u00bb pour la pr\u00e9sidentielle de 2022 au Rassemblement national \u00ab\u00a0moi je suis l\u00e0\u00a0\u00bb, a d\u00e9clar\u00e9 la pr\u00e9sidente du RN (Rassemblement National), qui n&rsquo;est pas oppos\u00e9e \u00e0 revivre le m\u00eame duel avec Emmanuel Macron.<\/p>\n<p>\u00ab\u00a0Je vois beaucoup de gens chercher un candidat miraculeux. Pour l&rsquo;instant je n&rsquo;en ai pas vu&#8230; Je dis aux Fran\u00e7ais que si personne n&rsquo;\u00e9merge, moi je suis l\u00e0\u00a0\u00bb, a affirm\u00e9 sur BFMTV\/RMC la finaliste de la pr\u00e9sidentielle en 2017, qui avait jug\u00e9 sa ni\u00e8ce Marion Mar\u00e9chal \u00ab\u00a0un peu jeune\u00a0\u00bb pour repr\u00e9senter le RN en 2022.<\/p>\n<p>\u00ab\u00a0Je suis toujours l\u00e0 pour d\u00e9fendre leurs int\u00e9r\u00eats (des Fran\u00e7ais, ndlr) et je serai l\u00e0 s&rsquo;il n&rsquo;y a pas quelqu&rsquo;un d&rsquo;autre qui \u00e9merge\u00a0\u00bb, a-t-elle ajout\u00e9.<\/p>\n<p>Interrog\u00e9e pour savoir si elle souhaitait le m\u00eame duel entre elle et Emmanuel Macron en 2022, Marine Le Pen a r\u00e9pondu: \u00ab\u00a0pourquoi pas? <\/p>\n<p>Pourquoi est-ce qu&rsquo;il faudrait obligatoirement qu&rsquo;il y ait \u00e0 chaque \u00e9lection des figures qui soient obligatoirement nouvelles?\u00a0\u00bb<\/p>\n<p>\u00ab\u00a0Au-del\u00e0 des personnes, bien s\u00fbr que la confrontation (en 2022) se fera entre un mondialiste et un national, entre deux visions qui sont effectivement contradictoires\u00a0\u00bb, a estim\u00e9 la cheffe du RN.<\/p>\n<p>Marine Le Pen estime que le chef de l&rsquo;Etat est d\u00e9j\u00e0 en campagne. \u00ab\u00a0A partir du moment o\u00f9 le pr\u00e9sident se lance dans la campagne pr\u00e9sidentielle, je ne vais pas le laisser courir tout seul donc je me mets \u00e9galement sur la ligne de d\u00e9part\u00a0\u00bb, a-t-elle redit.<\/p>\n<p>Les autres partis, \u00ab\u00a0qui naviguent \u00e0 vue, qui n&rsquo;ont plus de convictions comme LR, ont vocation \u00e0 dispara\u00eetre ou \u00e0 \u00eatre fondus ou \u00e0 \u00eatre \u00e9cartel\u00e9s entre ces deux nouveaux p\u00f4les\u00a0\u00bb, selon la cheffe du RN. (AFP)<\/p>\n","protected":false},"excerpt":{"rendered":"<p>\u00ab\u00a0Si personne n&rsquo;\u00e9merge\u00a0\u00bb pour la pr\u00e9sidentielle de 2022 au Rassemblement national \u00ab\u00a0moi je suis l\u00e0\u00a0\u00bb, a d\u00e9clar\u00e9 la pr\u00e9sidente du RN (Rassemblement National), qui n&rsquo;est pas oppos\u00e9e \u00e0 revivre le m\u00eame duel avec Emmanuel Macron. \u00ab\u00a0Je vois beaucoup de gens chercher un candidat miraculeux. Pour l&rsquo;instant je n&rsquo;en ai pas vu&#8230; Je dis aux Fran\u00e7ais [&hellip;]<\/p>\n","protected":false},"author":1,"featured_media":5720,"comment_status":"open","ping_status":"closed","sticky":false,"template":"","format":"standard","meta":{"footnotes":""},"categories":[30],"tags":[391,639],"class_list":["post-5882","post","type-post","status-publish","format-standard","has-post-thumbnail","hentry","category-actualite","tag-marine-le-pen","tag-presidentielle"],"aioseo_notices":[],"_links":{"self":[{"href":"https:\/\/www.culturalusa.com\/news\/wp-json\/wp\/v2\/posts\/5882","targetHints":{"allow":["GET"]}}],"collection":[{"href":"https:\/\/www.culturalusa.com\/news\/wp-json\/wp\/v2\/posts"}],"about":[{"href":"https:\/\/www.culturalusa.com\/news\/wp-json\/wp\/v2\/types\/post"}],"author":[{"embeddable":true,"href":"https:\/\/www.culturalusa.com\/news\/wp-json\/wp\/v2\/users\/1"}],"replies":[{"embeddable":true,"href":"https:\/\/www.culturalusa.com\/news\/wp-json\/wp\/v2\/comments?post=5882"}],"version-history":[{"count":0,"href":"https:\/\/www.culturalusa.com\/news\/wp-json\/wp\/v2\/posts\/5882\/revisions"}],"wp:featuredmedia":[{"embeddable":true,"href":"https:\/\/www.culturalusa.com\/news\/wp-json\/wp\/v2\/media\/5720"}],"wp:attachment":[{"href":"https:\/\/www.culturalusa.com\/news\/wp-json\/wp\/v2\/media?parent=5882"}],"wp:term":[{"taxonomy":"category","embeddable":true,"href":"https:\/\/www.culturalusa.com\/news\/wp-json\/wp\/v2\/categories?post=5882"},{"taxonomy":"post_tag","embeddable":true,"href":"https:\/\/www.culturalusa.com\/news\/wp-json\/wp\/v2\/tags?post=5882"}],"curies":[{"name":"wp","href":"https:\/\/api.w.org\/{rel}","templated":true}]}}