{"id":596,"date":"2012-05-31T00:01:44","date_gmt":"2012-05-30T22:01:44","guid":{"rendered":"http:\/\/www.culturalusa.com\/news\/?p=596"},"modified":"2012-05-31T00:13:47","modified_gmt":"2012-05-30T22:13:47","slug":"le-ministre-de-leconomie-portugaise-veut-mettre-les-jeunes-a-travailler-tout-en-etudiant","status":"publish","type":"post","link":"https:\/\/www.culturalusa.com\/news\/portugal\/le-ministre-de-leconomie-portugaise-veut-mettre-les-jeunes-a-travailler-tout-en-etudiant\/","title":{"rendered":"Le Ministre de l&rsquo;Economie portugaise veut mettre les jeunes \u00e0 travailler tout en \u00e9tudiant"},"content":{"rendered":"<figure id=\"attachment_597\" aria-describedby=\"caption-attachment-597\" style=\"width: 467px\" class=\"wp-caption aligncenter\"><img loading=\"lazy\" decoding=\"async\" src=\"http:\/\/www.culturalusa.com\/news\/wp-content\/uploads\/2012\/05\/ministro-economia.jpg\" alt=\"\" title=\"Ministre de l&#039;\u00e9conomie\" width=\"467\" height=\"280\" class=\"size-full wp-image-597\" srcset=\"https:\/\/www.culturalusa.com\/news\/wp-content\/uploads\/2012\/05\/ministro-economia.jpg 467w, https:\/\/www.culturalusa.com\/news\/wp-content\/uploads\/2012\/05\/ministro-economia-275x165.jpg 275w\" sizes=\"auto, (max-width: 467px) 100vw, 467px\" \/><figcaption id=\"caption-attachment-597\" class=\"wp-caption-text\">Alvaro Santos Pereira<\/figcaption><\/figure>Le Ministre de l&rsquo;Economie portugaise veut accro\u00eetre les qualifications de 30 000 jeunes l&rsquo;ann\u00e9e prochaine.<\/p>\n<p>Alvaro Santos Pereira, a d\u00e9clar\u00e9 qu&rsquo;il est n\u00e9cessaire d&rsquo;\u00e9laborer un agenda pour la r\u00e9-industrialisation du Portugal, accompagn\u00e9 d&rsquo;une r\u00e9duction de la bureaucratie afin que l&rsquo;\u00e9conomie du pays puisse se d\u00e9velopper.<\/p>\n<p>\u00ab\u00a0Il est indispensable de croire dans les r\u00e9formes structurelles sur le terrain, en pariant sur un agenda pour la r\u00e9-industrialisation, en r\u00e9duisant la bureaucratie, rendre la vie plus facile pour nos entrepreneurs et, \u00e9videmment, nous avons besoin de qualifications dans nos ressources humaines\u00a0\u00bb, a d\u00e9clar\u00e9 Alvaro Santos Pereira, apr\u00e8s une visite officielle \u00e0 l&rsquo;usine Bosch de Cacia, Aveiro.<\/p>\n<p>Au cours de cette visite dans les installations d&rsquo;une soci\u00e9t\u00e9 d&rsquo;origine allemande, qui emploie plus de 3800 personnes au Portugal, le Ministre, qui \u00e9tait accompagn\u00e9 de son homologue allemand, a salu\u00e9 plusieurs employ\u00e9s et a questionn\u00e9 avec curiosit\u00e9 certains dirigeants de Bosch sur les proc\u00e9dures mises en \u0153uvre sur le site.<\/p>\n<p>Le ministre de l&rsquo;Economie et de l&rsquo;Emploi a reconnu que les r\u00e9formes structurelles auront un \u00ab\u00a0impact significatif\u00a0\u00bb sur l&rsquo;\u00e9conomie nationale, sans pr\u00e9ciser une date pour que cela se produise, mais en esp\u00e9rant que cela se fera le plus \u00ab\u00a0rapidement possible.\u00a0\u00bb<\/p>\n<p>\u00c1lvaro Santos Pereira, a annonc\u00e9 qu&rsquo;il pr\u00e9sentera en Juin un nouveau r\u00e8glement sp\u00e9cifique pour la formation, qui devrait couvrir environ 30.000 jeunes en 2012.<\/p>\n<p>L&rsquo;annonce, en accord avec une note envoy\u00e9e par l&rsquo;institut de l&#8217;emploi et la formation professionnelle (IEFP), a \u00e9t\u00e9 faite lors de la visite du ministre de l&rsquo;Economie et de la Technologie Allemand, Philipp Rosleren, en visite au Portugal.<\/p>\n<p>\u00ab\u00a0L&rsquo;intention du gouvernement est que, pour l&rsquo;ann\u00e9e prochaine, 30.000 de nos jeunes soient d\u00e9j\u00e0 impliqu\u00e9s dans le syst\u00e8me d&rsquo;apprentissage dans lequel ils \u00e9tudient tout en travaillant, en vue d&rsquo;accro\u00eetre leurs comp\u00e9tences\u00a0\u00bb, a d\u00e9clar\u00e9 Alvaro Santos Pereira aux journalistes.<\/p>\n<p><img loading=\"lazy\" decoding=\"async\" class=\"alignleft size-full wp-image-180\" style=\"border: 0pt none;\" title=\"icon-pt\" src=\"http:\/\/www.culturalusa.com\/news\/wp-content\/uploads\/2012\/04\/icon-pt.gif\" alt=\"\" width=\"14\" height=\"14\" \/> Alvaro Santos Pereira quer p\u00f4r jovens a trabalhar enquanto estudam.<\/p>\n<p>O Ministro da Economia quer aumentar qualifica\u00e7\u00f5es de 30 mil jovens no pr\u00f3ximo ano. <\/p>\n<p>\u00c1lvaro Santos Pereira, disse ser necess\u00e1rio desenvolver uma agenda de reindustrializa\u00e7\u00e3o de Portugal, acompanhada de uma diminui\u00e7\u00e3o da burocracia para que a economia do pa\u00eds possa crescer.<\/p>\n<p>\u00ab\u00a0\u00c9 fundamental acreditar nas reformas estruturais que est\u00e3o no terreno, apostar numa agenda de reindustrializa\u00e7\u00e3o, diminuir a burocracia, facilitar a vida dos nossos empres\u00e1rios e, obviamente, precisamos de qualificar os nossos recursos humanos\u00a0\u00bb, afirmou o governante \u00e0 Lusa ap\u00f3s uma visita \u00e0 f\u00e1brica da Bosch em Cacia, Aveiro.<\/p>\n<p>Durante a visita \u00e0s instala\u00e7\u00f5es da empresa de origem alem\u00e3, que emprega mais de 3.800 pessoas em Portugal, \u00c1lvaro Santos Pereira, que estava acompanhado pelo seu hom\u00f3logo alem\u00e3o, cumprimentou v\u00e1rios funcion\u00e1rios e questionou com curiosidade os respons\u00e1veis da Bosch sobre os procedimentos empreendidos no local.<\/p>\n<p>O ministro da Economia e do Emprego admitiu acreditar que as reformas estruturais v\u00e3o ter \u00ab\u00a0um impacto muito significativo\u00a0\u00bb na economia nacional, sem conseguir precisar um prazo para que tal aconte\u00e7a, mas esperando que seja \u00ab\u00a0o mais rapidamente poss\u00edvel\u00a0\u00bb.<\/p>\n<p>O ministro da Economia, \u00c1lvaro Santos Pereira, anunciou que apresentar\u00e1 em junho um novo regulamento espec\u00edfico para a forma\u00e7\u00e3o profissional, que dever\u00e1 abranger cerca de 30 mil jovens em 2012.<\/p>\n<p>O an\u00fancio, de acordo com uma nota enviada pelo Instituto de Emprego e Forma\u00e7\u00e3o Profissional (IEFP), foi feito durante a visita do ministro da Economia e da Tecnologia da Alemanha a Portugal.<\/p>\n<p>\u00ab\u00a0A inten\u00e7\u00e3o do Governo \u00e9 que, para o pr\u00f3ximo ano, 30 mil dos nossos jovens j\u00e1 estejam envolvidos no sistema de aprendizagem em que est\u00e3o a estudar ao mesmo tempo que trabalham, de forma a aumentar as suas qualifica\u00e7\u00f5es\u00a0\u00bb, afirmou \u00c1lvaro Santos Pereira aos jornalistas ap\u00f3s o an\u00fancio ter sido feito. (fonte:JN)<br \/>\n[flv:http:\/\/www.culturalusa.com\/videos\/ASantosPereira30052012.flv 467 300]\n<p style=\"text-align:center;\">\u00c1lvaro Santos Pereira ao Jornal de Negocios<\/p>\n<p style=\"text-align:center;\"><script type=\"text\/javascript\"><!--\ngoogle_ad_client = \"ca-pub-2727717456356200\";\n\/* CulturaLusa 468x60 *\/\ngoogle_ad_slot = \"2785499263\";\ngoogle_ad_width = 468;\ngoogle_ad_height = 60;\n\/\/-->\n<\/script><br \/>\n<script type=\"text\/javascript\"\nsrc=\"http:\/\/pagead2.googlesyndication.com\/pagead\/show_ads.js\">\n<\/script><\/p>\n","protected":false},"excerpt":{"rendered":"<p>Le Ministre de l&rsquo;Economie portugaise veut accro\u00eetre les qualifications de 30 000 jeunes l&rsquo;ann\u00e9e prochaine. Alvaro Santos Pereira, a d\u00e9clar\u00e9 qu&rsquo;il est n\u00e9cessaire d&rsquo;\u00e9laborer un agenda pour la r\u00e9-industrialisation du Portugal, accompagn\u00e9 d&rsquo;une r\u00e9duction de la bureaucratie afin que l&rsquo;\u00e9conomie du pays puisse se d\u00e9velopper. \u00ab\u00a0Il est indispensable de croire dans les r\u00e9formes structurelles sur [&hellip;]<\/p>\n","protected":false},"author":1,"featured_media":0,"comment_status":"open","ping_status":"closed","sticky":false,"template":"","format":"standard","meta":{"footnotes":""},"categories":[3],"tags":[57,59,58],"class_list":["post-596","post","type-post","status-publish","format-standard","hentry","category-portugal","tag-alvaro","tag-etudiants","tag-formation"],"aioseo_notices":[],"_links":{"self":[{"href":"https:\/\/www.culturalusa.com\/news\/wp-json\/wp\/v2\/posts\/596","targetHints":{"allow":["GET"]}}],"collection":[{"href":"https:\/\/www.culturalusa.com\/news\/wp-json\/wp\/v2\/posts"}],"about":[{"href":"https:\/\/www.culturalusa.com\/news\/wp-json\/wp\/v2\/types\/post"}],"author":[{"embeddable":true,"href":"https:\/\/www.culturalusa.com\/news\/wp-json\/wp\/v2\/users\/1"}],"replies":[{"embeddable":true,"href":"https:\/\/www.culturalusa.com\/news\/wp-json\/wp\/v2\/comments?post=596"}],"version-history":[{"count":0,"href":"https:\/\/www.culturalusa.com\/news\/wp-json\/wp\/v2\/posts\/596\/revisions"}],"wp:attachment":[{"href":"https:\/\/www.culturalusa.com\/news\/wp-json\/wp\/v2\/media?parent=596"}],"wp:term":[{"taxonomy":"category","embeddable":true,"href":"https:\/\/www.culturalusa.com\/news\/wp-json\/wp\/v2\/categories?post=596"},{"taxonomy":"post_tag","embeddable":true,"href":"https:\/\/www.culturalusa.com\/news\/wp-json\/wp\/v2\/tags?post=596"}],"curies":[{"name":"wp","href":"https:\/\/api.w.org\/{rel}","templated":true}]}}