{"id":5969,"date":"2019-10-03T18:07:06","date_gmt":"2019-10-03T16:07:06","guid":{"rendered":"https:\/\/www.culturalusa.com\/news\/?p=5969"},"modified":"2020-09-24T16:04:53","modified_gmt":"2020-09-24T14:04:53","slug":"sanctions-americaines-lunion-europeenne-prepare-la-riposte-tout-en-esperant-un-accord","status":"publish","type":"post","link":"https:\/\/www.culturalusa.com\/news\/actualite\/sanctions-americaines-lunion-europeenne-prepare-la-riposte-tout-en-esperant-un-accord\/","title":{"rendered":"Sanctions am\u00e9ricaines: l&rsquo;Union Europ\u00e9enne pr\u00e9pare la riposte tout en esp\u00e9rant un accord"},"content":{"rendered":"<p>L&rsquo;UE a promis jeudi de riposter aux sanctions am\u00e9ricaines sur les produits europ\u00e9ens, esp\u00e9rant n\u00e9anmoins parvenir \u00e0 un accord \u00e0 l&rsquo;amiable avec Washington afin d&rsquo;\u00e9viter l&rsquo;escalade d&rsquo;une guerre commerciale n\u00e9faste aux deux c\u00f4t\u00e9s de l&rsquo;Atlantique.<\/p>\n<p>Les tensions entre l&rsquo;Europe et les Etats-Unis ont brutalement ressurgi mercredi lorsque Washington a annonc\u00e9 vouloir frapper 7,5 milliards de dollars de produits europ\u00e9ens de tarifs douaniers punitifs, apr\u00e8s avoir re\u00e7u le feu vert de l&rsquo;OMC dans le cadre de la bataille juridique de 15 ans entre Boeing et Airbus.<\/p>\n<p>La r\u00e9ponse de Bruxelles, qui n\u00e9gocie au nom des 28 Etats membres de l&rsquo;Union, ne s&rsquo;est pas fait attendre: \u00ab\u00a0Si les Etats-Unis imposent des sanctions, ils pousseront l&rsquo;UE \u00e0 faire de m\u00eame\u00a0\u00bb, a mis en garde un porte-parole de la Commission europ\u00e9enne, Daniel Rosario, lors d&rsquo;un point presse.<\/p>\n<p>M\u00eame son de cloche pour la porte-parole du gouvernement fran\u00e7ais Sibeth Ndiaye qui a indiqu\u00e9 sur BFMTV et RMC que Paris pr\u00e9voyait \u00ab\u00a0des mesures de r\u00e9torsion\u00a0\u00bb contre les Etats-Unis en concertation avec l&rsquo;Union europ\u00e9enne.<\/p>\n<p>\u00ab\u00a0Regrettant\u00a0\u00bb la d\u00e9cision am\u00e9ricaine, M. Rosario a affirm\u00e9 que ces droits de douanes suppl\u00e9mentaires cens\u00e9s entrer en vigueur le 18 octobre \u00ab\u00a0toucheront d&rsquo;abord et avant tout les consommateurs et les entreprises am\u00e9ricains\u00a0\u00bb.<\/p>\n<p>Ces derniers devront en effet payer plus pour des produits dont ils sont friands ou ont besoin.<\/p>\n<p>Les taxes viseront des produits fabriqu\u00e9s par la France, l&rsquo;Allemagne, l&rsquo;Espagne et le Royaume-Uni, les quatre partenaires du consortium europ\u00e9en Airbus.<\/p>\n<p>Les avions civils pourront \u00eatre export\u00e9s aux Etats-Unis au prix major\u00e9 de 10%, tandis que des vins, des fromages, des olives, des coquillages ou encore des haches et des tournevis seront eux frapp\u00e9s d&rsquo;une majoration de 25%.<\/p>\n<p><strong>Tarifs douaniers sur les voitures<\/strong><\/p>\n<p>Le dialogue n&rsquo;est toutefois pas rompu.<\/p>\n<p>C\u00f4t\u00e9 am\u00e9ricain, on assure toujours \u00ab\u00a0esp\u00e9rer entamer des n\u00e9gociations\u00a0\u00bb avec l&rsquo;Union europ\u00e9enne. Et l&rsquo;UE maintient \u00e9galement la porte ouverte: \u00ab\u00a0nous tenons compte de la d\u00e9claration du repr\u00e9sentant am\u00e9ricain au Commerce que les Etats-Unis ont pr\u00e9vu de n\u00e9gocier avec l&rsquo;Union europ\u00e9enne dans le but de r\u00e9soudre ce probl\u00e8me\u00a0\u00bb, a dit M. Rosario.<\/p>\n<p>\u00ab\u00a0La Commission europ\u00e9enne a invariablement communiqu\u00e9 aux Etats-Unis que l&rsquo;UE est pr\u00eate \u00e0 travailler \u00e0 une solution \u00e9quitable et \u00e9quilibr\u00e9e pour nos industries a\u00e9ronautiques respectives\u00a0\u00bb, a-t-il ajout\u00e9.<\/p>\n<p>\u00ab\u00a0Cela fait des mois que nous plaidons pour cet accord commercial. Nous tendons la main. Je souhaite que les Etats-Unis \u00e9coutent cette voix qui est \u00e0 mon sens la voix de la sagesse\u00a0\u00bb, a d\u00e9clar\u00e9 le ministre fran\u00e7ais de l&rsquo;Economie Bruno Le Maire, qualifiant ces sanctions \u00ab\u00a0d&rsquo;erreur \u00e9conomique profonde\u00a0\u00bb.<\/p>\n<p>Selon une \u00e9tude du cabinet Euler Hermes, la France est le pays qui a le plus \u00e0 perdre dans ce d\u00e9but de conflit commercial.<\/p>\n<p>Les pertes annuelles pour l&rsquo;Union europ\u00e9ennes pourraient s&rsquo;\u00e9lever \u00e0 9,7 milliards de dollars, dont 2,4 milliards pour la France, soit 0,1 point de croissance.<\/p>\n<p>Dans une proc\u00e9dure miroir &#8211;dans le cadre de la bataille des deux avionneurs rivaux Boeing et Airbus&#8211; l&rsquo;OMC devrait, d\u00e9but 2020, autoriser l&rsquo;UE \u00e0 imposer elle aussi des droits de douane en r\u00e9action \u00e0 des subventions indues vers\u00e9es cette fois par Washington au constructeur a\u00e9ronautique am\u00e9ricain.<\/p>\n<p>Il ne s&rsquo;agit pas des premi\u00e8res taxes am\u00e9ricaines sur des produits europ\u00e9ens, puisque depuis le 1er juin, l&rsquo;acier et l&rsquo;aluminium sont frapp\u00e9s de droits de douane afin de r\u00e9duire le d\u00e9ficit commercial am\u00e9ricain.<\/p>\n<p>En repr\u00e9sailles, l&rsquo;UE a cibl\u00e9 des produits am\u00e9ricains comme les Harley-Davidson, le bourbon ou les jeans.<\/p>\n<p>Apr\u00e8s une relative tr\u00eave, le risque d&rsquo;une escalade des sanctions n&rsquo;est donc d\u00e9sormais pas \u00e0 exclure. Donald Trump doit d\u00e9cider d&rsquo;ici au 13 novembre s&rsquo;il impose ou non des tarifs douaniers suppl\u00e9mentaires sur les voitures import\u00e9es de l&rsquo;UE, une menace particuli\u00e8rement redout\u00e9e par Berlin. (AFP)<\/p>\n","protected":false},"excerpt":{"rendered":"<p>L&rsquo;UE a promis jeudi de riposter aux sanctions am\u00e9ricaines sur les produits europ\u00e9ens, esp\u00e9rant n\u00e9anmoins parvenir \u00e0 un accord \u00e0 l&rsquo;amiable avec Washington afin d&rsquo;\u00e9viter l&rsquo;escalade d&rsquo;une guerre commerciale n\u00e9faste aux deux c\u00f4t\u00e9s de l&rsquo;Atlantique. Les tensions entre l&rsquo;Europe et les Etats-Unis ont brutalement ressurgi mercredi lorsque Washington a annonc\u00e9 vouloir frapper 7,5 milliards de [&hellip;]<\/p>\n","protected":false},"author":1,"featured_media":5970,"comment_status":"open","ping_status":"closed","sticky":false,"template":"","format":"standard","meta":{"footnotes":""},"categories":[30],"tags":[693,173],"class_list":["post-5969","post","type-post","status-publish","format-standard","has-post-thumbnail","hentry","category-actualite","tag-sanctions-americaines","tag-union-europeenne"],"aioseo_notices":[],"_links":{"self":[{"href":"https:\/\/www.culturalusa.com\/news\/wp-json\/wp\/v2\/posts\/5969","targetHints":{"allow":["GET"]}}],"collection":[{"href":"https:\/\/www.culturalusa.com\/news\/wp-json\/wp\/v2\/posts"}],"about":[{"href":"https:\/\/www.culturalusa.com\/news\/wp-json\/wp\/v2\/types\/post"}],"author":[{"embeddable":true,"href":"https:\/\/www.culturalusa.com\/news\/wp-json\/wp\/v2\/users\/1"}],"replies":[{"embeddable":true,"href":"https:\/\/www.culturalusa.com\/news\/wp-json\/wp\/v2\/comments?post=5969"}],"version-history":[{"count":0,"href":"https:\/\/www.culturalusa.com\/news\/wp-json\/wp\/v2\/posts\/5969\/revisions"}],"wp:featuredmedia":[{"embeddable":true,"href":"https:\/\/www.culturalusa.com\/news\/wp-json\/wp\/v2\/media\/5970"}],"wp:attachment":[{"href":"https:\/\/www.culturalusa.com\/news\/wp-json\/wp\/v2\/media?parent=5969"}],"wp:term":[{"taxonomy":"category","embeddable":true,"href":"https:\/\/www.culturalusa.com\/news\/wp-json\/wp\/v2\/categories?post=5969"},{"taxonomy":"post_tag","embeddable":true,"href":"https:\/\/www.culturalusa.com\/news\/wp-json\/wp\/v2\/tags?post=5969"}],"curies":[{"name":"wp","href":"https:\/\/api.w.org\/{rel}","templated":true}]}}