{"id":5979,"date":"2019-10-07T02:26:31","date_gmt":"2019-10-07T00:26:31","guid":{"rendered":"https:\/\/www.culturalusa.com\/news\/?p=5979"},"modified":"2020-09-24T16:03:36","modified_gmt":"2020-09-24T14:03:36","slug":"le-ps-portugais-a-remporte-les-elections-legislatives-sans-majorite-absolue","status":"publish","type":"post","link":"https:\/\/www.culturalusa.com\/news\/portugal\/le-ps-portugais-a-remporte-les-elections-legislatives-sans-majorite-absolue\/","title":{"rendered":"Le PS portugais, a remport\u00e9 les \u00e9lections l\u00e9gislatives sans majorit\u00e9 absolue"},"content":{"rendered":"<p>Le Parti Socialiste portugais, donn\u00e9 gagnant depuis quelques semaines par les sondages, l&rsquo;ancien maire de Lisbonne, \u00e2g\u00e9 de 58 ans, <strong>a r\u00e9colt\u00e9 pr\u00e8s de 36,7% de votes des 50% de la population qui a vot\u00e9<\/strong>.<\/p>\n<p>Les socialistes devancent donc leurs principaux adversaires du Parti social-d\u00e9mocrate (PSD, centre-droit) qui ont recul\u00e9 \u00e0 environ 28% des voix.<\/p>\n<p>Ce scrutin confirme que le pays est l&rsquo;un des rares d&rsquo;Europe o\u00f9 les socialistes ont le vent en poupe et o\u00f9 la droite ne p\u00e8se pas sur le d\u00e9bat politique. <\/p>\n<blockquote><p><span style=\"font-size:20px;\"><strong>Les \u00e9lections l\u00e9gislatives ont \u00e9t\u00e9 marqu\u00e9s par une abstention record d\u00e9passant les 50%.<\/strong><\/span><\/p><\/blockquote>\n<p>M. Costa ne devrait toutefois pas avoir la majorit\u00e9 absolue, ce qui l&rsquo;obligera \u00e0 obtenir l&rsquo;appui d&rsquo;autres formations au parlement pour gouverner. \u00ab\u00a0Quel que soit le r\u00e9sultat, il faudra garantir la stabilit\u00e9\u00a0\u00bb du futur gouvernement, a-t-il d\u00e9clar\u00e9 avant la fermeture des bureaux de vote.<\/p>\n<p><strong>G\u00e9om\u00e9tries variables<\/strong><\/p>\n<p>Le socialiste avait r\u00e9ussi en 2015 \u00e0 former un gouvernement minoritaire, malgr\u00e9 sa d\u00e9faite face \u00e0 la droite, gr\u00e2ce \u00e0 l&rsquo;appui du Bloc de gauche (gauche radicale) et des communistes. Un pacte in\u00e9dit surnomm\u00e9 p\u00e9jorativement la \u00ab\u00a0geringon\u00e7a\u00a0\u00bb (attelage de bric et de broc) par ses adversaires, mais qui lui a permis de tenir quatre ans.<\/p>\n<p>Cette fois, \u00ab\u00a0le PS peut atteindre la majorit\u00e9 avec des g\u00e9om\u00e9tries variables et alternatives. Cela l&rsquo;invite \u00e0 gouverner seul, en cherchant des accords ad hoc\u00a0\u00bb, a soulign\u00e9 l&rsquo;analyste Pedro Norton sur la t\u00e9l\u00e9vision publique RTP.<\/p>\n<p>Les dirigeants du Bloc de Gauche, qui aurait r\u00e9colt\u00e9 plus de 9% des suffrages, ont d\u00e9j\u00e0 affich\u00e9 leur volont\u00e9 de discuter avec le PS. \u00ab\u00a0Le Bloc de gauche est pr\u00eat \u00e0 n\u00e9gocier un accord assurant la stabilit\u00e9 du pays\u00a0\u00bb, a d\u00e9clar\u00e9 la dirigeante de cette formation de Gauche radicale, Catarina Martins.<\/p>\n<p>Avec environ 6% des voix, les communistes n&rsquo;ont pas exclu d&rsquo;appuyer de nouveau le PS.<\/p>\n<p>Le parti animaliste PAN a lui progress\u00e9 \u00e0 3%.<\/p>\n<p>Ce bilan \u00e9conomique et social aura \u00e9t\u00e9 son principal argument de campagne, m\u00eame si la dette publique avoisine toujours les 120% du PIB et que <strong>les Portugais se plaignent toujours des bas salaires, d&rsquo;une d\u00e9gradation des services publics<\/strong> et <a href=\"https:\/\/www.culturalusa.com\/news\/portugal\/a-lisbonne-les-prix-de-limmobilier-senvolent-forcant-certains-habitants-a-quitter-leur-logement\/\">la difficult\u00e9 de trouver des logements<\/a>, car la hausse des prix de l&rsquo;immobilier entra\u00een\u00e9e par l&rsquo;explosion du tourisme.<\/p>\n<p><strong>Le Portugal continue d&rsquo;avoir une dette de l&rsquo;\u00e9conomie portugaise \u00e0 son plus haut niveau.<\/strong><\/p>\n<blockquote><p><strong><a href=\"https:\/\/www.culturalusa.com\/news\/portugal\/la-dette-de-leconomie-portugaise-continue-de-grimper\/\">L&rsquo;endettement de l&rsquo;\u00e9conomie portugaise<\/a> s&rsquo;\u00e9l\u00e8ve \u00e0 728,7 milliards d&rsquo;euros.<br \/>\nBruxelles estime que le Portugal est \u00e0 haut risque en ce qui concerne la viabilit\u00e9 des finances publiques \u00e0 moyen terme<\/strong>.<\/p><\/blockquote>\n<p>Les l\u00e9gislatives au Portugal ont v\u00e9cu une fin de campagne d\u00e9licate marqu\u00e9e par la <strong>Corruption<\/strong> un des grands probl\u00e8mes qui p\u00e8sent lourd au Portugal.<\/p>\n<p>M. Costa a toutefois v\u00e9cu en particulier par son coup de sang vendredi contre un \u00e9lecteur critiquant sa <strong>gestion des incendies meurtriers de 2017, l&rsquo;un des points noirs de son mandat<\/strong>. Des images devenues virales dans le pays.<br \/>\n(AFP &#038; <a href=\"https:\/\/www.culturalusa.com\/news\/\">Revue de Presse<\/a>)<\/p>\n","protected":false},"excerpt":{"rendered":"<p>Le Parti Socialiste portugais, donn\u00e9 gagnant depuis quelques semaines par les sondages, l&rsquo;ancien maire de Lisbonne, \u00e2g\u00e9 de 58 ans, a r\u00e9colt\u00e9 pr\u00e8s de 36,7% de votes des 50% de la population qui a vot\u00e9. Les socialistes devancent donc leurs principaux adversaires du Parti social-d\u00e9mocrate (PSD, centre-droit) qui ont recul\u00e9 \u00e0 environ 28% des voix. [&hellip;]<\/p>\n","protected":false},"author":1,"featured_media":5980,"comment_status":"open","ping_status":"closed","sticky":false,"template":"","format":"standard","meta":{"footnotes":""},"categories":[3],"tags":[1083,946],"class_list":["post-5979","post","type-post","status-publish","format-standard","has-post-thumbnail","hentry","category-portugal","tag-elections-legislatives-portugal","tag-corruption-portugal"],"aioseo_notices":[],"_links":{"self":[{"href":"https:\/\/www.culturalusa.com\/news\/wp-json\/wp\/v2\/posts\/5979","targetHints":{"allow":["GET"]}}],"collection":[{"href":"https:\/\/www.culturalusa.com\/news\/wp-json\/wp\/v2\/posts"}],"about":[{"href":"https:\/\/www.culturalusa.com\/news\/wp-json\/wp\/v2\/types\/post"}],"author":[{"embeddable":true,"href":"https:\/\/www.culturalusa.com\/news\/wp-json\/wp\/v2\/users\/1"}],"replies":[{"embeddable":true,"href":"https:\/\/www.culturalusa.com\/news\/wp-json\/wp\/v2\/comments?post=5979"}],"version-history":[{"count":0,"href":"https:\/\/www.culturalusa.com\/news\/wp-json\/wp\/v2\/posts\/5979\/revisions"}],"wp:featuredmedia":[{"embeddable":true,"href":"https:\/\/www.culturalusa.com\/news\/wp-json\/wp\/v2\/media\/5980"}],"wp:attachment":[{"href":"https:\/\/www.culturalusa.com\/news\/wp-json\/wp\/v2\/media?parent=5979"}],"wp:term":[{"taxonomy":"category","embeddable":true,"href":"https:\/\/www.culturalusa.com\/news\/wp-json\/wp\/v2\/categories?post=5979"},{"taxonomy":"post_tag","embeddable":true,"href":"https:\/\/www.culturalusa.com\/news\/wp-json\/wp\/v2\/tags?post=5979"}],"curies":[{"name":"wp","href":"https:\/\/api.w.org\/{rel}","templated":true}]}}