{"id":6023,"date":"2019-10-17T16:45:06","date_gmt":"2019-10-17T14:45:06","guid":{"rendered":"https:\/\/www.culturalusa.com\/news\/?p=6023"},"modified":"2020-09-24T15:59:55","modified_gmt":"2020-09-24T13:59:55","slug":"qui-sont-les-six-laureats-des-victoires-du-jazz-2019","status":"publish","type":"post","link":"https:\/\/www.culturalusa.com\/news\/culture\/qui-sont-les-six-laureats-des-victoires-du-jazz-2019\/","title":{"rendered":"Qui sont les six laur\u00e9ats des Victoires du Jazz 2019 ?"},"content":{"rendered":"<p>Anne Paceo, Fidel Fourneyron, <a href=\"http:\/\/www.davidlinx-official.com\/\" rel=\"noopener noreferrer\" target=\"_blank\">David Linx<\/a>, le Sacre du Tympan, Vincent Peirani, Na\u00efssam Jalal sont les artistes prim\u00e9s en 2019. Ils ont re\u00e7u leur troph\u00e9e mercredi 16 octobre lors d&rsquo;une c\u00e9r\u00e9monie qui sera diffus\u00e9e le 26 octobre sur France 5. Petite revue du palmar\u00e8s.<\/p>\n<p>La batteuse <a href=\"https:\/\/www.annepaceo.com\/\" rel=\"noopener noreferrer\" target=\"_blank\">Anne Pac\u00e9o<\/a> (Artiste de l&rsquo;ann\u00e9e), le chanteur David Linx (Artiste Vocal), le tromboniste <a href=\"http:\/\/www.fidelfourneyron.fr\/\" rel=\"noopener noreferrer\" target=\"_blank\">Fidel Fourneyron<\/a> (Artiste qui monte), le <a href=\"http:\/\/www.lesacre.com\/\" rel=\"noopener noreferrer\" target=\"_blank\">Sacre du Tympan<\/a> de Fred Pallem (groupe de l&rsquo;ann\u00e9e), l&rsquo;accord\u00e9oniste <a href=\"https:\/\/www.vincent-peirani.com\/\" rel=\"noopener noreferrer\" target=\"_blank\">Vincent Peirani<\/a> pour son disque Living Being II &#8211; Night walker (Album sensation) et la fl\u00fbtiste <a href=\"http:\/\/naissamjalal.com\/\" rel=\"noopener noreferrer\" target=\"_blank\">Na\u00efssam Jalal<\/a> pour Quest of the Invisible (Album inclassable) \u00e9taient \u00e0 l&rsquo;honneur lors de la soir\u00e9e de remise des Victoires du Jazz 2019. <\/p>\n<p>Sur six laur\u00e9ats, le palmar\u00e8s compte deux femmes instrumentistes, ce qui est assez rare pour \u00eatre signal\u00e9.<\/p>\n<p>Jusqu&rsquo;\u00e0 l&rsquo;ann\u00e9e derni\u00e8re, le palmar\u00e8s n&rsquo;\u00e9tait d\u00e9voil\u00e9 qu&rsquo;au moment de la c\u00e9r\u00e9monie. Cette fois, il a \u00e9t\u00e9 rendu public le 27 septembre, plus de deux semaines avant la c\u00e9r\u00e9monie professionnelle du 16 octobre au Casino de Paris. <\/p>\n<p>Une partie du palmar\u00e8s qui distinguait des membres de la profession a \u00e9t\u00e9 communiqu\u00e9e en revanche apr\u00e8s la c\u00e9r\u00e9monie-concert.<\/p>\n<p>Anim\u00e9e par Andr\u00e9 Manoukian, la soir\u00e9e sera diffus\u00e9e samedi 26 octobre \u00e0 22H30 sur France 5. <\/p>\n<p>Les laur\u00e9ats s&rsquo;y produisent ainsi que d&rsquo;autres chanteurs dont Gregory Porter, qui a re\u00e7u une Victoire d&rsquo;honneur, Michel Jonasz, Clara Luciani, Bernard Lavilliers, Ben l\u2019Oncle Soul et Christophe Willem, le tout avec l&rsquo;encadrement impeccable du Sacre du Tympan de Fred Pallem, big band rompu aux croisements entre le jazz et d&rsquo;autres musiques.<br \/>\nSavoir plus sur <a href=\"https:\/\/www.francetvinfo.fr\/culture\/musique\/jazz\/qui-sont-les-six-laureats-des-victoires-du-jazz-2019_3651423.html\" rel=\"noopener noreferrer\" target=\"_blank\">France Info<\/a>.<\/p>\n<p><iframe loading=\"lazy\" width=\"100%\" height=\"350\" src=\"https:\/\/www.youtube.com\/embed\/Kwm8lxCrKP8\" frameborder=\"0\" allow=\"accelerometer; autoplay; encrypted-media; gyroscope; picture-in-picture\" allowfullscreen><\/iframe><\/p>\n","protected":false},"excerpt":{"rendered":"<p>Anne Paceo, Fidel Fourneyron, David Linx, le Sacre du Tympan, Vincent Peirani, Na\u00efssam Jalal sont les artistes prim\u00e9s en 2019. Ils ont re\u00e7u leur troph\u00e9e mercredi 16 octobre lors d&rsquo;une c\u00e9r\u00e9monie qui sera diffus\u00e9e le 26 octobre sur France 5. Petite revue du palmar\u00e8s. La batteuse Anne Pac\u00e9o (Artiste de l&rsquo;ann\u00e9e), le chanteur David Linx [&hellip;]<\/p>\n","protected":false},"author":1,"featured_media":6024,"comment_status":"open","ping_status":"closed","sticky":false,"template":"","format":"standard","meta":{"footnotes":""},"categories":[4],"tags":[1096,1095],"class_list":["post-6023","post","type-post","status-publish","format-standard","has-post-thumbnail","hentry","category-culture","tag-jazz-2019","tag-victoires-du-jazz-2019"],"aioseo_notices":[],"_links":{"self":[{"href":"https:\/\/www.culturalusa.com\/news\/wp-json\/wp\/v2\/posts\/6023","targetHints":{"allow":["GET"]}}],"collection":[{"href":"https:\/\/www.culturalusa.com\/news\/wp-json\/wp\/v2\/posts"}],"about":[{"href":"https:\/\/www.culturalusa.com\/news\/wp-json\/wp\/v2\/types\/post"}],"author":[{"embeddable":true,"href":"https:\/\/www.culturalusa.com\/news\/wp-json\/wp\/v2\/users\/1"}],"replies":[{"embeddable":true,"href":"https:\/\/www.culturalusa.com\/news\/wp-json\/wp\/v2\/comments?post=6023"}],"version-history":[{"count":0,"href":"https:\/\/www.culturalusa.com\/news\/wp-json\/wp\/v2\/posts\/6023\/revisions"}],"wp:featuredmedia":[{"embeddable":true,"href":"https:\/\/www.culturalusa.com\/news\/wp-json\/wp\/v2\/media\/6024"}],"wp:attachment":[{"href":"https:\/\/www.culturalusa.com\/news\/wp-json\/wp\/v2\/media?parent=6023"}],"wp:term":[{"taxonomy":"category","embeddable":true,"href":"https:\/\/www.culturalusa.com\/news\/wp-json\/wp\/v2\/categories?post=6023"},{"taxonomy":"post_tag","embeddable":true,"href":"https:\/\/www.culturalusa.com\/news\/wp-json\/wp\/v2\/tags?post=6023"}],"curies":[{"name":"wp","href":"https:\/\/api.w.org\/{rel}","templated":true}]}}