{"id":6030,"date":"2019-10-22T18:08:59","date_gmt":"2019-10-22T16:08:59","guid":{"rendered":"https:\/\/www.culturalusa.com\/news\/?p=6030"},"modified":"2020-09-24T15:59:34","modified_gmt":"2020-09-24T13:59:34","slug":"tourisme-gilets-jaunes-et-brexit-douchent-lobjectif-de-frequentation-de-la-france","status":"publish","type":"post","link":"https:\/\/www.culturalusa.com\/news\/actualite\/tourisme-gilets-jaunes-et-brexit-douchent-lobjectif-de-frequentation-de-la-france\/","title":{"rendered":"Tourisme: \u00ab\u00a0gilets jaunes\u00a0\u00bb et Brexit douchent l&rsquo;objectif de fr\u00e9quentation de la France"},"content":{"rendered":"<p>La France n&rsquo;esp\u00e8re plus atteindre en 2020 son objectif des 100 millions de touristes \u00e9trangers accueillis, plomb\u00e9 par les \u00ab\u00a0gilets jaunes\u00a0\u00bb mais aussi la perspective du Brexit qui freine les arriv\u00e9es de touristes britanniques.<\/p>\n<p>Dans une annexe au projet de budget 2020, d\u00e9di\u00e9e au tourisme et disponible sur le site du minist\u00e8re de l&rsquo;Action et des Comptes publics, il est indiqu\u00e9 que l&rsquo;Hexagone maintient sa cible des 100 millions, mais qu&rsquo;elle est \u00ab\u00a0cependant repouss\u00e9e, au regard de la conjoncture actuelle, \u00e0 2022\u00a0\u00bb.<\/p>\n<p>\u00ab\u00a0Les indicateurs portant sur les premiers mois de l&rsquo;ann\u00e9e 2019 laissent percevoir une diminution de la fr\u00e9quentation touristique internationale pour le premier semestre\u00a0\u00bb, met en avant le document.<\/p>\n<p>\u00ab\u00a0Une tendance qui s&rsquo;explique largement par les mouvements sociaux d&rsquo;ampleur nationale qui ont largement touch\u00e9 le pays en d\u00e9but d&rsquo;ann\u00e9e et qui ont [affect\u00e9] les r\u00e9servations \u00e0 moyen et long terme, ainsi que par les effets de la baisse de la livre, le Royaume-Uni \u00e9tant notre premier march\u00e9 touristique\u00a0\u00bb, est-il indiqu\u00e9.<\/p>\n<p>L&rsquo;objectif d&rsquo;accueillir 100 millions de visiteurs internationaux en 2020 &#8211; contre 89 millions en 2018 &#8211; avait \u00e9t\u00e9 fix\u00e9 en 2014 par Laurent Fabius, alors ministre des Affaires \u00e9trang\u00e8res, soit avant les attentats de 2015 qui ont provoqu\u00e9 un trou d&rsquo;air pour le tourisme et bris\u00e9 la progression de la fr\u00e9quentation.<\/p>\n<p>Le gouvernement revoit \u00e9galement \u00e0 la baisse son objectif pour 2019: la fr\u00e9quentation touristique \u00e9trang\u00e8re est d\u00e9sormais attendue \u00e0 91 millions, contre une pr\u00e9vision de 94 millions de visiteurs initialement pr\u00e9vue par le gouvernement et qui est \u00e0 pr\u00e9sent la cible sur laquelle il table pour 2020.<\/p>\n<p><strong>Les recettes touristiques ne r\u00e9gressent pas<\/strong><\/p>\n<p>Au cours du premier semestre, pour la seule r\u00e9gion de Paris \u00cele-de-France, la fr\u00e9quentation h\u00f4teli\u00e8re de la client\u00e8le \u00e9trang\u00e8re s&rsquo;affiche en repli de 0,5%, selon des donn\u00e9es du Comit\u00e9 r\u00e9gional du tourisme.<\/p>\n<p>A elles seules, les arriv\u00e9es de touristes britanniques enregistrent un net recul sur la p\u00e9riode, avec 304.000 nuit\u00e9es en moins.<\/p>\n<p>Fin ao\u00fbt, Val\u00e9rie P\u00e9cresse, pr\u00e9sidente de la r\u00e9gion Ile-de-France, avait d\u00e9j\u00e0 identifi\u00e9 les deux \u00ab\u00a0handicaps\u00a0\u00bb que constituaient \u00ab\u00a0les mouvements sociaux qui ont occup\u00e9 le terrain touristique parisien pratiquement tous les samedis pendant des semaines, et aussi les effets du Brexit qui ont eu un impact sur le tourisme britannique\u00a0\u00bb.<\/p>\n<p>Mais elle soulignait que la tendance s&rsquo;\u00e9tait \u00ab\u00a0invers\u00e9e\u00a0\u00bb au d\u00e9but de l&rsquo;\u00e9t\u00e9, notamment gr\u00e2ce \u00e0 la Coupe du monde f\u00e9minine de football ou encore au salon a\u00e9ronautique du Bourget.<\/p>\n<p>Au plan national, l&rsquo;Institut national de la statistique et des \u00e9tudes \u00e9conomiques (Insee) avait d\u00e9j\u00e0 indiqu\u00e9 que l&rsquo;impact des manifestations li\u00e9es aux \u00ab\u00a0gilets jaunes\u00a0\u00bb s&rsquo;\u00e9tait nettement fait sentir sur le secteur touristique d\u00e8s d\u00e9cembre 2018 pour se poursuivre au premier trimestre 2019, avec une baisse de 4,8% de la fr\u00e9quentation h\u00f4teli\u00e8re des visiteurs \u00e9trangers.<\/p>\n<p>Au deuxi\u00e8me trimestre, l&rsquo;institut avait fait \u00e9tat d&rsquo;une embellie, avec une hausse de 3,8% de cette client\u00e8le internationale.<\/p>\n<p>L&rsquo;Insee ne publiera que d\u00e9but novembre ses chiffres de fr\u00e9quentation touristique pour le troisi\u00e8me trimestre de 2019.<\/p>\n<p>Concernant les d\u00e9penses des touristes, l&rsquo;annexe au projet de budget souligne que, \u00ab\u00a0malgr\u00e9\u00a0\u00bb la baisse de la fr\u00e9quentation au premier semestre, \u00ab\u00a0les recettes du tourisme international ne r\u00e9gressent pas, permettant d&rsquo;escompter atteindre la cible fix\u00e9e par le gouvernement pour 2020\u00a0\u00bb, soit 60 milliards d&rsquo;euros. (AFP)<\/p>\n","protected":false},"excerpt":{"rendered":"<p>La France n&rsquo;esp\u00e8re plus atteindre en 2020 son objectif des 100 millions de touristes \u00e9trangers accueillis, plomb\u00e9 par les \u00ab\u00a0gilets jaunes\u00a0\u00bb mais aussi la perspective du Brexit qui freine les arriv\u00e9es de touristes britanniques. Dans une annexe au projet de budget 2020, d\u00e9di\u00e9e au tourisme et disponible sur le site du minist\u00e8re de l&rsquo;Action et [&hellip;]<\/p>\n","protected":false},"author":1,"featured_media":6031,"comment_status":"open","ping_status":"closed","sticky":false,"template":"","format":"standard","meta":{"footnotes":""},"categories":[30],"tags":[],"class_list":["post-6030","post","type-post","status-publish","format-standard","has-post-thumbnail","hentry","category-actualite"],"aioseo_notices":[],"_links":{"self":[{"href":"https:\/\/www.culturalusa.com\/news\/wp-json\/wp\/v2\/posts\/6030","targetHints":{"allow":["GET"]}}],"collection":[{"href":"https:\/\/www.culturalusa.com\/news\/wp-json\/wp\/v2\/posts"}],"about":[{"href":"https:\/\/www.culturalusa.com\/news\/wp-json\/wp\/v2\/types\/post"}],"author":[{"embeddable":true,"href":"https:\/\/www.culturalusa.com\/news\/wp-json\/wp\/v2\/users\/1"}],"replies":[{"embeddable":true,"href":"https:\/\/www.culturalusa.com\/news\/wp-json\/wp\/v2\/comments?post=6030"}],"version-history":[{"count":0,"href":"https:\/\/www.culturalusa.com\/news\/wp-json\/wp\/v2\/posts\/6030\/revisions"}],"wp:featuredmedia":[{"embeddable":true,"href":"https:\/\/www.culturalusa.com\/news\/wp-json\/wp\/v2\/media\/6031"}],"wp:attachment":[{"href":"https:\/\/www.culturalusa.com\/news\/wp-json\/wp\/v2\/media?parent=6030"}],"wp:term":[{"taxonomy":"category","embeddable":true,"href":"https:\/\/www.culturalusa.com\/news\/wp-json\/wp\/v2\/categories?post=6030"},{"taxonomy":"post_tag","embeddable":true,"href":"https:\/\/www.culturalusa.com\/news\/wp-json\/wp\/v2\/tags?post=6030"}],"curies":[{"name":"wp","href":"https:\/\/api.w.org\/{rel}","templated":true}]}}