{"id":6099,"date":"2019-11-12T03:06:41","date_gmt":"2019-11-12T02:06:41","guid":{"rendered":"https:\/\/www.culturalusa.com\/news\/?p=6099"},"modified":"2020-09-24T15:51:55","modified_gmt":"2020-09-24T13:51:55","slug":"legislatives-en-espagne-encore-plus-bloquee-politiquement-apres-les-elections","status":"publish","type":"post","link":"https:\/\/www.culturalusa.com\/news\/actualite\/legislatives-en-espagne-encore-plus-bloquee-politiquement-apres-les-elections\/","title":{"rendered":"L\u00e9gislatives en Espagne, encore plus bloqu\u00e9e politiquement apr\u00e8s les \u00e9lections"},"content":{"rendered":"<p>Bond de la droite radicale, recul des socialistes, effondrement des lib\u00e9raux: l&rsquo;\u00e9chiquier politique espagnol \u00e9tait encore plus chaotique lundi au lendemain de nouvelles l\u00e9gislatives, compliquant \u00e0 l&rsquo;extr\u00eame la formation d&rsquo;un nouveau gouvernement.<\/p>\n<p>\u00ab\u00a0Les \u00e9lections d&rsquo;hier n&rsquo;ont pas r\u00e9solu les difficult\u00e9s pour articuler une majorit\u00e9 de gouvernement. Au contraire, elles les ont aggrav\u00e9es\u00a0\u00bb, r\u00e9sume le premier quotidien g\u00e9n\u00e9raliste espagnol El Pais.<\/p>\n<p>Vainqueur dimanche, le chef du gouvernement socialiste sortant Pedro Sanchez a en effet manqu\u00e9 son pari de sortir renforc\u00e9 de ces quatri\u00e8mes \u00e9lections g\u00e9n\u00e9rales en quatre ans en vue de mettre fin \u00e0 l&rsquo;instabilit\u00e9 politique qui mine le pays depuis 2015.<\/p>\n<p>Il a au contraire perdu des si\u00e8ges et compte 120 d\u00e9put\u00e9s contre 123 apr\u00e8s le dernier scrutin d&rsquo;avril.<\/p>\n<p>La surprise a \u00e9t\u00e9 cr\u00e9\u00e9e par le parti <strong>Vox<\/strong> qui a plus que doubl\u00e9 son nombre de si\u00e8ges \u00e0 52 sur 350 pour devenir le troisi\u00e8me parti d&rsquo;Espagne.<\/p>\n<p>Les lib\u00e9raux de Ciudadanos se sont eux effondr\u00e9s avec 10 d\u00e9put\u00e9s contre 57, ce qui a pouss\u00e9 leur chef Albert Rivera \u00e0 annoncer lundi sa d\u00e9mission et son retrait de la vie politique.<\/p>\n<p>Dans ce parlement encore plus fragment\u00e9, la formation d&rsquo;un nouveau gouvernement va \u00eatre un casse-t\u00eate encore plus difficile \u00e0 r\u00e9soudre.<\/p>\n<p><strong>Le PP bloqu\u00e9 par Vox<\/strong> <\/p>\n<p>Selon Joan Botella, politologue \u00e0 l&rsquo;universit\u00e9 autonome de Barcelone, la formation d&rsquo;un gouvernement \u00ab\u00a0va \u00eatre plus difficile qu&rsquo;auparavant\u00a0\u00bb. \u00ab\u00a0Tous les partis ont un rival \u00e0 leur gauche et un autre \u00e0 leur droite, ce qui bloque leurs options strat\u00e9giques\u00a0\u00bb, dit-il \u00e0 l&rsquo;AFP.<\/p>\n<p>C&rsquo;est le cas en particulier des conservateurs du Parti Populaire (PP), qui ont redress\u00e9 la barre (88 si\u00e8ges) apr\u00e8s le pire r\u00e9sultat de leur histoire en avril (66).<\/p>\n<p>M. Sanchez esp\u00e9rait pouvoir compter sur une abstention in extremis du PP lors d&rsquo;un vote de confiance \u00e0 la chambre pour gouverner en minorit\u00e9.<\/p>\n<p>Mais cette option s&rsquo;\u00e9loigne, selon les analystes, en raison du bond de Vox, qui a exploit\u00e9 l&rsquo;\u00e9moi suscit\u00e9 par les troubles en Catalogne o\u00f9 la condamnation mi-octobre \u00e0 de lourdes peines de prison de neuf dirigeants ind\u00e9pendantistes a provoqu\u00e9 de nombreuses manifestations parfois violentes.<\/p>\n<p>\u00ab\u00a0La concurrence entre Vox et le PP \u00e0 droite peut inciter le PP \u00e0 ne pas faciliter la formation d&rsquo;un gouvernement socialiste\u00a0\u00bb, juge ainsi Antonio Barroso du cabinet Teneo.<\/p>\n<p>Les socialistes semblent en \u00eatre conscients. \u00ab\u00a0Je sais que nous n&rsquo;aurons pas la collaboration de la droite\u00a0\u00bb a reconnu Jos\u00e9 Luis Abalos, ministre socialiste des Transports et homme de confiance de M. Sanchez.<\/p>\n<p><strong>Ligne rouge des ind\u00e9pendantistes<\/strong><\/p>\n<p>Ils devront donc aller chercher leurs soutiens \u00e0 gauche, en particulier aupr\u00e8s du parti de gauche radicale Podemos qui a c\u00e9d\u00e9 du terrain mais dispose toujours de 35 d\u00e9put\u00e9s.<\/p>\n<p>La m\u00e9fiance est toutefois tenace entre les deux formations qui ont \u00e9chou\u00e9 \u00e0 s&rsquo;entendre cet \u00e9t\u00e9 sur la formation d&rsquo;un gouvernement de coalition, ce qui a pr\u00e9cipit\u00e9 la convocation du scrutin de dimanche. Elles ont de plus des positions antagonistes sur la crise catalane.<\/p>\n<p>L&rsquo;appui de Podemos n&rsquo;\u00e9tant pas suffisant \u00e0 lui seul pour arriver au seuil de la majorit\u00e9 de 176 d\u00e9put\u00e9s, M. Sanchez aura \u00e9galement besoin de celui d&rsquo;une partie des ind\u00e9pendantistes catalans, contre lesquels le socialiste a durci le ton durant la campagne, ou de celui de Ciudadanos.<\/p>\n<p>Et la pr\u00e9f\u00e9rence semble aller vers les lib\u00e9raux. \u00ab\u00a0Nous allons continuer \u00e0 essayer de ne pas d\u00e9pendre des ind\u00e9pendantistes\u00a0\u00bb qui ont soutenu l&rsquo;arriv\u00e9e au pouvoir de M. Sanchez en juin 2018 avant de le l\u00e2cher en f\u00e9vrier dernier, \u00ab\u00a0et c&rsquo;est possible\u00a0\u00bb, a assur\u00e9 M. Abalos.<\/p>\n<p>Depuis Bruxelles, la porte-parole de la Commission europ\u00e9enne, Mina Andreeva, a indiqu\u00e9 esp\u00e9rer \u00ab\u00a0que le processus aboutira \u00e0 un gouvernement qui permettra \u00e0 l&rsquo;Espagne de continuer \u00e0 jouer un r\u00f4le actif en Europe et au del\u00e0\u00a0\u00bb. (AFP)<\/p>\n","protected":false},"excerpt":{"rendered":"<p>Bond de la droite radicale, recul des socialistes, effondrement des lib\u00e9raux: l&rsquo;\u00e9chiquier politique espagnol \u00e9tait encore plus chaotique lundi au lendemain de nouvelles l\u00e9gislatives, compliquant \u00e0 l&rsquo;extr\u00eame la formation d&rsquo;un nouveau gouvernement. \u00ab\u00a0Les \u00e9lections d&rsquo;hier n&rsquo;ont pas r\u00e9solu les difficult\u00e9s pour articuler une majorit\u00e9 de gouvernement. Au contraire, elles les ont aggrav\u00e9es\u00a0\u00bb, r\u00e9sume le premier [&hellip;]<\/p>\n","protected":false},"author":1,"featured_media":6100,"comment_status":"open","ping_status":"closed","sticky":false,"template":"","format":"standard","meta":{"footnotes":""},"categories":[30],"tags":[1005,1110],"class_list":["post-6099","post","type-post","status-publish","format-standard","has-post-thumbnail","hentry","category-actualite","tag-elections-espagne","tag-vox"],"aioseo_notices":[],"_links":{"self":[{"href":"https:\/\/www.culturalusa.com\/news\/wp-json\/wp\/v2\/posts\/6099","targetHints":{"allow":["GET"]}}],"collection":[{"href":"https:\/\/www.culturalusa.com\/news\/wp-json\/wp\/v2\/posts"}],"about":[{"href":"https:\/\/www.culturalusa.com\/news\/wp-json\/wp\/v2\/types\/post"}],"author":[{"embeddable":true,"href":"https:\/\/www.culturalusa.com\/news\/wp-json\/wp\/v2\/users\/1"}],"replies":[{"embeddable":true,"href":"https:\/\/www.culturalusa.com\/news\/wp-json\/wp\/v2\/comments?post=6099"}],"version-history":[{"count":0,"href":"https:\/\/www.culturalusa.com\/news\/wp-json\/wp\/v2\/posts\/6099\/revisions"}],"wp:featuredmedia":[{"embeddable":true,"href":"https:\/\/www.culturalusa.com\/news\/wp-json\/wp\/v2\/media\/6100"}],"wp:attachment":[{"href":"https:\/\/www.culturalusa.com\/news\/wp-json\/wp\/v2\/media?parent=6099"}],"wp:term":[{"taxonomy":"category","embeddable":true,"href":"https:\/\/www.culturalusa.com\/news\/wp-json\/wp\/v2\/categories?post=6099"},{"taxonomy":"post_tag","embeddable":true,"href":"https:\/\/www.culturalusa.com\/news\/wp-json\/wp\/v2\/tags?post=6099"}],"curies":[{"name":"wp","href":"https:\/\/api.w.org\/{rel}","templated":true}]}}