{"id":6113,"date":"2019-11-18T15:08:27","date_gmt":"2019-11-18T14:08:27","guid":{"rendered":"https:\/\/www.culturalusa.com\/news\/?p=6113"},"modified":"2020-09-24T15:49:37","modified_gmt":"2020-09-24T13:49:37","slug":"emirates-va-acheter-50-airbus-350-900-pour-un-montant-de-16-milliards","status":"publish","type":"post","link":"https:\/\/www.culturalusa.com\/news\/economie\/emirates-va-acheter-50-airbus-350-900-pour-un-montant-de-16-milliards\/","title":{"rendered":"Emirates va acheter 50 Airbus 350-900 pour un montant de 16 milliards $"},"content":{"rendered":"<p>Emirates, la plus grande compagnie a\u00e9rienne du Moyen-Orient, a sign\u00e9 un contrat de 16 milliards de dollars (14,4 milliards d&rsquo;euros) pour l&rsquo;achat de 50 Airbus 350-900, a annonc\u00e9 lundi son pr\u00e9sident, cheikh Ahmed ben Sa\u00efd Al-Maktoum.<\/p>\n<p>\u00ab\u00a0Je suis heureux d&rsquo;annoncer l&rsquo;achat de 50 Airbus 350 pour 16 milliards de dollars\u00a0\u00bb, a d\u00e9clar\u00e9 le PDG \u00e0 la presse lors du salon a\u00e9ronautique international Dubai Airshow qui se tient depuis dimanche dans l&rsquo;\u00e9mirat.<\/p>\n<p>\u00ab\u00a0Je suis tr\u00e8s fier que l&rsquo;Airbus 350 ait \u00e9t\u00e9 choisi par Emirates. C&rsquo;est une tr\u00e8s bonne nouvelle pour Airbus\u00a0\u00bb, a d\u00e9clar\u00e9 le PDG d&rsquo;Airbus, Guillaume Faury.<\/p>\n<p>Le contrat porte pr\u00e9cis\u00e9ment sur des appareils A350-900 pouvant contenir 314 passagers.<\/p>\n<p>La compagnie de Duba\u00ef a pr\u00e9cis\u00e9, dans un communiqu\u00e9, avoir d\u00e9gag\u00e9 un b\u00e9n\u00e9fice net de 235 millions de dollars au cours des six premiers mois de son exercice fiscal contre 62 millions au cours de la m\u00eame p\u00e9riode de l&rsquo;ann\u00e9e derni\u00e8re. L&rsquo;exercice fiscal commence au 1er avril.<\/p>\n<p>Le r\u00e9seau mondial d&rsquo;Emirates comprend plus de 158 destinations dans 84 pays. Sa flotte est compos\u00e9e de 267 gros porteurs, dont plus de 100 Airbus 380.<\/p>\n<p>La compagnie de Duba\u00ef avait annonc\u00e9 d\u00e9but novembre avoir presque tripl\u00e9 ses b\u00e9n\u00e9fices semestriels gr\u00e2ce \u00e0 une r\u00e9duction des co\u00fbts d&rsquo;exploitation et de la baisse du prix du fuel. (AFP)<\/p>\n","protected":false},"excerpt":{"rendered":"<p>Emirates, la plus grande compagnie a\u00e9rienne du Moyen-Orient, a sign\u00e9 un contrat de 16 milliards de dollars (14,4 milliards d&rsquo;euros) pour l&rsquo;achat de 50 Airbus 350-900, a annonc\u00e9 lundi son pr\u00e9sident, cheikh Ahmed ben Sa\u00efd Al-Maktoum. \u00ab\u00a0Je suis heureux d&rsquo;annoncer l&rsquo;achat de 50 Airbus 350 pour 16 milliards de dollars\u00a0\u00bb, a d\u00e9clar\u00e9 le PDG \u00e0 [&hellip;]<\/p>\n","protected":false},"author":1,"featured_media":6114,"comment_status":"open","ping_status":"closed","sticky":false,"template":"","format":"standard","meta":{"footnotes":""},"categories":[1],"tags":[317,1113],"class_list":["post-6113","post","type-post","status-publish","format-standard","has-post-thumbnail","hentry","category-economie","tag-airbus","tag-emirates"],"aioseo_notices":[],"_links":{"self":[{"href":"https:\/\/www.culturalusa.com\/news\/wp-json\/wp\/v2\/posts\/6113","targetHints":{"allow":["GET"]}}],"collection":[{"href":"https:\/\/www.culturalusa.com\/news\/wp-json\/wp\/v2\/posts"}],"about":[{"href":"https:\/\/www.culturalusa.com\/news\/wp-json\/wp\/v2\/types\/post"}],"author":[{"embeddable":true,"href":"https:\/\/www.culturalusa.com\/news\/wp-json\/wp\/v2\/users\/1"}],"replies":[{"embeddable":true,"href":"https:\/\/www.culturalusa.com\/news\/wp-json\/wp\/v2\/comments?post=6113"}],"version-history":[{"count":0,"href":"https:\/\/www.culturalusa.com\/news\/wp-json\/wp\/v2\/posts\/6113\/revisions"}],"wp:featuredmedia":[{"embeddable":true,"href":"https:\/\/www.culturalusa.com\/news\/wp-json\/wp\/v2\/media\/6114"}],"wp:attachment":[{"href":"https:\/\/www.culturalusa.com\/news\/wp-json\/wp\/v2\/media?parent=6113"}],"wp:term":[{"taxonomy":"category","embeddable":true,"href":"https:\/\/www.culturalusa.com\/news\/wp-json\/wp\/v2\/categories?post=6113"},{"taxonomy":"post_tag","embeddable":true,"href":"https:\/\/www.culturalusa.com\/news\/wp-json\/wp\/v2\/tags?post=6113"}],"curies":[{"name":"wp","href":"https:\/\/api.w.org\/{rel}","templated":true}]}}