{"id":6127,"date":"2019-11-29T11:58:38","date_gmt":"2019-11-29T10:58:38","guid":{"rendered":"https:\/\/www.culturalusa.com\/news\/?p=6127"},"modified":"2020-09-24T15:47:39","modified_gmt":"2020-09-24T13:47:39","slug":"a-loccasion-du-black-friday-le-gouvernement-recommande-le-made-in-france","status":"publish","type":"post","link":"https:\/\/www.culturalusa.com\/news\/actualite\/a-loccasion-du-black-friday-le-gouvernement-recommande-le-made-in-france\/","title":{"rendered":"A l&rsquo;occasion du Black Friday, le gouvernement recommande le \u00ab\u00a0made in France\u00a0\u00bb"},"content":{"rendered":"<p>La secr\u00e9taire d&rsquo;Etat \u00e0 l&rsquo;Economie Agn\u00e8s Pannier-Runacher a appel\u00e9 vendredi les Fran\u00e7ais \u00e0 \u00ab\u00a0voter\u00a0\u00bb pour le \u00ab\u00a0made in France\u00a0\u00bb et \u00e0 privil\u00e9gier les commerces de proximit\u00e9 \u00e0 l&rsquo;occasion du Black Friday.<\/p>\n<p>\u00ab\u00a0Je crois que les Fran\u00e7ais sont assez matures pour faire leur choix, mais il est vrai que leur acte de consommation est susceptible de faire bouger les lignes\u00a0\u00bb, a-t-elle affirm\u00e9 sur France 2, soulignant que ce choix a \u00ab\u00a0autant de force que parfois le vote dans les urnes\u00a0\u00bb.<\/p>\n<p>\u00ab\u00a0Il est tr\u00e8s important que les Fran\u00e7ais se saisissent de ce pouvoir-l\u00e0\u00a0\u00bb, a-t-elle ajout\u00e9. \u00ab\u00a0C&rsquo;est nous qui allons changer le monde dans la mani\u00e8re dont on va consommer\u00a0\u00bb.<\/p>\n<p>\u00ab\u00a0Consommer \u00e0 la fran\u00e7aise, consommer du made in France, consommer chez les commer\u00e7ants de proximit\u00e9, c&rsquo;est rendre service \u00e0 l&rsquo;\u00e9conomie et c&rsquo;est se faire plaisir. Ne boudons pas notre plaisir\u00a0\u00bb, a-t-elle d\u00e9clar\u00e9.<\/p>\n<p>Selon la secr\u00e9taire d&rsquo;Etat, il s&rsquo;agit d\u00e9sormais de donner aux Fran\u00e7ais \u00ab\u00a0des outils\u00a0\u00bb pour les \u00ab\u00a0inciter \u00e0 aller vers plus d&rsquo;achat de proximit\u00e9, chez leurs commer\u00e7ants, et d&rsquo;aller aussi vers l&rsquo;achat fran\u00e7ais, du made in France et du fabriqu\u00e9 en France\u00a0\u00bb.<\/p>\n<p>\u00ab\u00a0C&rsquo;est possible\u00a0\u00bb, a insist\u00e9 Mme Pannier-Runacher. \u00ab\u00a0Il faut accompagner les Fran\u00e7ais dans cette direction et leur rendre \u00e7a d\u00e9sirable\u00a0\u00bb, a-t-elle assur\u00e9, \u00e9voquant l'\u00a0\u00bbexposition\u00a0\u00bb consacr\u00e9e aux produits fabriqu\u00e9s en France qui aura lieu les 18 et 19 janvier \u00e0 l&rsquo;Elys\u00e9e.<\/p>\n<p>\u00ab\u00a0L&rsquo;objectif c&rsquo;est de montrer de mani\u00e8re ludique que l&rsquo;on peut s&rsquo;\u00e9quiper compl\u00e8tement fran\u00e7ais, que l&rsquo;on peut s&rsquo;habiller, acheter une voiture et de la technologie fran\u00e7aises\u00a0\u00bb, a-t-elle d\u00e9taill\u00e9.<\/p>\n<p>Chaque d\u00e9partement de m\u00e9tropole et d\u2019outre-mer sera repr\u00e9sent\u00e9 par un produit, soit 101 produits au total, au cours de ce week-end o\u00f9 l&rsquo;Elys\u00e9e sera ouvert aux visiteurs, avait fait savoir jeudi la pr\u00e9sidence, en appelant les entreprises int\u00e9ress\u00e9es \u00e0 candidater. (AFP)<\/p>\n<p><img decoding=\"async\" src=\"https:\/\/www.culturalusa.com\/news\/wp-content\/uploads\/2019\/11\/statistiques-black_friday.jpg\" alt=\"\" width=\"100%\" height=\"500\" class=\"aligncenter size-full wp-image-6130\" srcset=\"https:\/\/www.culturalusa.com\/news\/wp-content\/uploads\/2019\/11\/statistiques-black_friday.jpg 650w, https:\/\/www.culturalusa.com\/news\/wp-content\/uploads\/2019\/11\/statistiques-black_friday-275x212.jpg 275w, https:\/\/www.culturalusa.com\/news\/wp-content\/uploads\/2019\/11\/statistiques-black_friday-480x369.jpg 480w\" sizes=\"(max-width: 650px) 100vw, 650px\" \/><\/p>\n","protected":false},"excerpt":{"rendered":"<p>La secr\u00e9taire d&rsquo;Etat \u00e0 l&rsquo;Economie Agn\u00e8s Pannier-Runacher a appel\u00e9 vendredi les Fran\u00e7ais \u00e0 \u00ab\u00a0voter\u00a0\u00bb pour le \u00ab\u00a0made in France\u00a0\u00bb et \u00e0 privil\u00e9gier les commerces de proximit\u00e9 \u00e0 l&rsquo;occasion du Black Friday. \u00ab\u00a0Je crois que les Fran\u00e7ais sont assez matures pour faire leur choix, mais il est vrai que leur acte de consommation est susceptible de [&hellip;]<\/p>\n","protected":false},"author":1,"featured_media":6128,"comment_status":"open","ping_status":"closed","sticky":false,"template":"","format":"standard","meta":{"footnotes":""},"categories":[30],"tags":[1115,1117],"class_list":["post-6127","post","type-post","status-publish","format-standard","has-post-thumbnail","hentry","category-actualite","tag-black-friday","tag-made-in-france"],"aioseo_notices":[],"_links":{"self":[{"href":"https:\/\/www.culturalusa.com\/news\/wp-json\/wp\/v2\/posts\/6127","targetHints":{"allow":["GET"]}}],"collection":[{"href":"https:\/\/www.culturalusa.com\/news\/wp-json\/wp\/v2\/posts"}],"about":[{"href":"https:\/\/www.culturalusa.com\/news\/wp-json\/wp\/v2\/types\/post"}],"author":[{"embeddable":true,"href":"https:\/\/www.culturalusa.com\/news\/wp-json\/wp\/v2\/users\/1"}],"replies":[{"embeddable":true,"href":"https:\/\/www.culturalusa.com\/news\/wp-json\/wp\/v2\/comments?post=6127"}],"version-history":[{"count":0,"href":"https:\/\/www.culturalusa.com\/news\/wp-json\/wp\/v2\/posts\/6127\/revisions"}],"wp:featuredmedia":[{"embeddable":true,"href":"https:\/\/www.culturalusa.com\/news\/wp-json\/wp\/v2\/media\/6128"}],"wp:attachment":[{"href":"https:\/\/www.culturalusa.com\/news\/wp-json\/wp\/v2\/media?parent=6127"}],"wp:term":[{"taxonomy":"category","embeddable":true,"href":"https:\/\/www.culturalusa.com\/news\/wp-json\/wp\/v2\/categories?post=6127"},{"taxonomy":"post_tag","embeddable":true,"href":"https:\/\/www.culturalusa.com\/news\/wp-json\/wp\/v2\/tags?post=6127"}],"curies":[{"name":"wp","href":"https:\/\/api.w.org\/{rel}","templated":true}]}}