{"id":6132,"date":"2019-11-29T12:32:17","date_gmt":"2019-11-29T11:32:17","guid":{"rendered":"https:\/\/www.culturalusa.com\/news\/?p=6132"},"modified":"2020-09-24T15:47:06","modified_gmt":"2020-09-24T13:47:06","slug":"von-der-leyen-affirme-que-le-climat-est-un-probleme-et-rappelle-les-incendies-au-portugal","status":"publish","type":"post","link":"https:\/\/www.culturalusa.com\/news\/portugal\/von-der-leyen-affirme-que-le-climat-est-un-probleme-et-rappelle-les-incendies-au-portugal\/","title":{"rendered":"Von der Leyen affirme que le climat est un probl\u00e8me et rappelle les incendies au Portugal"},"content":{"rendered":"<p>La Pr\u00e9sidente \u00e9lue de la Commission europ\u00e9enne, <strong>Ursula Von der Leyen<\/strong>, a d\u00e9clar\u00e9 devant le Parlement europ\u00e9en \u00e0 Strasbourg que le climat est \u00ab\u00a0un probl\u00e8me existentiel pour l&rsquo;Europe et le monde\u00a0\u00bb et a rappel\u00e9 <strong>les incendies de for\u00eat au Portugal<\/strong>.<\/p>\n<blockquote><p><strong>En 2017, de graves incendies ont fait 64 morts et plus de 250 bless\u00e9s.<\/strong><\/p>\n<p>L&rsquo;aide financi\u00e8re accord\u00e9e aux incendies a \u00e9t\u00e9 d\u00e9tourn\u00e9e&#8230;<br \/>\nLa popularit\u00e9 du <strong>premier ministre Ant\u00f3nio Costa<\/strong> est de plus en plus faible, pr\u00e9cis\u00e9ment les mois qui ont \u00e9t\u00e9 marqu\u00e9s par la trag\u00e9die des incendies&#8230; dont Pedr\u00f3g\u00e3o Grande. <\/p><\/blockquote>\n<p>S&rsquo;adressant aux d\u00e9put\u00e9s europ\u00e9ens avant que le Parlement europ\u00e9en ne vote sur l&rsquo;ensemble de son coll\u00e8ge &#8211; qui, s&rsquo;il est approuv\u00e9, prendra ses fonctions d\u00e8s le dimanche 1er d\u00e9cembre &#8211; Von der Leyen a veill\u00e9 \u00e0 ce que <strong>la lutte contre le changement climatique<\/strong> des priorit\u00e9s majeures de son mandat (2019-2024), comme \u00ab\u00a0il n&rsquo;y a pas de moment \u00e0 perdre\u00a0\u00bb, et a fait valoir que l&rsquo;Europe devrait jouer un r\u00f4le de premier plan \u00e0 l&rsquo;\u00e9chelle mondiale.<\/p>\n<p>\u00ab\u00a0S&rsquo;il existe un domaine dans lequel le monde a besoin de notre leadership, c&rsquo;est la protection de notre climat. Il s&rsquo;agit d&rsquo;un probl\u00e8me existentiel pour l&rsquo;Europe et le monde. <\/p>\n<p>Comment ne peut-il pas exister alors que 85% des personnes vivant dans l&rsquo;extr\u00eame pauvret\u00e9 vivent dans les 20 pays les plus vuln\u00e9rables au changement climatique? Comment peut-on \u00eatre non existentiel quand on voit Venise submerg\u00e9e, que les for\u00eats du Portugal sont en feu ou que les cultures en Lituanie sont r\u00e9duites de moiti\u00e9 \u00e0 cause de la s\u00e9cheresse?\u00a0\u00bb, A-t-elle d\u00e9clar\u00e9.<\/p>\n<p>Von der Leyen a ajout\u00e9 que ces ph\u00e9nom\u00e8nes \u00ab\u00a0se sont d\u00e9j\u00e0 produits, mais jamais avec cette fr\u00e9quence ou cette intensit\u00e9\u00a0\u00bb.<\/p>\n<p>\u00ab\u00a0Nous n&rsquo;avons pas de moment \u00e0 perdre. Plus l&rsquo;Europe agira rapidement et plus grands seront les avantages pour nos citoyens, notre comp\u00e9titivit\u00e9 et notre prosp\u00e9rit\u00e9\u00a0\u00bb, a-t-elle d\u00e9clar\u00e9, faisant valoir que l&rsquo;accord europ\u00e9en europ\u00e9en &#8211; portefeuille confi\u00e9 \u00e0 son vice-pr\u00e9sident ex\u00e9cutif Frans Timmermans &#8211; est essentiel pour \u00ab\u00a0la sant\u00e9 de la plan\u00e8te et des personnes\u00a0\u00bb ainsi que pour l&rsquo;\u00e9conomie europ\u00e9enne.<\/p>\n<p>\u00ab\u00a0L&rsquo;Accord vert europ\u00e9en est notre nouvelle strat\u00e9gie de croissance. Il nous aidera \u00e0 r\u00e9duire les \u00e9missions tout en cr\u00e9ant des emplois. Il repose sur une strat\u00e9gie industrielle qui permettra \u00e0 nos entreprises, grandes et petites, d&rsquo;innover et de d\u00e9velopper de nouvelles technologies tout en cr\u00e9ant de nouveaux march\u00e9s\u00a0\u00bb, a-t-elle d\u00e9clar\u00e9.<\/p>\n<p>Avant le vote sur l&rsquo;ensemble du coll\u00e8ge, la pr\u00e9sidente \u00e9lue de la Commission &#8211; qui avait d\u00e9j\u00e0 \u00e9t\u00e9 approuv\u00e9e par l&rsquo;Assembl\u00e9e europ\u00e9enne en juillet avec seulement neuf voix de plus que la majorit\u00e9 requise &#8211; a un d\u00e9bat avec les d\u00e9put\u00e9s europ\u00e9ens, son \u00e9quipe et programme.<\/p>\n<p>Apr\u00e8s le d\u00e9bat, chaque groupe politique se r\u00e9unira bri\u00e8vement pour d\u00e9cider du vote.<\/p>\n<p>Le nouvel ex\u00e9cutif de la communaut\u00e9 sera vot\u00e9 par l\u2019assembl\u00e9e \u00e0 12h00 heure locale (11h00 du matin \u00e0 Lisbonne), ce qui n\u00e9cessitera la majorit\u00e9 des suffrages exprim\u00e9s, ce qu\u2019il devrait pouvoir faire, \u00e9tant donn\u00e9 le soutien des trois grandes familles politiques europ\u00e9ennes, le Parti populaire europ\u00e9en, le groupe des socialistes et d\u00e9mocrates et le groupe Europe renouvel\u00e9e (lib\u00e9raux).<\/p>\n","protected":false},"excerpt":{"rendered":"<p>La Pr\u00e9sidente \u00e9lue de la Commission europ\u00e9enne, Ursula Von der Leyen, a d\u00e9clar\u00e9 devant le Parlement europ\u00e9en \u00e0 Strasbourg que le climat est \u00ab\u00a0un probl\u00e8me existentiel pour l&rsquo;Europe et le monde\u00a0\u00bb et a rappel\u00e9 les incendies de for\u00eat au Portugal. En 2017, de graves incendies ont fait 64 morts et plus de 250 bless\u00e9s. L&rsquo;aide [&hellip;]<\/p>\n","protected":false},"author":1,"featured_media":6133,"comment_status":"open","ping_status":"closed","sticky":false,"template":"","format":"standard","meta":{"footnotes":""},"categories":[3],"tags":[394,684],"class_list":["post-6132","post","type-post","status-publish","format-standard","has-post-thumbnail","hentry","category-portugal","tag-changement-climatique","tag-incendies-portugal"],"aioseo_notices":[],"_links":{"self":[{"href":"https:\/\/www.culturalusa.com\/news\/wp-json\/wp\/v2\/posts\/6132","targetHints":{"allow":["GET"]}}],"collection":[{"href":"https:\/\/www.culturalusa.com\/news\/wp-json\/wp\/v2\/posts"}],"about":[{"href":"https:\/\/www.culturalusa.com\/news\/wp-json\/wp\/v2\/types\/post"}],"author":[{"embeddable":true,"href":"https:\/\/www.culturalusa.com\/news\/wp-json\/wp\/v2\/users\/1"}],"replies":[{"embeddable":true,"href":"https:\/\/www.culturalusa.com\/news\/wp-json\/wp\/v2\/comments?post=6132"}],"version-history":[{"count":0,"href":"https:\/\/www.culturalusa.com\/news\/wp-json\/wp\/v2\/posts\/6132\/revisions"}],"wp:featuredmedia":[{"embeddable":true,"href":"https:\/\/www.culturalusa.com\/news\/wp-json\/wp\/v2\/media\/6133"}],"wp:attachment":[{"href":"https:\/\/www.culturalusa.com\/news\/wp-json\/wp\/v2\/media?parent=6132"}],"wp:term":[{"taxonomy":"category","embeddable":true,"href":"https:\/\/www.culturalusa.com\/news\/wp-json\/wp\/v2\/categories?post=6132"},{"taxonomy":"post_tag","embeddable":true,"href":"https:\/\/www.culturalusa.com\/news\/wp-json\/wp\/v2\/tags?post=6132"}],"curies":[{"name":"wp","href":"https:\/\/api.w.org\/{rel}","templated":true}]}}