{"id":625,"date":"2012-06-10T21:49:18","date_gmt":"2012-06-10T19:49:18","guid":{"rendered":"http:\/\/www.culturalusa.com\/news\/?p=625"},"modified":"2012-06-10T21:51:21","modified_gmt":"2012-06-10T19:51:21","slug":"legislatives-la-nette-victoire-de-la-gauche-assuree-dune-majorite-a-lassemblee","status":"publish","type":"post","link":"https:\/\/www.culturalusa.com\/news\/actualite\/legislatives-la-nette-victoire-de-la-gauche-assuree-dune-majorite-a-lassemblee\/","title":{"rendered":"L\u00e9gislatives la nette victoire de la gauche assur\u00e9e d&rsquo;une majorit\u00e9 \u00e0 l&rsquo;Assembl\u00e9e"},"content":{"rendered":"<figure id=\"attachment_626\" aria-describedby=\"caption-attachment-626\" style=\"width: 275px\" class=\"wp-caption alignleft\"><img loading=\"lazy\" decoding=\"async\" src=\"http:\/\/www.culturalusa.com\/news\/wp-content\/uploads\/2012\/06\/legislatives-2012-275x213.jpg\" alt=\"\" title=\"legislatives-2012\" width=\"275\" height=\"213\" class=\"size-medium wp-image-626\" srcset=\"https:\/\/www.culturalusa.com\/news\/wp-content\/uploads\/2012\/06\/legislatives-2012-275x213.jpg 275w, https:\/\/www.culturalusa.com\/news\/wp-content\/uploads\/2012\/06\/legislatives-2012.jpg 450w\" sizes=\"auto, (max-width: 275px) 100vw, 275px\" \/><figcaption id=\"caption-attachment-626\" class=\"wp-caption-text\">L\u00e9gislatives 2012<\/figcaption><\/figure>La gauche, emmen\u00e9e par le PS, arrive largement en t\u00eate dimanche du premier tour des l\u00e9gislatives, avec environ 47% des voix, devant l&rsquo;UMP et ses alli\u00e9s \u00e0 35% et le FN autour de 13-14%, assurant au nouveau pr\u00e9sident Fran\u00e7ois Hollande une majorit\u00e9 au minimum relative.<\/p>\n<p>Selon les estimations divulgu\u00e9es \u00e0 20H00 par les instituts de sondages, si le PS et l&rsquo;UMP sont au-coude-au-coude (35%), la majorit\u00e9 pr\u00e9sidentielle, avec l&rsquo;apport d&rsquo;EELV (5%), creuse l&rsquo;\u00e9cart. En ajoutant le score du Front de Gauche, cr\u00e9dit\u00e9 de 6,5% \u00e0 7%, l&rsquo;avance de la gauche atteint environ 12 points.<\/p>\n<p>Traduit en terme de si\u00e8ges \u00e0 l&rsquo;Assembl\u00e9e nationale, le PS et ses alli\u00e9s (PRG et Divers gauche) recueilleraient entre 275 et 329 si\u00e8ges et peuvent envisager d&rsquo;obtenir la majorit\u00e9 absolue (289) dimanche prochain, selon les instituts CSA, Ipsos et Sofres.<\/p>\n<p>Au besoin, le parti pr\u00e9sidentiel pourrait compter sur l&rsquo;apport de 8 \u00e0 18 d\u00e9put\u00e9s d&rsquo;Europe Ecologie-Les Verts, d&rsquo;apr\u00e8s les m\u00eames enqu\u00eates. Le Front de gauche, dont le leader Jean-Luc M\u00e9lenchon reste \u00e0 l&rsquo;\u00e9cart de la majorit\u00e9 pr\u00e9sidentielle, peut d\u00e9crocher de 13 \u00e0 20 si\u00e8ges.<\/p>\n<p>L&rsquo;UMP est donn\u00e9e perdante mais garderait de 210 \u00e0 270 si\u00e8ges. Le Front National, tout comme le MoDem du centriste Fran\u00e7ois Bayrou, peut esp\u00e9rer de z\u00e9ro \u00e0 trois si\u00e8ges.<\/p>\n<p>Le FN pourrait toutefois p\u00e2tir de la faible participation (moins de 60%), qui devrait limiter le nombre de triangulaires: selon les instituts, le seuil pour se maintenir au second tour sera en moyenne de 21,5% des suffrages exprim\u00e9s, niveau difficile \u00e0 atteindre puisque les candidats doivent recueillir au moins 12,5% des inscrits.<\/p>\n<p><strong>L&rsquo;abstention, dimanche, atteint un niveau record sous la Ve R\u00e9publique pour des l\u00e9gislatives!<\/strong><\/p>\n<p>\u00ab\u00a0Les \u00e9lecteurs ne voient plus l&rsquo;int\u00e9r\u00eat de ce scrutin juste apr\u00e8s la pr\u00e9sidentielle\u00a0\u00bb, a comment\u00e9 Fr\u00e9d\u00e9ric Dabi, de l&rsquo;Ifop.<\/p>\n<p>En 2007, la participation avait d\u00e9j\u00e0 \u00e9t\u00e9 faible, \u00e0 60,98%, contre 83,2% en 1978 (record inverse).<\/p>\n<p>A titre de comparaison, le 22 avril, le taux de participation au premier tour de la pr\u00e9sidentielle a \u00e9t\u00e9 de 79,48%.<\/p>\n<p>Dans le Pas-de-Calais, marqu\u00e9 par l&rsquo;affrontement \u00e0 H\u00e9nin-Beaumont entre Marine Le Pen, du Front national, et Jean-Luc M\u00e9lenchon, du Front de gauche (FG), la participation (47,50%) \u00e9tait \u00e0 17H00 tr\u00e8s l\u00e9g\u00e8rement sup\u00e9rieure \u00e0 celle du premier tour en 2007 (46,14%). Le d\u00e9partement voisin du Nord connaissait au m\u00eame moment un net reflux (45,8% contre 49,8%).<\/p>\n<p>Accueilli par quelques applaudissements, Fran\u00e7ois Hollande a vot\u00e9 \u00e0 11H00 dans son fief de Tulle, sans sa compagne Val\u00e9rie Trierweiler.<\/p>\n<p>Le Premier ministre Jean-Marc Ayrault a vot\u00e9 \u00e0 Nantes, ville dont il est le maire et o\u00f9 il brigue un sixi\u00e8me mandat de d\u00e9put\u00e9. Il a soulign\u00e9 qu&rsquo;il avait \u00ab\u00a0besoin de la l\u00e9gitimit\u00e9 des citoyens (&#8230;) pour mettre en oeuvre le projet pr\u00e9sidentiel\u00a0\u00bb.<\/p>\n<p>A Paris, dans le XVIe arrondissement, l&rsquo;ancien pr\u00e9sident de la R\u00e9publique, Nicolas Sarkozy, a vot\u00e9 peu avant midi, sans faire de commentaires. Il \u00e9tait accompagn\u00e9 de sa femme, Carla Bruni-Sarkozy.<\/p>\n<p>\u00ab\u00a0Il ne faut pas que le PS\u00a0\u00bb ait tous les pouvoirs, a lanc\u00e9 l&rsquo;ancien Premier ministre, Fran\u00e7ois Fillon, peu apr\u00e8s avoir vot\u00e9 \u00e0 la mairie du VIIe arrondissement \u00e0 Paris, o\u00f9 il porte les couleurs de son parti (2e circonscription).<\/p>\n<p>Le pr\u00e9sident du MoDem, Fran\u00e7ois Bayrou, a \u00e9t\u00e9 le plus matinal en votant peu de temps apr\u00e8s l&rsquo;ouverture des bureaux de vote, \u00e0 Pau, dans la 2e circonscription des Pyr\u00e9n\u00e9es-Atlantiques, o\u00f9 son si\u00e8ge de d\u00e9put\u00e9, qu&rsquo;il d\u00e9tient depuis 1986, est en jeu.<\/p>\n<p>Marine Le Pen, candidate dans la 11e circonscription du Pas-de-Calais \u00e0 H\u00e9nin-Beaumont, a effectu\u00e9 son devoir \u00e9lectoral dans la matin\u00e9e.<\/p>\n<p>Elle a d\u00e9nonc\u00e9 des incidents survenus peu auparavant dans un bureau de vote \u00e0 M\u00e9ricourt, une commune limitrophe o\u00f9 les forces de l&rsquo;ordre sont intervenues pour faire entrer un assesseur du FN qui en \u00e9tait emp\u00each\u00e9.<\/p>\n<p>Le FN et le FG se sont accus\u00e9s mutuellement. Marine Le Pen a vu dans cet incident les \u00ab\u00a0vieilles m\u00e9thodes des communistes\u00a0\u00bb, Jean-Luc M\u00e9lenchon r\u00e9torquant qu&rsquo;il s&rsquo;agissait d&rsquo;une \u00ab\u00a0provocation\u00a0\u00bb du FN.<\/p>\n<p>Les principaux t\u00e9nors ont vot\u00e9 dans leurs villes respectives: Alain Jupp\u00e9 (UMP) \u00e0 Bordeaux, S\u00e9gol\u00e8ne Royal (PS) \u00e0 La Rochelle, Martine Aubry (PS) \u00e0 Lille, Jean-Fran\u00e7ois Cop\u00e9, le secr\u00e9taire g\u00e9n\u00e9ral de l&rsquo;UMP, \u00e0 Meaux, ville de Seine-et-Marne dont il est le maire, C\u00e9cile Duflot (EELV) dans le XIe arrondissement \u00e0 Paris.<\/p>\n<p>Quarante-six millions d&rsquo;\u00e9lecteurs \u00e9taient appel\u00e9s aux urnes pour d\u00e9partager 6.603 candidats, dont 40% de femmes.<\/p>\n<p style=\"text-align:center;\"><script type=\"text\/javascript\"><!--\ngoogle_ad_client = \"ca-pub-2727717456356200\";\n\/* CulturaLusa 468x60 *\/\ngoogle_ad_slot = \"2785499263\";\ngoogle_ad_width = 468;\ngoogle_ad_height = 60;\n\/\/-->\n<\/script><br \/>\n<script type=\"text\/javascript\"\nsrc=\"http:\/\/pagead2.googlesyndication.com\/pagead\/show_ads.js\">\n<\/script><\/p>\n","protected":false},"excerpt":{"rendered":"<p>La gauche, emmen\u00e9e par le PS, arrive largement en t\u00eate dimanche du premier tour des l\u00e9gislatives, avec environ 47% des voix, devant l&rsquo;UMP et ses alli\u00e9s \u00e0 35% et le FN autour de 13-14%, assurant au nouveau pr\u00e9sident Fran\u00e7ois Hollande une majorit\u00e9 au minimum relative. Selon les estimations divulgu\u00e9es \u00e0 20H00 par les instituts de [&hellip;]<\/p>\n","protected":false},"author":1,"featured_media":0,"comment_status":"open","ping_status":"closed","sticky":false,"template":"","format":"standard","meta":{"footnotes":""},"categories":[30],"tags":[],"class_list":["post-625","post","type-post","status-publish","format-standard","hentry","category-actualite"],"aioseo_notices":[],"_links":{"self":[{"href":"https:\/\/www.culturalusa.com\/news\/wp-json\/wp\/v2\/posts\/625","targetHints":{"allow":["GET"]}}],"collection":[{"href":"https:\/\/www.culturalusa.com\/news\/wp-json\/wp\/v2\/posts"}],"about":[{"href":"https:\/\/www.culturalusa.com\/news\/wp-json\/wp\/v2\/types\/post"}],"author":[{"embeddable":true,"href":"https:\/\/www.culturalusa.com\/news\/wp-json\/wp\/v2\/users\/1"}],"replies":[{"embeddable":true,"href":"https:\/\/www.culturalusa.com\/news\/wp-json\/wp\/v2\/comments?post=625"}],"version-history":[{"count":0,"href":"https:\/\/www.culturalusa.com\/news\/wp-json\/wp\/v2\/posts\/625\/revisions"}],"wp:attachment":[{"href":"https:\/\/www.culturalusa.com\/news\/wp-json\/wp\/v2\/media?parent=625"}],"wp:term":[{"taxonomy":"category","embeddable":true,"href":"https:\/\/www.culturalusa.com\/news\/wp-json\/wp\/v2\/categories?post=625"},{"taxonomy":"post_tag","embeddable":true,"href":"https:\/\/www.culturalusa.com\/news\/wp-json\/wp\/v2\/tags?post=625"}],"curies":[{"name":"wp","href":"https:\/\/api.w.org\/{rel}","templated":true}]}}