{"id":6339,"date":"2019-12-09T01:59:40","date_gmt":"2019-12-09T00:59:40","guid":{"rendered":"https:\/\/www.culturalusa.com\/news\/?p=6339"},"modified":"2020-09-24T15:46:23","modified_gmt":"2020-09-24T13:46:23","slug":"semaine-cruciale-pour-la-reforme-des-retraites","status":"publish","type":"post","link":"https:\/\/www.culturalusa.com\/news\/actualite\/semaine-cruciale-pour-la-reforme-des-retraites\/","title":{"rendered":"Semaine cruciale pour la r\u00e9forme des retraites"},"content":{"rendered":"<p>Le Premier ministre, Edouard Philippe, qui pr\u00e9sentera l\u2019int\u00e9gralit\u00e9 du projet, doit r\u00e9unir les ministres concern\u00e9s en fin d\u2019apr\u00e8s-midi \u00e0 Matignon avant une r\u00e9union de travail \u00e0 l\u2019Elys\u00e9e autour du chef de l\u2019Etat.<\/p>\n<p>Si chaque camp affiche sa d\u00e9termination, avec notamment une nouvelle journ\u00e9e de gr\u00e8ve et de manifestations pr\u00e9vue mardi c\u00f4t\u00e9 syndical, le gouvernement s\u2019efforce n\u00e9anmoins de ne pas donner l\u2019impression de vouloir passer en force.<\/p>\n<p>\u201cJe suis d\u00e9termin\u00e9 \u00e0 mener la r\u00e9forme \u00e0 son terme et tr\u00e8s soucieux de le faire en respectant les gens et en r\u00e9pondant \u00e0 leurs inqui\u00e9tudes\u201d, a d\u00e9clar\u00e9 Edouard Philippe au JDD. \u201cSi on ne fait pas une r\u00e9forme profonde, s\u00e9rieuse, progressive aujourd\u2019hui, quelqu\u2019un d\u2019autre en fera une demain brutale, vraiment brutale.\u201d<\/p>\n<p>Face aux inqui\u00e9tudes li\u00e9es \u00e0 la fusion des 42 r\u00e9gimes existants en un syst\u00e8me universel par points, le gouvernement promet de faire preuve de p\u00e9dagogie et de souplesse, notamment sur le rythme de mise en oeuvre de la r\u00e9forme en fonction des sp\u00e9cificit\u00e9s de chaque profession.<\/p>\n<p>\u201cMercredi, j\u2019expliquerai, avec beaucoup de d\u00e9tails, le dispositif qu\u2019on veut construire. Et je continuerai ensuite \u00e0 l\u2019expliquer\u201d, a dit Edouard Philippe.<\/p>\n<p>Pour Bruno Le Maire, \u201cil y a beaucoup d\u2019espace pour le dialogue\u201d.<\/p>\n<p>Alors que le gouvernement envisage, parall\u00e8lement \u00e0 sa r\u00e9forme, des mesures pour ramener le syst\u00e8me actuel \u00e0 l\u2019\u00e9quilibre financier en 2025, \u201cle calendrier&#8230; \u00e7a peut faire partie des sujets de discussions\u201d, a dit le ministre de l\u2019Economie sur France 3.<\/p>\n<p>\u201cQuand est-ce que nous faisons cet \u00e9quilibre financier ? Est-ce qu\u2019il faut prendre un peu plus de temps pour que la pente ne soit pas trop raide pour ceux qui seront concern\u00e9s ? \u00c7a ne me pose aucune difficult\u00e9\u201d, a-t-il ajout\u00e9.<\/p>\n<p>\u201cNOUS TIENDRONS JUSQU\u2019AU RETRAIT\u201d, DIT LA CGT<\/p>\n<p>Le gouvernement admet cependant un besoin de \u201crassurer\u201d les Fran\u00e7ais sur sa r\u00e9forme.<\/p>\n<p>\u201cIl faut entendre les inqui\u00e9tudes et rassurer les Fran\u00e7ais (&#8230;) sur le fait que cette r\u00e9forme, \u00e7a se passera bien et qu\u2019on saura g\u00e9rer les transitions pour qu\u2019il n\u2019y ait pas de brutalit\u00e9 dans la r\u00e9forme\u201d, a dit Elisabeth Borne dans l\u2019\u00e9mission Le Grand Jury RTL-Le Figaro-LCI.<\/p>\n<p>Les annonces du Premier ministre mercredi permettront de \u201cclarifier le contenu et surtout le rythme de mise en oeuvre de la r\u00e9forme des retraites\u201d, a ajout\u00e9 la ministre de la Transition \u00e9cologique. \u201cOn ne va pas dire du jour au lendemain (aux agents de la SNCF et de la RATP) qu\u2019on va tout changer.\u201d<\/p>\n<p>Du c\u00f4t\u00e9 syndical, ce discours rassurant peine \u00e0 convaincre et on soup\u00e7onne le gouvernement de ne pas avoir pris la mesure de la contestation.<\/p>\n<p>Apr\u00e8s le \u201ctr\u00e8s beau succ\u00e8s\u201d de la premi\u00e8re journ\u00e9e de manifestations jeudi et de la gr\u00e8ve \u00e0 la SNCF et \u00e0 la RATP, qui se poursuit ce dimanche pour une quatri\u00e8me journ\u00e9e cons\u00e9cutive, le secr\u00e9taire g\u00e9n\u00e9ral de la CGT affirme dans le JDD: \u201cNous tiendrons jusqu\u2019au retrait\u201d de la r\u00e9forme.<\/p>\n<p>\u201cEn 1995, au d\u00e9but de la premi\u00e8re manifestation, le premier ministre Alain Jupp\u00e9 avait dit que jamais il ne retirerait son projet. Les choses \u00e9voluent vite. Et la col\u00e8re est grande. Le gouvernement devrait \u00eatre attentif\u201d, dit Philippe Martinez, selon lequel les ministres \u201csont d\u00e9connect\u00e9s d\u2019un certain nombre de r\u00e9alit\u00e9s\u201d. <\/p>\n<p>Interrog\u00e9 sur une issue possible \u00e0 cet affrontement, le secr\u00e9taire g\u00e9n\u00e9ral de la CGT d\u00e9clare: \u201cLa balle est dans le camp du gouvernement.\u201d<\/p>\n<p>\u201cQu\u2019il entende la col\u00e8re. Qu\u2019il dise qu\u2019il n\u2019y a que les imb\u00e9ciles qui ne changent pas d\u2019avis. Qu\u2019il remette les compteurs \u00e0 z\u00e9ro\u201d, ajoute Philippe Martinez au sujet d\u2019Edouard Philippe, en jugeant qu\u2019\u201dil n\u2019y a rien de bon\u201d dans le projet gouvernemental.<\/p>\n<p>En r\u00e9gion parisienne, le trafic des bus, m\u00e9tros et RER devrait \u00eatre encore \u201cextr\u00eamement perturb\u00e9\u201d lundi avec de nombreuses lignes ferm\u00e9es en raison de la gr\u00e8ve, a pr\u00e9venu la RATP. Sur le r\u00e9seau ferroviaire national, le trafic \u201crestera fortement perturb\u00e9\u201d, a dit la SNCF. (Reuters)<\/p>\n","protected":false},"excerpt":{"rendered":"<p>Le Premier ministre, Edouard Philippe, qui pr\u00e9sentera l\u2019int\u00e9gralit\u00e9 du projet, doit r\u00e9unir les ministres concern\u00e9s en fin d\u2019apr\u00e8s-midi \u00e0 Matignon avant une r\u00e9union de travail \u00e0 l\u2019Elys\u00e9e autour du chef de l\u2019Etat. Si chaque camp affiche sa d\u00e9termination, avec notamment une nouvelle journ\u00e9e de gr\u00e8ve et de manifestations pr\u00e9vue mardi c\u00f4t\u00e9 syndical, le gouvernement s\u2019efforce [&hellip;]<\/p>\n","protected":false},"author":1,"featured_media":3970,"comment_status":"open","ping_status":"closed","sticky":false,"template":"","format":"standard","meta":{"footnotes":""},"categories":[30],"tags":[1055],"class_list":["post-6339","post","type-post","status-publish","format-standard","has-post-thumbnail","hentry","category-actualite","tag-reforme-des-retraites"],"aioseo_notices":[],"_links":{"self":[{"href":"https:\/\/www.culturalusa.com\/news\/wp-json\/wp\/v2\/posts\/6339","targetHints":{"allow":["GET"]}}],"collection":[{"href":"https:\/\/www.culturalusa.com\/news\/wp-json\/wp\/v2\/posts"}],"about":[{"href":"https:\/\/www.culturalusa.com\/news\/wp-json\/wp\/v2\/types\/post"}],"author":[{"embeddable":true,"href":"https:\/\/www.culturalusa.com\/news\/wp-json\/wp\/v2\/users\/1"}],"replies":[{"embeddable":true,"href":"https:\/\/www.culturalusa.com\/news\/wp-json\/wp\/v2\/comments?post=6339"}],"version-history":[{"count":0,"href":"https:\/\/www.culturalusa.com\/news\/wp-json\/wp\/v2\/posts\/6339\/revisions"}],"wp:featuredmedia":[{"embeddable":true,"href":"https:\/\/www.culturalusa.com\/news\/wp-json\/wp\/v2\/media\/3970"}],"wp:attachment":[{"href":"https:\/\/www.culturalusa.com\/news\/wp-json\/wp\/v2\/media?parent=6339"}],"wp:term":[{"taxonomy":"category","embeddable":true,"href":"https:\/\/www.culturalusa.com\/news\/wp-json\/wp\/v2\/categories?post=6339"},{"taxonomy":"post_tag","embeddable":true,"href":"https:\/\/www.culturalusa.com\/news\/wp-json\/wp\/v2\/tags?post=6339"}],"curies":[{"name":"wp","href":"https:\/\/api.w.org\/{rel}","templated":true}]}}