{"id":634,"date":"2012-06-17T01:44:29","date_gmt":"2012-06-16T23:44:29","guid":{"rendered":"http:\/\/www.culturalusa.com\/news\/?p=634"},"modified":"2012-06-17T01:44:29","modified_gmt":"2012-06-16T23:44:29","slug":"litalie-na-pas-besoin-de-lavis-de-merkel-pour-reussir-affirme-monti","status":"publish","type":"post","link":"https:\/\/www.culturalusa.com\/news\/economie\/litalie-na-pas-besoin-de-lavis-de-merkel-pour-reussir-affirme-monti\/","title":{"rendered":"L&rsquo;Italie n&rsquo;a pas besoin de l&rsquo;avis de Merkel pour r\u00e9ussir affirme Monti"},"content":{"rendered":"<figure id=\"attachment_580\" aria-describedby=\"caption-attachment-580\" style=\"width: 238px\" class=\"wp-caption alignleft\"><img loading=\"lazy\" decoding=\"async\" src=\"http:\/\/www.culturalusa.com\/news\/wp-content\/uploads\/2012\/05\/Mario-Monti.jpg\" alt=\"\" title=\"Mario Monti\" width=\"238\" height=\"179\" class=\"size-full wp-image-580\" \/><figcaption id=\"caption-attachment-580\" class=\"wp-caption-text\">Mario Monti, Pr\u00e9sident du Conseil Italien<\/figcaption><\/figure>L&rsquo;Italie r\u00e9ussira \u00e0 surmonter les difficult\u00e9s gr\u00e2ce \u00e0 ses propres capacit\u00e9s et non gr\u00e2ce \u00e0 Angela Merkel, a relev\u00e9 samedi le pr\u00e9sident du Conseil italien Mario Monti, en souhaitant l&rsquo;adoption rapide d&rsquo;un calendrier pour la croissance entre les Europ\u00e9ens.<\/p>\n<p>Lors d&rsquo;un forum public organis\u00e9 \u00e0 Bologne (centre-nord) par le quotidien La Repubblica, M. Monti a un peu ironis\u00e9 sur les conseils du bon \u00e9l\u00e8ve allemand dans le d\u00e9bat europ\u00e9en: \u00ab\u00a0Merkel dit que l&rsquo;Italie va r\u00e9ussir. Mais si l&rsquo;Italie r\u00e9ussit, ce n&rsquo;est pas parce que Angela Merkel le dit\u00a0\u00bb, a-t-il soulign\u00e9.<\/p>\n<p>Lors de ce forum, le pr\u00e9sident du Conseil a insist\u00e9 sur l&rsquo;\u00e9tat psychologique des partenaires: \u00ab\u00a0Si dans les deux procha\u00eenes semaines cruciales, nous r\u00e9ussissons \u00e0 avoir quelque chose de concret et une perspective, avec des dates, pour une politique visant \u00e0 la croissance, je crois que cela changerait d\u00e9j\u00e0 le plan psychologique\u00a0\u00bb.<\/p>\n<p>\u00ab\u00a0Je fais ce que je peux pour expliquer \u00e0 Mme Merkel et \u00e0 d&rsquo;autres dirigeants que si un pays a un endettement public \u00e9lev\u00e9 (comme l&rsquo;Italie) et est en faveur de politiques europ\u00e9ennes fortes pour la croissance, il n&rsquo;aspire pas forc\u00e9ment aux sous de l&rsquo;Allemagne\u00a0\u00bb, a-t-il dit.<\/p>\n<p>M. Monti doit recevoir vendredi au Palais Chigi la chanceli\u00e8re allemande, le pr\u00e9sident fran\u00e7ais Fran\u00e7ois Hollande, et le premier ministre espagnol Mariano Rajoy.<\/p>\n<p>Des tensions sont apparues entre Paris et Berlin, l&rsquo;Allemagne insistant plus sur la stabilit\u00e9 budg\u00e9taire et la rigueur, et la France sur les mesures imm\u00e9diates vivant \u00e0 relancer la croissance.<\/p>\n<p style=\"text-align:center;\"><script type=\"text\/javascript\"><!--\ngoogle_ad_client = \"ca-pub-2727717456356200\";\n\/* CulturaLusa 468x60 *\/\ngoogle_ad_slot = \"2785499263\";\ngoogle_ad_width = 468;\ngoogle_ad_height = 60;\n\/\/-->\n<\/script><br \/>\n<script type=\"text\/javascript\"\nsrc=\"http:\/\/pagead2.googlesyndication.com\/pagead\/show_ads.js\">\n<\/script><\/p>\n<p>A propos de l&rsquo;Allemagne, Mario Monti a jug\u00e9 qu&rsquo;elle devait \u00eatre fi\u00e8re de \u00ab\u00a0la culture de stabilit\u00e9\u00a0\u00bb qu&rsquo;elle a port\u00e9 de l&rsquo;avant: \u00ab\u00a0si j&rsquo;\u00e9tais allemand, le produit d&rsquo;exportation dont je serais le plus fier est cette culture de la stabilit\u00e9 dont l&rsquo;euro est le pinacle (&#8230;), le condens\u00e9 d&rsquo;une nouvelle civilit\u00e9\u00a0\u00bb, a-t-il salu\u00e9.<\/p>\n<p>M. Monti s&rsquo;est dit \u00ab\u00a0optimiste sur l&rsquo;avenir de l&rsquo;Italie, malgr\u00e9 les difficul\u00e9s. \u00ab\u00a0Mais je deviendrais pessimiste si la structure de l&rsquo;Europe devait se dissoudre\u00a0\u00bb.<\/p>\n<p>M. Monti s&rsquo;est f\u00e9licit\u00e9 que son gouvernement ne soit pas sous la coupe de la \u00ab\u00a0Tro\u00efka\u00a0\u00bb (Commission europ\u00e9enne, BCE et Fonds mon\u00e9taire international).<\/p>\n<p>\u00ab\u00a0Je me rends au G20 au Mexique avec un esprit plus serein que mon pr\u00e9d\u00e9cesseur (Silvio Berlusconi) au G20 de Cannes\u00a0\u00bb l&rsquo;an dernier. \u00ab\u00a0Aujourd&rsquo;hui nous sommes de ceux \u00e0 qui l&rsquo;on demande comment on peut am\u00e9liorer l&rsquo;Europe et non plus de ceux \u00e0 qui l&rsquo;on demande combien d&rsquo;argent ils ont besoin et comment ils vivent leur descente dans le gouffre\u00a0\u00bb.<\/p>\n","protected":false},"excerpt":{"rendered":"<p>L&rsquo;Italie r\u00e9ussira \u00e0 surmonter les difficult\u00e9s gr\u00e2ce \u00e0 ses propres capacit\u00e9s et non gr\u00e2ce \u00e0 Angela Merkel, a relev\u00e9 samedi le pr\u00e9sident du Conseil italien Mario Monti, en souhaitant l&rsquo;adoption rapide d&rsquo;un calendrier pour la croissance entre les Europ\u00e9ens. Lors d&rsquo;un forum public organis\u00e9 \u00e0 Bologne (centre-nord) par le quotidien La Repubblica, M. Monti a [&hellip;]<\/p>\n","protected":false},"author":1,"featured_media":0,"comment_status":"open","ping_status":"closed","sticky":false,"template":"","format":"standard","meta":{"footnotes":""},"categories":[1],"tags":[],"class_list":["post-634","post","type-post","status-publish","format-standard","hentry","category-economie"],"aioseo_notices":[],"_links":{"self":[{"href":"https:\/\/www.culturalusa.com\/news\/wp-json\/wp\/v2\/posts\/634","targetHints":{"allow":["GET"]}}],"collection":[{"href":"https:\/\/www.culturalusa.com\/news\/wp-json\/wp\/v2\/posts"}],"about":[{"href":"https:\/\/www.culturalusa.com\/news\/wp-json\/wp\/v2\/types\/post"}],"author":[{"embeddable":true,"href":"https:\/\/www.culturalusa.com\/news\/wp-json\/wp\/v2\/users\/1"}],"replies":[{"embeddable":true,"href":"https:\/\/www.culturalusa.com\/news\/wp-json\/wp\/v2\/comments?post=634"}],"version-history":[{"count":0,"href":"https:\/\/www.culturalusa.com\/news\/wp-json\/wp\/v2\/posts\/634\/revisions"}],"wp:attachment":[{"href":"https:\/\/www.culturalusa.com\/news\/wp-json\/wp\/v2\/media?parent=634"}],"wp:term":[{"taxonomy":"category","embeddable":true,"href":"https:\/\/www.culturalusa.com\/news\/wp-json\/wp\/v2\/categories?post=634"},{"taxonomy":"post_tag","embeddable":true,"href":"https:\/\/www.culturalusa.com\/news\/wp-json\/wp\/v2\/tags?post=634"}],"curies":[{"name":"wp","href":"https:\/\/api.w.org\/{rel}","templated":true}]}}