{"id":637,"date":"2012-06-17T02:16:05","date_gmt":"2012-06-17T00:16:05","guid":{"rendered":"http:\/\/www.culturalusa.com\/news\/?p=637"},"modified":"2012-06-17T02:20:48","modified_gmt":"2012-06-17T00:20:48","slug":"plusieurs-milliers-de-personnes-ont-defile-dans-les-rues-de-lisbonne-a-lappel-de-la-cgtp","status":"publish","type":"post","link":"https:\/\/www.culturalusa.com\/news\/portugal\/plusieurs-milliers-de-personnes-ont-defile-dans-les-rues-de-lisbonne-a-lappel-de-la-cgtp\/","title":{"rendered":"Plusieurs milliers de personnes ont d\u00e9fil\u00e9 dans les rues de Lisbonne \u00e0 l&rsquo;appel de la CGTP"},"content":{"rendered":"<figure id=\"attachment_638\" aria-describedby=\"caption-attachment-638\" style=\"width: 467px\" class=\"wp-caption aligncenter\"><img loading=\"lazy\" decoding=\"async\" class=\"size-full wp-image-638 \" title=\"cgtp-lisboa\" src=\"http:\/\/www.culturalusa.com\/news\/wp-content\/uploads\/2012\/06\/cgtp-lisboa.jpg\" alt=\"\" width=\"467\" height=\"256\" srcset=\"https:\/\/www.culturalusa.com\/news\/wp-content\/uploads\/2012\/06\/cgtp-lisboa.jpg 467w, https:\/\/www.culturalusa.com\/news\/wp-content\/uploads\/2012\/06\/cgtp-lisboa-275x151.jpg 275w\" sizes=\"auto, (max-width: 467px) 100vw, 467px\" \/><figcaption id=\"caption-attachment-638\" class=\"wp-caption-text\">D\u00e9fil\u00e9 samedi 16 juin dans les rues de Lisbonne \u00e0 l&#39;appel de la CGTP<\/figcaption><\/figure>\n<p>Plusieurs milliers de personnes ont d\u00e9fil\u00e9 samedi 16 juin dans les rues de Lisbonne \u00e0 l&rsquo;appel de la CGTP, principale conf\u00e9d\u00e9ration syndicale portugaise, afin de protester contre la politique d&rsquo;aust\u00e9rit\u00e9 men\u00e9e par le gouvernement de centre-droit sous l&rsquo;\u00e9gide de l&rsquo;UE et du FMI.<\/p>\n<p>Les syndicats s&rsquo;attendaient \u00e0 une participation plus importante que lors de la manifestation de samedi dernier \u00e0 Porto, la grande ville du nord du pays, qui avait rassembl\u00e9 quelque 30 000 personnes selon leurs propres estimations.<\/p>\n<p>Pr\u00e9vue par le plan de rigueur et de r\u00e9formes exig\u00e9 au Portugal en \u00e9change d&rsquo;un pr\u00eat de 78 milliards d&rsquo;euros accord\u00e9 en mai 2011 par l&rsquo;Union europ\u00e9enne et le Fonds mon\u00e9taire international, cette r\u00e9forme a re\u00e7u l&rsquo;aval de l&rsquo;UGT, deuxi\u00e8me centrale du pays et historiquement plus mod\u00e9r\u00e9e, provoquant la division du mouvement syndical portugais.<\/p>\n<p>Alors que le pays devrait conna\u00eetre cette ann\u00e9e une r\u00e9cession de 3% du PIB, pour un taux de ch\u00f4mage record de 15,5%, la contestation des mesures d&rsquo;aust\u00e9rit\u00e9 n&rsquo;atteint pas au Portugal la m\u00eame ampleur qu&rsquo;en Gr\u00e8ce ou en Espagne. (Francetv info)<\/p>\n<p style=\"text-align:center;\"><script type=\"text\/javascript\"><!--\ngoogle_ad_client = \"ca-pub-2727717456356200\";\n\/* CulturaLusa 468x60 *\/\ngoogle_ad_slot = \"2785499263\";\ngoogle_ad_width = 468;\ngoogle_ad_height = 60;\n\/\/-->\n<\/script><br \/>\n<script type=\"text\/javascript\"\nsrc=\"http:\/\/pagead2.googlesyndication.com\/pagead\/show_ads.js\">\n<\/script><\/p>\n<p><img loading=\"lazy\" decoding=\"async\" class=\"alignleft size-full wp-image-180\" style=\"border: 0pt none;\" title=\"icon-pt\" src=\"http:\/\/www.culturalusa.com\/news\/wp-content\/uploads\/2012\/04\/icon-pt.gif\" alt=\"\" width=\"14\" height=\"14\" \/> \u00ab\u00a0Esta manifesta\u00e7\u00e3o \u00e9 de censura ao Governo e \u00e0s suas pol\u00edticas, mas \u00e9 simultaneamente de exig\u00eancia e de apresenta\u00e7\u00e3o de propostas para as sa\u00eddas que consideramos importantes e que vamos apresentar\u00a0\u00bb, afirmou Arm\u00e9nio Carlos, \u00e0 Ag\u00eancia Lusa, durante o percurso entre o Marqu\u00eas de Pombal e o Rossio.<\/p>\n<p>Rodeado por manifestantes, o secret\u00e1rio-geral avan\u00e7ou com algumas ideias que a CGTP espera que tenham sucesso.<\/p>\n<p>\u00ab\u00a0Nomeadamente para a cria\u00e7\u00e3o de emprego, o combate ao desemprego jovem e \u00e0s pol\u00edticas que visam retirar a prote\u00e7\u00e3o social aos desempregados. No que respeita \u00e0 melhoria dos sal\u00e1rios, \u00e9 inevit\u00e1vel o aumento do sal\u00e1rio m\u00ednimo nacional e tamb\u00e9m \u00e9 preciso aumentar as pens\u00f5es\u00a0\u00bb, defendeu o secret\u00e1rio-geral da intersindical.<\/p>\n<p>Arm\u00e9nio Carlos preferiu n\u00e3o adiantar um n\u00famero de manifestantes hoje presentes em Lisboa, mas mostrou-se satisfeito com a moldura humana.<\/p>\n<p>\u00ab\u00a0Estamos perante uma grande manifesta\u00e7\u00e3o vivida com intensidade e com esperan\u00e7a e confian\u00e7a e que \u00e9 necess\u00e1rio alterar estas pol\u00edticas e dar resposta a uma conjunto de necessidades e desejos dos trabalhadores e da popula\u00e7\u00e3o\u00a0\u00bb, referiu o secret\u00e1rio-geral da CGTP. (fonte:JN)<br \/>\n<iframe loading=\"lazy\" src=\"http:\/\/api.dmcloud.net\/player\/embed\/4e7343f894a6f677b10006b4\/4fdccb1ef325e1038a000060\/9123a2cf16c641479cb8e6fa2c625f82?exported=1\" frameborder=\"0\" width=\"467\" height=\"300\"><\/iframe><\/p>\n","protected":false},"excerpt":{"rendered":"<p>Plusieurs milliers de personnes ont d\u00e9fil\u00e9 samedi 16 juin dans les rues de Lisbonne \u00e0 l&rsquo;appel de la CGTP, principale conf\u00e9d\u00e9ration syndicale portugaise, afin de protester contre la politique d&rsquo;aust\u00e9rit\u00e9 men\u00e9e par le gouvernement de centre-droit sous l&rsquo;\u00e9gide de l&rsquo;UE et du FMI. Les syndicats s&rsquo;attendaient \u00e0 une participation plus importante que lors de la [&hellip;]<\/p>\n","protected":false},"author":1,"featured_media":0,"comment_status":"open","ping_status":"closed","sticky":false,"template":"","format":"standard","meta":{"footnotes":""},"categories":[3],"tags":[],"class_list":["post-637","post","type-post","status-publish","format-standard","hentry","category-portugal"],"aioseo_notices":[],"_links":{"self":[{"href":"https:\/\/www.culturalusa.com\/news\/wp-json\/wp\/v2\/posts\/637","targetHints":{"allow":["GET"]}}],"collection":[{"href":"https:\/\/www.culturalusa.com\/news\/wp-json\/wp\/v2\/posts"}],"about":[{"href":"https:\/\/www.culturalusa.com\/news\/wp-json\/wp\/v2\/types\/post"}],"author":[{"embeddable":true,"href":"https:\/\/www.culturalusa.com\/news\/wp-json\/wp\/v2\/users\/1"}],"replies":[{"embeddable":true,"href":"https:\/\/www.culturalusa.com\/news\/wp-json\/wp\/v2\/comments?post=637"}],"version-history":[{"count":0,"href":"https:\/\/www.culturalusa.com\/news\/wp-json\/wp\/v2\/posts\/637\/revisions"}],"wp:attachment":[{"href":"https:\/\/www.culturalusa.com\/news\/wp-json\/wp\/v2\/media?parent=637"}],"wp:term":[{"taxonomy":"category","embeddable":true,"href":"https:\/\/www.culturalusa.com\/news\/wp-json\/wp\/v2\/categories?post=637"},{"taxonomy":"post_tag","embeddable":true,"href":"https:\/\/www.culturalusa.com\/news\/wp-json\/wp\/v2\/tags?post=637"}],"curies":[{"name":"wp","href":"https:\/\/api.w.org\/{rel}","templated":true}]}}