{"id":642,"date":"2012-06-18T01:00:22","date_gmt":"2012-06-17T23:00:22","guid":{"rendered":"http:\/\/www.culturalusa.com\/news\/?p=642"},"modified":"2012-06-18T01:00:22","modified_gmt":"2012-06-17T23:00:22","slug":"hollande-a-pour-gouverner-un-ps-majoritaire-a-lassemblee","status":"publish","type":"post","link":"https:\/\/www.culturalusa.com\/news\/actualite\/hollande-a-pour-gouverner-un-ps-majoritaire-a-lassemblee\/","title":{"rendered":"Hollande a pour gouverner un PS majoritaire \u00e0 l&rsquo;Assembl\u00e9e"},"content":{"rendered":"<figure id=\"attachment_643\" aria-describedby=\"caption-attachment-643\" style=\"width: 260px\" class=\"wp-caption alignleft\"><img loading=\"lazy\" decoding=\"async\" src=\"http:\/\/www.culturalusa.com\/news\/wp-content\/uploads\/2012\/06\/Victoire-legislatives-2012.jpg\" alt=\"\" title=\"Victoire-legislatives-2012\" width=\"260\" height=\"173\" class=\"size-full wp-image-643\" \/><figcaption id=\"caption-attachment-643\" class=\"wp-caption-text\">Victoire de la gauche aux legislatives 2012<\/figcaption><\/figure>Avec un PS d\u00e9tenteur de la majorit\u00e9 absolue \u00e0 l&rsquo;Assembl\u00e9e nationale, pour la premi\u00e8re fois depuis 1981, Fran\u00e7ois Hollande a d\u00e9sormais les coud\u00e9es franches pour gouverner et affronter la crise, \u00e0 l&rsquo;issue des l\u00e9gislatives qui voient le Front national faire son retour au Palais-Bourbon.<\/p>\n<p>S&rsquo;il enregistre, comme attendu, l&rsquo;\u00e9chec de S\u00e9gol\u00e8ne Royal \u00e0 La Rochelle, le chef de l&rsquo;Etat et son gouvernement vont pouvoir \u00ab\u00a0prendre \u00e0 bras le corps les probl\u00e8mes\u00a0\u00bb du pays, toujours confront\u00e9 \u00e0 la crise de la zone euro, a r\u00e9agi le Premier ministre Jean-Marc Ayrault. \u00ab\u00a0L&rsquo;oeuvre qui est devant nous est immense. Rien ne sera facile. Rien ne nous sera donn\u00e9\u00a0\u00bb, a-t-il pr\u00e9venu.<\/p>\n<p>Avec ses proches alli\u00e9s (PRG, MRC, divers gauche), le PS obtient 314 des 577 si\u00e8ges, selon des r\u00e9sultats d\u00e9finitifs du minist\u00e8re de l&rsquo;Int\u00e9rieur pour la m\u00e9tropole et l&rsquo;outremer et les r\u00e9sultats quasi d\u00e9finitifs sur les Fran\u00e7ais de l&rsquo;\u00e9tranger. La majorit\u00e9 absolue est de 289 si\u00e8ges.<\/p>\n<p>Dans la foul\u00e9e de ce score historique, l&rsquo;ensemble de la gauche a obtenu, selon une totalisation du minist\u00e8re de l&rsquo;Int\u00e9rieur portant sur 40 millions d&rsquo;\u00e9lecteurs inscrits, plus de 50% des voix, meilleur score depuis 1981. En si\u00e8ges, elle atteint la majorit\u00e9 absolue d&rsquo;apr\u00e8s des r\u00e9sultats sur 486 circonscriptions.<\/p>\n<p>Les 25 ministres qui \u00e9taient candidats, dont le Premier d&rsquo;entre eux, ont tous \u00e9t\u00e9 \u00e9lus, y compris Marie-Arlette Carlotti (Personnes handicap\u00e9es) dans la 5e circonscription des Bouches-du-Rh\u00f4ne, face \u00e0 Renaud Muselier (UMP). Jean-Marc Ayrault et cinq ministres avaient \u00e9t\u00e9 \u00e9lus d\u00e8s le premier tour.<\/p>\n<p>Dans la 1\u00e8re circonscription de Charente-Maritime, sous les projecteurs pendant l&rsquo;entre-deux-tours avec le tweet retentissant de Val\u00e9rie Trierweiler, S\u00e9gol\u00e8ne Royal a en revanche \u00e9t\u00e9 battue par le dissident PS Olivier Falorni, auquel la compagne de Fran\u00e7ois Hollande avait apport\u00e9 son soutien.<\/p>\n<p>Sans m\u00eame attendre 20H00, la candidate \u00e0 la pr\u00e9sidentielle de 2007 a conc\u00e9d\u00e9 sa d\u00e9faite et fustig\u00e9 la \u00ab\u00a0trahison politique\u00a0\u00bb de son adversaire.<\/p>\n<p>Mme Royal, qui r\u00eavait de la pr\u00e9sidence de l&rsquo;Assembl\u00e9e, a d\u00e9plor\u00e9 le soutien de la Premi\u00e8re dame \u00e0 son rival: \u00ab\u00a0Ca n&rsquo;a pas arrang\u00e9 les choses\u00a0\u00bb. Elle a toutefois assur\u00e9 qu&rsquo;elle continuerait \u00e0 \u00ab\u00a0peser sur les choix de la politique nationale\u00a0\u00bb et n&rsquo;a pas exclu de briguer la t\u00eate du PS.<\/p>\n<p>Comme il le souhaitait, le gouvernement pourra mener ses r\u00e9formes sans m\u00eame avoir besoin de l&rsquo;appui des \u00e9cologistes: avec 20 d\u00e9put\u00e9s, selon trois instituts, EELV pourra constituer pour la premi\u00e8re fois un groupe parlementaire. C&rsquo;est une \u00ab\u00a0grande et belle date dans l&rsquo;histoire des \u00e9cologistes\u00a0\u00bb, s&rsquo;est r\u00e9jouie leur patronne et ministre C\u00e9cile Duflot.<\/p>\n<p>Ce ne sera pas le cas pour le Front de gauche de Jean-Luc M\u00e9lenchon, \u00e9limin\u00e9 d\u00e8s la semaine derni\u00e8re \u00e0 H\u00e9nin-Beaumont, qui est cr\u00e9dit\u00e9 de 10 si\u00e8ges. Celui-ci a demand\u00e9 que le seuil pour former un groupe soit abaiss\u00e9.<\/p>\n<p>Bayrou va \u00ab\u00a0prendre du recul\u00a0\u00bb.<br \/>\nSans surprise, les t\u00e9nors du PS se sont r\u00e9jouis de leur succ\u00e8s mais avec gravit\u00e9. La premi\u00e8re secr\u00e9taire Martine Aubry a salu\u00e9 une victoire qui \u00ab\u00a0nous oblige et nous honore\u00a0\u00bb.<\/p>\n<p>Parmi les ministres candidats, menac\u00e9s de devoir le quitter en cas de d\u00e9faite, Aur\u00e9lie Filippetti (Culture) l&rsquo;a emport\u00e9 en Moselle, St\u00e9phane Le Foll (Agriculture) dans la Sarthe, dans l&rsquo;ancienne circonscription de l&rsquo;ex-Premier ministre Fran\u00e7ois Fillon, Pierre Moscovici (Economie) dans le Doubs et Val\u00e9rie Fourneyron (Sports) en Seine-Maritime.<\/p>\n<p style=\"text-align:center;\"><script type=\"text\/javascript\"><!--\ngoogle_ad_client = \"ca-pub-2727717456356200\";\n\/* CulturaLusa 468x60 *\/\ngoogle_ad_slot = \"2785499263\";\ngoogle_ad_width = 468;\ngoogle_ad_height = 60;\n\/\/-->\n<\/script><br \/>\n<script type=\"text\/javascript\"\nsrc=\"http:\/\/pagead2.googlesyndication.com\/pagead\/show_ads.js\">\n<\/script><\/p>\n<p>L&rsquo;UMP a recueilli 194 si\u00e8ges, le Nouveau centre et les divers centristes 14, les divers droite 15 et les radicaux 6, soit un total de 229 pour la droite. L&rsquo;extr\u00eame droite en a trois, dont deux pour le FN.<\/p>\n<p>Fran\u00e7ois Fillon a \u00e9t\u00e9 \u00e9lu dans la 2e circonscription de Paris avec 56,46%, le secr\u00e9taire g\u00e9n\u00e9ral de l&rsquo;UMP Jean-Fran\u00e7ois Cop\u00e9 r\u00e9\u00e9lu \u00e0 Meaux (Seine-et-Marne), comme les ex-ministres Xavier Bertrand (Aisne), Luc Chatel (Haute-Marne), Bruno Le Maire (Eure) et Nathalie Kosciusko-Morizet (Essonne). Le pr\u00e9sident du Nouveau Centre Herv\u00e9 Morin l&rsquo;a emport\u00e9 dans l&rsquo;Eure.<\/p>\n<p>A l&rsquo;inverse, l&rsquo;ancienne ministre et \u00ab\u00a0passionaria sarkozyste\u00a0\u00bb Nadine Morano a \u00e9t\u00e9 battue \u00e0 Toul, en d\u00e9pit de ses appels du pied pressants aux \u00e9lecteurs du FN. Mich\u00e8le Alliot-Marie, figure du gaullisme, a mordu la poussi\u00e8re dans les Pyr\u00e9n\u00e9es-Atlantiques, tout comme l&rsquo;ex-ministre et homme de confiance de Nicolas Sarkozy, Claude Gu\u00e9ant (Hauts-de-Seine), d\u00e9fait par un dissident UMP.<\/p>\n<p>Sit\u00f4t connus les r\u00e9sultats, la bataille pour la t\u00eate de l&rsquo;UMP s&rsquo;est engag\u00e9e. Alain Jupp\u00e9 a demand\u00e9 un \u00ab\u00a0travail de fond\u00a0\u00bb sur ses \u00ab\u00a0valeurs\u00a0\u00bb et Xavier Bertrand a souhait\u00e9 retrouver \u00ab\u00a0le P de populaire dans UMP\u00a0\u00bb.<\/p>\n<p>\u00ab\u00a0Nous devons nous renouveler\u00a0\u00bb, a lanc\u00e9 Fran\u00e7ois Fillon, tandis que M. Cop\u00e9 a appel\u00e9 son parti \u00e0 \u00ab\u00a0l&rsquo;unit\u00e9\u00a0\u00bb et mis en garde contre les \u00ab\u00a0querelles de personnes\u00a0\u00bb.<\/p>\n<p>Dans la foul\u00e9e de son bon score \u00e0 la pr\u00e9sidentielle (17,9%), le FN a sign\u00e9, malgr\u00e9 la d\u00e9faite de Marine Le Pen, son grand retour au Palais-Bourbon pour la premi\u00e8re fois depuis 1998. L&rsquo;avocat Gilbert Collard (Gard), qui s&rsquo;est fix\u00e9 \u00ab\u00a0une mission de casse-couille d\u00e9mocratique\u00a0\u00bb, et Marion Mar\u00e9chal-Le Pen, \u00e9lue \u00e0 22 ans \u00e0 Carpentras, porteront ses couleurs. La petite-fille de Jean-Marie Le Pen, future benjamine, s&rsquo;est dite \u00ab\u00a0heureuse d&rsquo;\u00eatre la porte-parole de la jeunesse fran\u00e7aise\u00a0\u00bb.<\/p>\n<p>A H\u00e9nin-Beaumont (Pas-de-Calais), m\u00eame si elle a soulign\u00e9 les \u00ab\u00a0scores spectaculaires\u00a0\u00bb de son parti, Marine Le Pen a \u00e9t\u00e9 battue de 118 voix par le socialiste Philippe Kemel et a demand\u00e9, pour la forme, un recomptage.<\/p>\n<p>En comptant Jacques Bompard (Ligue du Sud), \u00e9lu \u00e0 Orange, l&rsquo;extr\u00eame droite devrait avoir trois \u00e9lus.<\/p>\n<p>De son c\u00f4t\u00e9, le MoDem a conserv\u00e9 deux si\u00e8ges, dont celui de Jean Lassalle dans les Pyr\u00e9n\u00e9es-Atlantiques.<\/p>\n<p>Mais son chef, Fran\u00e7ois Bayrou, a perdu le sien, dans le m\u00eame d\u00e9partement et a annonc\u00e9 qu&rsquo;en cons\u00e9quence, il allait \u00ab\u00a0prendre du recul\u00a0\u00bb et changer \u00ab\u00a0la forme de son engagement\u00a0\u00bb.<\/p>\n<p>Apr\u00e8s neuf mois d&rsquo;un marathon \u00e9lectoral d\u00e9but\u00e9 par la primaire socialiste, l&rsquo;abstention a battu un nouveau record avec 44%. L&rsquo;Assembl\u00e9e issue de ce scrutin sera la plus f\u00e9minis\u00e9e de l&rsquo;histoire, avec plus de 151 d\u00e9put\u00e9es, selon des chiffres (AFP).<\/p>\n","protected":false},"excerpt":{"rendered":"<p>Avec un PS d\u00e9tenteur de la majorit\u00e9 absolue \u00e0 l&rsquo;Assembl\u00e9e nationale, pour la premi\u00e8re fois depuis 1981, Fran\u00e7ois Hollande a d\u00e9sormais les coud\u00e9es franches pour gouverner et affronter la crise, \u00e0 l&rsquo;issue des l\u00e9gislatives qui voient le Front national faire son retour au Palais-Bourbon. S&rsquo;il enregistre, comme attendu, l&rsquo;\u00e9chec de S\u00e9gol\u00e8ne Royal \u00e0 La Rochelle, [&hellip;]<\/p>\n","protected":false},"author":1,"featured_media":0,"comment_status":"open","ping_status":"closed","sticky":false,"template":"","format":"standard","meta":{"footnotes":""},"categories":[30],"tags":[],"class_list":["post-642","post","type-post","status-publish","format-standard","hentry","category-actualite"],"aioseo_notices":[],"_links":{"self":[{"href":"https:\/\/www.culturalusa.com\/news\/wp-json\/wp\/v2\/posts\/642","targetHints":{"allow":["GET"]}}],"collection":[{"href":"https:\/\/www.culturalusa.com\/news\/wp-json\/wp\/v2\/posts"}],"about":[{"href":"https:\/\/www.culturalusa.com\/news\/wp-json\/wp\/v2\/types\/post"}],"author":[{"embeddable":true,"href":"https:\/\/www.culturalusa.com\/news\/wp-json\/wp\/v2\/users\/1"}],"replies":[{"embeddable":true,"href":"https:\/\/www.culturalusa.com\/news\/wp-json\/wp\/v2\/comments?post=642"}],"version-history":[{"count":0,"href":"https:\/\/www.culturalusa.com\/news\/wp-json\/wp\/v2\/posts\/642\/revisions"}],"wp:attachment":[{"href":"https:\/\/www.culturalusa.com\/news\/wp-json\/wp\/v2\/media?parent=642"}],"wp:term":[{"taxonomy":"category","embeddable":true,"href":"https:\/\/www.culturalusa.com\/news\/wp-json\/wp\/v2\/categories?post=642"},{"taxonomy":"post_tag","embeddable":true,"href":"https:\/\/www.culturalusa.com\/news\/wp-json\/wp\/v2\/tags?post=642"}],"curies":[{"name":"wp","href":"https:\/\/api.w.org\/{rel}","templated":true}]}}