{"id":6452,"date":"2019-12-16T23:35:14","date_gmt":"2019-12-16T22:35:14","guid":{"rendered":"https:\/\/www.culturalusa.com\/news\/?p=6452"},"modified":"2020-09-24T15:43:59","modified_gmt":"2020-09-24T13:43:59","slug":"johnson-apres-sa-victoire-se-retrousse-les-manches-pour-realiser-le-brexit","status":"publish","type":"post","link":"https:\/\/www.culturalusa.com\/news\/actualite\/johnson-apres-sa-victoire-se-retrousse-les-manches-pour-realiser-le-brexit\/","title":{"rendered":"Johnson, apr\u00e8s sa victoire se retrousse les manches pour r\u00e9aliser le Brexit"},"content":{"rendered":"<p>Quelques jours apr\u00e8s sa victoire \u00e9crasante aux l\u00e9gislatives au Royaume-Uni, le Premier ministre Boris Johnson s&rsquo;est retrouss\u00e9 les manches lundi en vue de lancer d\u00e8s vendredi l&rsquo;adoption de son accord de Brexit au Parlement, o\u00f9 il jouit d\u00e9sormais d&rsquo;une large majorit\u00e9.<\/p>\n<p>Le bouillonnant dirigeant conservateur entend pr\u00e9senter vendredi \u00e0 la Chambre des communes la loi d&rsquo;application de l&rsquo;accord n\u00e9goci\u00e9 avec Bruxelles encadrant la sortie du Royaume-Uni de l&rsquo;Union europ\u00e9enne le 31 janvier, a indiqu\u00e9 son porte-parole.<\/p>\n<p>Il s&rsquo;agira du premier texte examin\u00e9 par le Parlement dans sa nouvelle composition. L&rsquo;adoption devrait s&rsquo;achever apr\u00e8s les f\u00eates, permettant au Parlement europ\u00e9en de ratifier le texte et levant les derniers obstacles au divorce, apr\u00e8s 47 ans de mariage difficile et trois ans de psychodrame ayant suivi le r\u00e9f\u00e9rendum de 2016.<\/p>\n<p>Une fois le Brexit r\u00e9alis\u00e9 sur le plan politique, une nouvelle phase s&rsquo;amorcera: Londres et Bruxelles entameront d&rsquo;\u00e2pres n\u00e9gociations sur leur future relation commerciale \u00e0 l&rsquo;issue d&rsquo;une p\u00e9riode de transition pr\u00e9vue jusqu&rsquo;\u00e0 fin 2020.<\/p>\n<p>Boris Johnson assure qu&rsquo;il y parviendra sans prolongation de ce d\u00e9lai, ce qui soul\u00e8ve des s\u00e9rieux doutes \u00e0 Bruxelles. Sur la forme, pas de \u00ab\u00a0Soft Brexit (Brexit doux)\u00a0\u00bb: le dirigeant souhaite un accord de libre-\u00e9change inspir\u00e9 par celui conclu entre l&rsquo;UE et le Canada, selon son porte-parole.<\/p>\n<p>Son regard se tourne aussi vers les Etats-Unis. Lui et le pr\u00e9sident Donald Trump \u00ab\u00a0ont h\u00e2te de poursuivre leur \u00e9troite coop\u00e9ration sur des sujets comme la s\u00e9curit\u00e9 et le commerce, dont la n\u00e9gociation d&rsquo;un ambitieux accord de libre-\u00e9change\u00a0\u00bb, a indiqu\u00e9 un porte-parole \u00e0 l&rsquo;issue d&rsquo;un entretien t\u00e9l\u00e9phonique entre les deux dirigeants.<\/p>\n<p>A la t\u00eate d&rsquo;une majorit\u00e9 sans pr\u00e9c\u00e9dent pour les conservateurs depuis Margaret Thatcher, Boris Johnson a \u00e9galement annonc\u00e9 lundi la composition d&rsquo;un gouvernement l\u00e9g\u00e8rement remani\u00e9.<\/p>\n<p>Nicky Morgan est renomm\u00e9e ministre de la Culture, un portefeuille auquel elle avait renonc\u00e9 en d\u00e9cidant de ne pas se repr\u00e9senter comme d\u00e9put\u00e9e &#8212; mais elle est d\u00e9sormais membre de la Chambre des Lords. Simon Hart est le nouveau ministre charg\u00e9 du Pays de Galles.<\/p>\n<p>Un remaniement du gouvernement plus important pourrait advenir apr\u00e8s la date butoir du 31 janvier, une fois le Brexit assur\u00e9.<\/p>\n<p>Le chef du gouvernement doit aussi s&rsquo;adresser aux 109 d\u00e9put\u00e9s conservateurs nouvellement \u00e9lus parmi les 365 si\u00e8ges remport\u00e9s jeudi par son parti pour les exhorter \u00e0 r\u00e9aliser le Brexit, dans l&rsquo;impasse depuis le r\u00e9f\u00e9rendum de juin 2016 remport\u00e9 \u00e0 52% par le \u00ab\u00a0Leave\u00a0\u00bb.<\/p>\n<p><strong>Folie du Brexit<\/strong><\/p>\n<p>Avant de se pencher sur le Brexit, la nouvelle Chambre des communes devra tout d&rsquo;abord se r\u00e9unir mardi afin d&rsquo;\u00e9lire le \u00ab\u00a0speaker\u00a0\u00bb (pr\u00e9sident) et sauf surprise reconduire le travailliste Lindsay Hoyle, \u00e9lu un mois avant les \u00e9lections l\u00e9gislatives.<\/p>\n<p>Il aura la t\u00e2che de conduire les d\u00e9bats souvent tr\u00e8s anim\u00e9s sur le Brexit, comme l&rsquo;avait fait avant lui le truculent John Bercow.<\/p>\n<p>Chacun des 650 d\u00e9put\u00e9s jurera ensuite all\u00e9geance \u00e0 la Couronne.<\/p>\n<p>Boris Johnson d\u00e9clinera jeudi son programme l\u00e9gislatif lors du traditionnel discours du Tr\u00f4ne lu par Elizabeth II, 93 ans. Le dernier remontant \u00e0 deux mois \u00e0 peine et No\u00ebl approchant, le c\u00e9r\u00e9monial d&rsquo;habitude tr\u00e8s charg\u00e9 accompagnant cette c\u00e9r\u00e9monie sera r\u00e9duit.<\/p>\n<p>Outre l&rsquo;accent mis sur le Brexit, Boris Johnson doit annoncer \u00e0 cette occasion une hausse du financement du service national de sant\u00e9 (NHS), selon Downing Street. Ce service gratuit, auquel les Britanniques sont tr\u00e8s attach\u00e9s, a subi de drastiques mesures d&rsquo;aust\u00e9rit\u00e9 sous les gouvernements conservateurs depuis pr\u00e8s de 10 ans.<\/p>\n<p>Le Premier ministre a en revanche exclu d&rsquo;offrir \u00e0 l&rsquo;\u00c9cosse un deuxi\u00e8me r\u00e9f\u00e9rendum sur l&rsquo;ind\u00e9pendance de la r\u00e9gion, r\u00e9clam\u00e9 \u00e0 cor et \u00e0 cri par la Premi\u00e8re ministre \u00e9cossaise Nicola Sturgeon, forte du bon score aux l\u00e9gislatives de son parti ind\u00e9pendantiste, le SNP.<\/p>\n<p>\u00ab\u00a0Reconnaissez que nous devrions avoir le pouvoir de d\u00e9terminer le calendrier de notre r\u00e9f\u00e9rendum\u00a0\u00bb afin \u00ab\u00a0de se sortir de la folie du Brexit\u00a0\u00bb, contre lequel s&rsquo;\u00e9tait prononc\u00e9e l&rsquo;Ecosse lors du r\u00e9f\u00e9rendum de 2016, a d\u00e9clar\u00e9 le chef de file du SNP Ian Blackford \u00e0 l&rsquo;adresse du Premier ministre, en accueillant lundi \u00e0 Westminster les 47 autres d\u00e9put\u00e9s \u00e9lus de la formation nationaliste.<\/p>\n<p>Le Brexit change la donne \u00e9galement en Irlande du Nord, en premi\u00e8re ligne de la crise du Brexit en raison de sa position g\u00e9ographique. Unionistes et r\u00e9publicains ont entam\u00e9 lundi des n\u00e9gociations, par l&rsquo;entremise du gouvernement de Londres, pour tenter de former un ex\u00e9cutif local, qui fait d\u00e9faut depuis pr\u00e8s de trois ans. (AFP)<\/p>\n","protected":false},"excerpt":{"rendered":"<p>Quelques jours apr\u00e8s sa victoire \u00e9crasante aux l\u00e9gislatives au Royaume-Uni, le Premier ministre Boris Johnson s&rsquo;est retrouss\u00e9 les manches lundi en vue de lancer d\u00e8s vendredi l&rsquo;adoption de son accord de Brexit au Parlement, o\u00f9 il jouit d\u00e9sormais d&rsquo;une large majorit\u00e9. Le bouillonnant dirigeant conservateur entend pr\u00e9senter vendredi \u00e0 la Chambre des communes la loi [&hellip;]<\/p>\n","protected":false},"author":1,"featured_media":6611,"comment_status":"open","ping_status":"closed","sticky":false,"template":"","format":"standard","meta":{"footnotes":""},"categories":[30],"tags":[652,514],"class_list":["post-6452","post","type-post","status-publish","format-standard","has-post-thumbnail","hentry","category-actualite","tag-boris-johnson","tag-brexit"],"aioseo_notices":[],"_links":{"self":[{"href":"https:\/\/www.culturalusa.com\/news\/wp-json\/wp\/v2\/posts\/6452","targetHints":{"allow":["GET"]}}],"collection":[{"href":"https:\/\/www.culturalusa.com\/news\/wp-json\/wp\/v2\/posts"}],"about":[{"href":"https:\/\/www.culturalusa.com\/news\/wp-json\/wp\/v2\/types\/post"}],"author":[{"embeddable":true,"href":"https:\/\/www.culturalusa.com\/news\/wp-json\/wp\/v2\/users\/1"}],"replies":[{"embeddable":true,"href":"https:\/\/www.culturalusa.com\/news\/wp-json\/wp\/v2\/comments?post=6452"}],"version-history":[{"count":0,"href":"https:\/\/www.culturalusa.com\/news\/wp-json\/wp\/v2\/posts\/6452\/revisions"}],"wp:featuredmedia":[{"embeddable":true,"href":"https:\/\/www.culturalusa.com\/news\/wp-json\/wp\/v2\/media\/6611"}],"wp:attachment":[{"href":"https:\/\/www.culturalusa.com\/news\/wp-json\/wp\/v2\/media?parent=6452"}],"wp:term":[{"taxonomy":"category","embeddable":true,"href":"https:\/\/www.culturalusa.com\/news\/wp-json\/wp\/v2\/categories?post=6452"},{"taxonomy":"post_tag","embeddable":true,"href":"https:\/\/www.culturalusa.com\/news\/wp-json\/wp\/v2\/tags?post=6452"}],"curies":[{"name":"wp","href":"https:\/\/api.w.org\/{rel}","templated":true}]}}