{"id":646,"date":"2012-06-20T00:10:04","date_gmt":"2012-06-19T22:10:04","guid":{"rendered":"http:\/\/www.culturalusa.com\/news\/?p=646"},"modified":"2024-08-10T15:38:30","modified_gmt":"2024-08-10T13:38:30","slug":"le-portugal-devrait-developper-des-projets-de-tourisme-de-luxe-et-relancer-lagriculture","status":"publish","type":"post","link":"https:\/\/www.culturalusa.com\/news\/portugal\/le-portugal-devrait-developper-des-projets-de-tourisme-de-luxe-et-relancer-lagriculture\/","title":{"rendered":"Le Portugal devrait d\u00e9velopper des projets de tourisme de luxe et relancer l&rsquo;agriculture"},"content":{"rendered":"<h2>En raison de la crise \u00e9conomique qui touche le Portugal, sept autoroutes pr\u00e9vues pour \u00eatre gratuites, sont devenues payantes.<\/h2>\n<p>Cette nouvelle mesure est de plus en plus contest\u00e9e par beaucoup de citoyens qui estiment que les p\u00e9ages freinent le tourisme et le d\u00e9veloppement des r\u00e9gions d\u00e9favoris\u00e9es. En effet, les autoroutes \u00ab\u00a0sans frais pour les utilisateurs\u00a0\u00bb, les SCUT, avaient \u00e9t\u00e9 cr\u00e9\u00e9es en 1997 pour impulser l&rsquo;accroissement \u00e9conomique de ces r\u00e9gions.<\/p>\n<p>L&rsquo;instauration de p\u00e9ages sur ces autoroutes a \u00e9t\u00e9 l&rsquo;une des mesures exig\u00e9es par les bailleurs de fonds du Portugal, en \u00e9change de l&rsquo;aide exceptionnelle de 78 milliards d&rsquo;euros accord\u00e9e en mai 2011. L&rsquo;Association des professionnels du tourisme de l&rsquo;Algarve (AHETA) a appel\u00e9 le gouvernement \u00e0 les suspendre imm\u00e9diatement dans \u00ab\u00a0l&rsquo;int\u00e9r\u00eat r\u00e9gional et national\u00a0\u00bb. Les critiques visent en particulier les p\u00e9ages sur l&rsquo;autouroute A22 qui traverse sur 133 kilom\u00e8tres d&rsquo;Ouest en Est l&rsquo;Algarve, la principale r\u00e9gion touristique du pays, jusqu&rsquo;\u00e0 la fronti\u00e8re espagnole.<\/p>\n<p>\u00ab\u00a0Ces p\u00e9ages sont un d\u00e9sastre. Ils vont entra\u00eener d&rsquo;\u00e9normes pertes pour l&rsquo;\u00e9conomie, surtout \u00e0 l&rsquo;approche de la haute saison touristique\u00a0\u00bb, a d\u00e9clar\u00e9 Eliderico Viegas, pr\u00e9sident de l&rsquo;AHETA. Le nombre de touristes venant de l&rsquo;Espagne \u00ab\u00a0a d\u00e9j\u00e0 diminu\u00e9 de plus de 20% sur un an depuis l&rsquo;introduction des p\u00e9ages et cela devrait encore empirer pendant l&rsquo;\u00e9t\u00e9\u00a0\u00bb, a-t-il ajout\u00e9.<\/p>\n<h3><strong>Le tourisme de luxe, la cl\u00e9 de la reprise au Portugal<\/strong>.<\/h3>\n<p>Le Portugal devrait d\u00e9velopper des projets de tourisme de luxe pour aider \u00e0 la reprise de l&rsquo;\u00e9conomie du pays, a estim\u00e9 lundi le directeur de la Banque du Portugal, Carlos Costa.<\/p>\n<p>\u00ab\u00a0Le tourisme sera tr\u00e8s important pour la reprise de l&rsquo;\u00e9conomie portugaise et le r\u00e9\u00e9quilibrage de nos comptes\u00a0\u00bb, a d\u00e9clar\u00e9 Carlos Costa, membre du conseil des gouverneurs de la Banque centrale europ\u00e9enne (BCE), au cours d&rsquo;une conf\u00e9rence. (Reuters)<\/p>\n<h3><strong>Le Portugal veut relancer l&rsquo;agriculture <\/strong>.<\/h3>\n<p>Durement frapp\u00e9 par la crise, face \u00e0 un ch\u00f4mage qui atteint 15% de la population active, le Portugal envisage d\u2019encourager le retour \u00e0 la terre : cr\u00e9ation d\u2019une banque de terres pour d\u00e9velopper les plantations, primes \u00e0 l\u2019installation, soutien aux candidatures aux Fonds de d\u00e9veloppement europ\u00e9ens.<br \/>\nDes initiatives tr\u00e8s appr\u00e9ci\u00e9es dans la r\u00e9gion de Mirandela, dans le nord du pays, qui vit \u00e0 80% de l\u2019agriculture. (RFI)<\/p>\n<p style=\"text-align: center;\"><object width=\"300\" height=\"20\" classid=\"clsid:D27CDB6E-AE6D-11cf-96B8-444553540000\"><param name=\"flashvars\" value=\"file=http:\/\/telechargement.rfi.fr.edgesuite.net\/rfi\/francais\/audio\/modules\/actu\/201206\/Reportage_RFI_Agriculture_et_Crise_19-06-12.mp3&amp;skin=http:\/\/www.rfi.fr\/sites\/rfi.fr\/modules\/maison\/rfi_player\/flash\/rfiplayer.swf&amp;streamsense_jwp.debug=off&amp;streamsense_jwp.logurl=http:\/\/fr.sitestat.com\/aef\/rfi-fr\/s?embed&amp;streamsense_jwp.playlisttitle=&amp;streamsense_jwp.episodetitle=&amp;streamsense_jwp.dateproduction=1970-01-01&amp;plugins=http:\/\/www.rfi.fr\/sites\/rfi.fr\/custom-root\/streamsense_v4.0_jwp_plugin\/plugin\/streamsense_jwp-v1.swf\" \/><param name=\"movie\" value=\"http:\/\/www.rfi.fr\/sites\/all\/modules\/maison\/aef_player\/flash\/player.swf\" \/><param name=\"allowscriptaccess\" value=\"always\" \/><embed src=\"http:\/\/www.rfi.fr\/sites\/all\/modules\/maison\/aef_player\/flash\/player.swf\" width=\"300\" height=\"20\" type=\"application\/x-shockwave-flash\" pluginspage=\"http:\/\/www.macromedia.com\/go\/getflashplayer\" allowscriptaccess=\"always\" flashvars=\"file=http:\/\/telechargement.rfi.fr.edgesuite.net\/rfi\/francais\/audio\/modules\/actu\/201206\/Reportage_RFI_Agriculture_et_Crise_19-06-12.mp3&amp;skin=http:\/\/www.rfi.fr\/sites\/rfi.fr\/modules\/maison\/rfi_player\/flash\/rfiplayer.swf&amp;streamsense_jwp.debug=off&amp;streamsense_jwp.logurl=http:\/\/fr.sitestat.com\/aef\/rfi-fr\/s?embed&amp;streamsense_jwp.playlisttitle=&amp;streamsense_jwp.episodetitle=&amp;streamsense_jwp.dateproduction=1970-01-01&amp;plugins=http:\/\/www.rfi.fr\/sites\/rfi.fr\/custom-root\/streamsense_v4.0_jwp_plugin\/plugin\/streamsense_jwp-v1.swf\" \/><\/object><\/p>\n<p style=\"text-align: center;\"><script type=\"text\/javascript\"><!-- google_ad_client = \"ca-pub-2727717456356200\"; \/* CulturaLusa 468x60 *\/ google_ad_slot = \"2785499263\"; google_ad_width = 468; google_ad_height = 60; \/\/-->\n<\/script><br \/>\n<script type=\"text\/javascript\" src=\"http:\/\/pagead2.googlesyndication.com\/pagead\/show_ads.js\">\n<\/script><\/p>\n<p><img loading=\"lazy\" decoding=\"async\" class=\"alignleft size-full wp-image-180\" style=\"border: 0pt none;\" title=\"icon-pt\" src=\"http:\/\/www.culturalusa.com\/news\/wp-content\/uploads\/2012\/04\/icon-pt.gif\" alt=\"\" width=\"14\" height=\"14\" \/> Passos Coelho declarou :\u00a0\u00bbIncerteza sobre conjuntura europeia voltou a aumentar\u00a0\u00bb<\/p>\n<p>O primeiro-ministro considerou hoje que a \u00ab\u00a0incerteza relativa \u00e0 conjuntura europeia voltou a aumentar\u00a0\u00bb e que \u00e9 dif\u00edcil fazer previs\u00f5es e determinar \u00ab\u00a0o impacto que alguns acontecimentos poss\u00edveis poder\u00e3o ter na economia portuguesa\u00a0\u00bb.<\/p>\n<p>Pedro Passos Coelho fez este ponto da situa\u00e7\u00e3o durante um encontro empresarial na C\u00e2mara de Com\u00e9rcio de Lima, no Peru, a prop\u00f3sito da quarta avalia\u00e7\u00e3o do cumprimento por parte de Portugal do Programa de Assist\u00eancia Econ\u00f3mica e Financeira.<\/p>\n<p>Segundo o primeiro-ministro, ao fim de \u00ab\u00a0um ano de trabalho\u00a0\u00bb, Portugal conseguiu \u00ab\u00a0quatro avalia\u00e7\u00f5es muito positivas\u00a0\u00bb que mudaram a imagem externa do pa\u00eds, mas devido \u00e0 \u00ab\u00a0volatilidade\u00a0\u00bb da situa\u00e7\u00e3o europeia \u00ab\u00a0n\u00e3o \u00e9 f\u00e1cil fazer previs\u00f5es ou determinar o impacto que alguns acontecimentos poss\u00edveis poder\u00e3o ter sobre a economia portuguesa\u00a0\u00bb.<\/p>\n<p>\u00ab\u00a0Os nossos parceiros internacionais contam j\u00e1 com a determina\u00e7\u00e3o de Portugal em corrigir os erros e desequil\u00edbrios do passado, em honrar os compromissos assumidos e em se preparar para uma nova era de prosperidade, de crescimento e de emprego\u00a0\u00bb, afirmou Passos Coelho, considerando que \u00ab\u00a0nenhum destes bons resultados teria sido poss\u00edvel sem o empenho e a lucidez dos portugueses\u00a0\u00bb.<\/p>\n<p>Em seguida, no entanto, o primeiro-ministro referiu que esta quarta avalia\u00e7\u00e3o feita pelo Fundo Monet\u00e1rio Internacional e pela Uni\u00e3o Europeia aconteceu \u00ab\u00a0num momento em que a incerteza relativa \u00e0 conjuntura europeia voltou a aumentar\u00a0\u00bb.<\/p>\n<p>\u00ab\u00a0Num per\u00edodo com tal volatilidade n\u00e3o \u00e9 f\u00e1cil fazer previs\u00f5es ou determinar o impacto que alguns acontecimentos poss\u00edveis poder\u00e3o ter sobre economia portuguesa\u00a0\u00bb, acrescentou.(fonte:DN)<\/p>\n","protected":false},"excerpt":{"rendered":"<p>En raison de la crise \u00e9conomique qui touche le Portugal, sept autoroutes pr\u00e9vues pour \u00eatre gratuites, sont devenues payantes. Cette nouvelle mesure est de plus en plus contest\u00e9e par beaucoup de citoyens qui estiment que les p\u00e9ages freinent le tourisme et le d\u00e9veloppement des r\u00e9gions d\u00e9favoris\u00e9es. En effet, les autoroutes \u00ab\u00a0sans frais pour les utilisateurs\u00a0\u00bb, [&hellip;]<\/p>\n","protected":false},"author":1,"featured_media":647,"comment_status":"open","ping_status":"closed","sticky":false,"template":"","format":"standard","meta":{"footnotes":""},"categories":[3],"tags":[],"class_list":["post-646","post","type-post","status-publish","format-standard","has-post-thumbnail","hentry","category-portugal"],"aioseo_notices":[],"_links":{"self":[{"href":"https:\/\/www.culturalusa.com\/news\/wp-json\/wp\/v2\/posts\/646","targetHints":{"allow":["GET"]}}],"collection":[{"href":"https:\/\/www.culturalusa.com\/news\/wp-json\/wp\/v2\/posts"}],"about":[{"href":"https:\/\/www.culturalusa.com\/news\/wp-json\/wp\/v2\/types\/post"}],"author":[{"embeddable":true,"href":"https:\/\/www.culturalusa.com\/news\/wp-json\/wp\/v2\/users\/1"}],"replies":[{"embeddable":true,"href":"https:\/\/www.culturalusa.com\/news\/wp-json\/wp\/v2\/comments?post=646"}],"version-history":[{"count":2,"href":"https:\/\/www.culturalusa.com\/news\/wp-json\/wp\/v2\/posts\/646\/revisions"}],"predecessor-version":[{"id":12896,"href":"https:\/\/www.culturalusa.com\/news\/wp-json\/wp\/v2\/posts\/646\/revisions\/12896"}],"wp:featuredmedia":[{"embeddable":true,"href":"https:\/\/www.culturalusa.com\/news\/wp-json\/wp\/v2\/media\/647"}],"wp:attachment":[{"href":"https:\/\/www.culturalusa.com\/news\/wp-json\/wp\/v2\/media?parent=646"}],"wp:term":[{"taxonomy":"category","embeddable":true,"href":"https:\/\/www.culturalusa.com\/news\/wp-json\/wp\/v2\/categories?post=646"},{"taxonomy":"post_tag","embeddable":true,"href":"https:\/\/www.culturalusa.com\/news\/wp-json\/wp\/v2\/tags?post=646"}],"curies":[{"name":"wp","href":"https:\/\/api.w.org\/{rel}","templated":true}]}}