{"id":6478,"date":"2019-12-24T17:26:09","date_gmt":"2019-12-24T16:26:09","guid":{"rendered":"https:\/\/www.culturalusa.com\/news\/?p=6478"},"modified":"2020-09-24T15:40:48","modified_gmt":"2020-09-24T13:40:48","slug":"bethleem-accueille-des-pelerins-du-monde-entier-pour-noel","status":"publish","type":"post","link":"https:\/\/www.culturalusa.com\/news\/actualite\/bethleem-accueille-des-pelerins-du-monde-entier-pour-noel\/","title":{"rendered":"Bethl\u00e9em accueille des p\u00e8lerins du monde entier pour No\u00ebl"},"content":{"rendered":"<p>Bethl\u00e9em (Territoires palestiniens) &#8211; Des <strong>chr\u00e9tiens<\/strong> venus du monde entier ont commenc\u00e9 \u00e0 affluer mardi pr\u00e8s de la <span style=\"color: #800000;\">basilique de la Nativit\u00e9 \u00e0 Bethl\u00e9em<\/span>, lieu de <strong>naissance de J\u00e9sus<\/strong> selon la <strong>tradition chr\u00e9tienne<\/strong>, pour donner le coup d&rsquo;envoi des c\u00e9l\u00e9brations de <strong>No\u00ebl<\/strong>.<\/p>\n<p>Dans une ambiance festive, Palestiniens et \u00e9trangers ont converg\u00e9 dans le centre de la ville situ\u00e9e en Cisjordanie occup\u00e9e, o\u00f9 sont diffus\u00e9s par hauts-parleurs des chants de No\u00ebl en arabe.<\/p>\n<p>Dans la basilique, une longue file d&rsquo;attente s&rsquo;est form\u00e9e en peu de temps. Portugais, Nig\u00e9rians et Fran\u00e7ais patientent pour visiter l&rsquo;endroit exact o\u00f9 serait n\u00e9 J\u00e9sus. Ola, venue du Nigeria, se r\u00e9jouit d&rsquo;\u00eatre \u00e0 <strong>Bethl\u00e9em<\/strong> pour ce \u00ab\u00a0jour si sp\u00e9cial\u00a0\u00bb.<\/p>\n<p>A l&rsquo;ext\u00e9rieur, sous un soleil hivernal, des scouts palestiniens habill\u00e9s de bleu, jaune ou beige d\u00e9filent au son des cornemuses et des tambours sur la place de la Mangeoire, en face de la basilique.<\/p>\n<p>\u00ab\u00a0Quelle ambiance !\u00a0\u00bb, s&rsquo;exclame Jeanine, venue d&rsquo;Alsace avec un groupe.<\/p>\n<p><strong>Espoir<\/strong><\/p>\n<p>\u00ab\u00a0Je suis tellement \u00e9mue d&rsquo;\u00eatre ici aujourd\u2019hui, c&rsquo;est merveilleux\u00a0\u00bb, confie Germana, venue de Naples avec son \u00e9poux et ses deux enfants.<\/p>\n<p>Devant le sapin de 15 m\u00e8tres de haut qui tr\u00f4ne sur la place, une vingtaine de N\u00e9o-z\u00e9landais ont chant\u00e9 avec vigueur et en ch\u0153ur des chants de No\u00ebl, s\u2019attirant de nombreux regards et sourires de badauds et autres p\u00e8lerins, certains les prenant en photo.<\/p>\n<p>Cette ann\u00e9e, les festivit\u00e9s sont marqu\u00e9es par le retour en Terre sainte d&rsquo;un premier fragment du berceau de J\u00e9sus, arriv\u00e9 \u00e0 J\u00e9rusalem puis transf\u00e9r\u00e9 fin novembre en grande pompe \u00e0 Bethl\u00e9em, apr\u00e8s 1.300 ans en Europe.<\/p>\n<p>\u00ab\u00a0C&rsquo;est important car il s&rsquo;agit d&rsquo;une partie de la structure de bois de la cr\u00e8che originelle de Bethl\u00e9em. Cette structure de bois avait quitt\u00e9 la Terre sainte vers l&rsquo;an 640\u00a0\u00bb, selon le custode de Terre sainte, Francesco Patton.<\/p>\n<p>Pierbattista Pizzaballa, administrateur apostolique du patriarcat latin de J\u00e9rusalem, est arriv\u00e9 en fin de matin\u00e9e \u00e0 Bethl\u00e9em, o\u00f9 il c\u00e9l\u00e8brera la messe de minuit dans l&rsquo;Eglise Sainte-Catherine, attenante \u00e0 la basilique. Le pr\u00e9sident palestinien Mahmoud Abbas devrait y assister.<\/p>\n<p>\u00ab\u00a0Nous voyons d&rsquo;\u00e9normes probl\u00e8mes \u00e9conomiques, un taux de ch\u00f4mage \u00e9lev\u00e9 et d&rsquo;autres probl\u00e8mes mais (&#8230;) No\u00ebl est pour nous le moment o\u00f9 nous c\u00e9l\u00e9brons l&rsquo;espoir\u00a0\u00bb, a d\u00e9clar\u00e9 Pierbattista Pizzaballa en entrant dans la ville.<\/p>\n<p>Quelques chr\u00e9tiens de la bande de Gaza devraient \u00e9galement \u00eatre pr\u00e9sents, mais en nombre inf\u00e9rieur par rapport aux ann\u00e9es pr\u00e9c\u00e9dentes, Isra\u00ebl ayant accord\u00e9 moins de permis de sortie de l&rsquo;enclave palestinienne sous blocus isra\u00e9lien.<\/p>\n<p>Tout Palestinien d\u00e9sirant se rendre de Gaza en Cisjordanie, territoire occup\u00e9 par Isra\u00ebl depuis 1967, doit traverser le territoire isra\u00e9lien et obtenir un permis aupr\u00e8s des autorit\u00e9s isra\u00e9liennes.<\/p>\n<p>Plus de 300 personnes ont \u00e9t\u00e9 autoris\u00e9es \u00e0 quitter la bande de Gaza pour l&rsquo;occasion, sur les 950 ayant demand\u00e9 une autorisation, selon Wadie Abou Nassar, porte-parole des Eglises de Terre Sainte.<\/p>\n<p><strong>Tourisme en hausse<\/strong><\/p>\n<p>Dans la bande de Gaza et ses environs, l&rsquo;ann\u00e9e 2019 a \u00e9t\u00e9 marqu\u00e9e par des violences meurtri\u00e8res entre le groupe Jihad islamique et les forces isra\u00e9liennes, alors que les chances de r\u00e9solution d&rsquo;un conflit vieux de plus de 70 ans apparaissent de plus en plus \u00e9loign\u00e9es.<\/p>\n<p>Ces derni\u00e8res ann\u00e9es, les festivit\u00e9s de No\u00ebl ont parfois \u00e9t\u00e9 ternies par les tensions.<\/p>\n<p>En 2017, la d\u00e9cision unilat\u00e9rale prise quelques semaines plus t\u00f4t par le pr\u00e9sident am\u00e9ricain Donald Trump de reconna\u00eetre J\u00e9rusalem comme capitale d&rsquo;Isra\u00ebl avait provoqu\u00e9 des manifestations quasi-quotidiennes dans les Territoires palestiniens, notamment \u00e0 Bethl\u00e9em, ville s\u00e9par\u00e9e de J\u00e9rusalem par un mur \u00e9rig\u00e9 par les autorit\u00e9s isra\u00e9liennes.<\/p>\n<p>Les festivit\u00e9s de 2015 s&rsquo;\u00e9taient elles d\u00e9roul\u00e9es sur fond de violences anti-isra\u00e9liennes ayant secou\u00e9 Isra\u00ebl et les Territoires palestiniens et co\u00fbt\u00e9 la vie \u00e0 150 personnes en trois mois.<\/p>\n<p>Apr\u00e8s plusieurs ann\u00e9es de baisse de fr\u00e9quentation dues aux retomb\u00e9es du conflit isra\u00e9lo-palestinien, Bethl\u00e9em conna\u00eet en 2019 une hausse importante du nombre de visiteurs, selon des responsables palestiniens en charge du tourisme.<\/p>\n<p>Sur la place de la Mangeoire, la ministre palestinienne du Tourisme Rula Maayah s&rsquo;est r\u00e9jouie aupr\u00e8s de l&rsquo;AFP de ce que 3,5 millions de personnes avaient visit\u00e9 Bethl\u00e9em cette ann\u00e9e.<\/p>\n<p>Le pape Fran\u00e7ois doit s&rsquo;adresser mardi soir depuis le Vatican aux quelque 1,3 milliard de catholiques dans le monde. (AFP)<\/p>\n","protected":false},"excerpt":{"rendered":"<p>Bethl\u00e9em (Territoires palestiniens) &#8211; Des chr\u00e9tiens venus du monde entier ont commenc\u00e9 \u00e0 affluer mardi pr\u00e8s de la basilique de la Nativit\u00e9 \u00e0 Bethl\u00e9em, lieu de naissance de J\u00e9sus selon la tradition chr\u00e9tienne, pour donner le coup d&rsquo;envoi des c\u00e9l\u00e9brations de No\u00ebl. Dans une ambiance festive, Palestiniens et \u00e9trangers ont converg\u00e9 dans le centre de [&hellip;]<\/p>\n","protected":false},"author":1,"featured_media":6479,"comment_status":"open","ping_status":"closed","sticky":false,"template":"","format":"standard","meta":{"footnotes":""},"categories":[30],"tags":[1141,1139,1140],"class_list":["post-6478","post","type-post","status-publish","format-standard","has-post-thumbnail","hentry","category-actualite","tag-basilique-de-la-nativite","tag-bethleem","tag-pelerins"],"aioseo_notices":[],"_links":{"self":[{"href":"https:\/\/www.culturalusa.com\/news\/wp-json\/wp\/v2\/posts\/6478","targetHints":{"allow":["GET"]}}],"collection":[{"href":"https:\/\/www.culturalusa.com\/news\/wp-json\/wp\/v2\/posts"}],"about":[{"href":"https:\/\/www.culturalusa.com\/news\/wp-json\/wp\/v2\/types\/post"}],"author":[{"embeddable":true,"href":"https:\/\/www.culturalusa.com\/news\/wp-json\/wp\/v2\/users\/1"}],"replies":[{"embeddable":true,"href":"https:\/\/www.culturalusa.com\/news\/wp-json\/wp\/v2\/comments?post=6478"}],"version-history":[{"count":0,"href":"https:\/\/www.culturalusa.com\/news\/wp-json\/wp\/v2\/posts\/6478\/revisions"}],"wp:featuredmedia":[{"embeddable":true,"href":"https:\/\/www.culturalusa.com\/news\/wp-json\/wp\/v2\/media\/6479"}],"wp:attachment":[{"href":"https:\/\/www.culturalusa.com\/news\/wp-json\/wp\/v2\/media?parent=6478"}],"wp:term":[{"taxonomy":"category","embeddable":true,"href":"https:\/\/www.culturalusa.com\/news\/wp-json\/wp\/v2\/categories?post=6478"},{"taxonomy":"post_tag","embeddable":true,"href":"https:\/\/www.culturalusa.com\/news\/wp-json\/wp\/v2\/tags?post=6478"}],"curies":[{"name":"wp","href":"https:\/\/api.w.org\/{rel}","templated":true}]}}