{"id":6524,"date":"2020-01-14T00:59:41","date_gmt":"2020-01-13T23:59:41","guid":{"rendered":"https:\/\/www.culturalusa.com\/news\/?p=6524"},"modified":"2020-09-24T15:39:26","modified_gmt":"2020-09-24T13:39:26","slug":"iran-avion-abattu-et-la-grande-colere-populaire-malgre-le-dementi-du-gouvernement","status":"publish","type":"post","link":"https:\/\/www.culturalusa.com\/news\/actualite\/iran-avion-abattu-et-la-grande-colere-populaire-malgre-le-dementi-du-gouvernement\/","title":{"rendered":"Iran : avion ukrainien abattu et la grande col\u00e8re populaire malgr\u00e9 le d\u00e9menti du gouvernement"},"content":{"rendered":"<p>La <strong>col\u00e8re des Iraniens<\/strong> est rest\u00e9e vive malgr\u00e9 le d\u00e9menti du gouvernement qui a ni\u00e9 avoir tent\u00e9 de masquer la responsabilit\u00e9 des autorit\u00e9s dans le drame de <strong>l&rsquo;avion ukrainien<\/strong> abattu par erreur le 8 janvier.<\/p>\n<p>Pour le troisi\u00e8me jour cons\u00e9cutif, des vid\u00e9os ont circul\u00e9 sur les r\u00e9seaux sociaux semblant montrer des manifestations notamment \u00e0 l&rsquo;universit\u00e9 Charif de T\u00e9h\u00e9ran, \u00e0 Sanandaj au Kurdistan et \u00e0 Ispahan notamment.<\/p>\n<p>Les manifestants y scandaient des slogans hostiles aux autorit\u00e9s de la R\u00e9publique islamique, y compris au clerg\u00e9 chiite. Des appels ont \u00e9t\u00e9 lanc\u00e9s sur les r\u00e9seaux sociaux \u00e0 d&rsquo;autres rassemblements mardi, mercredi et jeudi.<\/p>\n<p>Le chef de la diplomatie am\u00e9ricaine Mike Pompeo a accus\u00e9 T\u00e9h\u00e9ran de vouloir \u00ab\u00a0tout faire\u00a0\u00bb pour mettre fin aux manifestations. Il a assur\u00e9 que les Etats-Unis \u00e9taient \u00ab\u00a0au c\u00f4t\u00e9\u00a0\u00bb des manifestants \u00ab\u00a0dans leurs appels en faveur de la libert\u00e9 et de la justice et dans leur col\u00e8re justifi\u00e9e\u00a0\u00bb contre leurs dirigeants.<\/p>\n<p>Face \u00e0 ces manifestations d\u00e9non\u00e7ant un mensonge d&rsquo;Etat, la police de T\u00e9h\u00e9ran a re\u00e7u des consignes de \u00ab\u00a0retenue\u00a0\u00bb, a indiqu\u00e9 son commandant, le g\u00e9n\u00e9ral Hossein Rahimi. Les forces anti\u00e9meutes y sont cependant rest\u00e9es bien visibles lundi.<\/p>\n<p>Devant la presse, Ali Rabii, porte-parole du gouvernement, a assur\u00e9 que celui-ci n&rsquo;avait pas cherch\u00e9 \u00e0 \u00ab\u00a0\u00e9touffer l&rsquo;affaire\u00a0\u00bb de la catastrophe a\u00e9rienne.<\/p>\n<p>Jeudi et vendredi, les autorit\u00e9s civiles avaient ni\u00e9 l&rsquo;hypoth\u00e8se selon laquelle l&rsquo;avion d&rsquo;<strong>Ukraine International Airlines<\/strong> ait pu \u00eatre abattu par un missile iranien, avanc\u00e9e d\u00e8s mercredi soir par le Canada.<\/p>\n<p><strong>Choc<\/strong><\/p>\n<p>Jusqu&rsquo;\u00e0 ce que samedi matin, les forces arm\u00e9es iraniennes reconnaissent leur responsabilit\u00e9 dans ce drame qui a fait 176 morts, des Iraniens et des Canadiens majoritairement.<\/p>\n<p>\u00ab\u00a0Nous n&rsquo;avons pas menti\u00a0\u00bb, a affirm\u00e9 M. Rabii: \u00ab\u00a0ce que nous avons dit\u00a0\u00bb avant l&rsquo;annonce des forces arm\u00e9es se fondait \u00ab\u00a0sur les renseignements qui (nous) avaient \u00e9t\u00e9 pr\u00e9sent\u00e9s\u00a0\u00bb et \u00ab\u00a0selon lesquels il n&rsquo;y avait aucun rapport entre l&rsquo;accident et un (tir de) missile\u00a0\u00bb.<\/p>\n<p><strong>La r\u00e9v\u00e9lation a cr\u00e9\u00e9 un choc en Iran.<\/strong><\/p>\n<p>D\u00e8s samedi soir, une c\u00e9r\u00e9monie d&rsquo;hommage aux victimes dans une universit\u00e9 de T\u00e9h\u00e9ran a vir\u00e9 \u00e0 la manifestation contre les autorit\u00e9s, aux cris de \u00ab\u00a0mort aux menteurs\u00a0\u00bb, avant d&rsquo;\u00eatre dispers\u00e9e par la police \u00e0 coup de gaz lacrymog\u00e8nes.<\/p>\n<p>La manifestation de samedi \u00e0 T\u00e9h\u00e9ran a \u00e9t\u00e9 \u00e0 l&rsquo;origine d&rsquo;un nouvel accroc diplomatique entre Londres et T\u00e9h\u00e9ran, apr\u00e8s la br\u00e8ve interpellation de l&rsquo;ambassadeur britannique Rob Macaire dans les environs du rassemblement.<\/p>\n<p>T\u00e9h\u00e9ran, qui a reproch\u00e9 \u00e0 M. Macaire d&rsquo;avoir \u00e9t\u00e9 pr\u00e9sent \u00e0 un \u00ab\u00a0rassemblement ill\u00e9gal\u00a0\u00bb en violation des conventions diplomatiques, a menac\u00e9 lundi soir d&rsquo;expulser l&rsquo;ambassadeur en cas de nouvelle \u00ab\u00a0provocation\u00a0\u00bb.<\/p>\n<p>M. Macaire avait assur\u00e9 s&rsquo;\u00eatre rendu au rassemblement annonc\u00e9 comme une veill\u00e9e \u00e0 la m\u00e9moire des victimes de la catastrophe a\u00e9rienne, dans laquelle ont p\u00e9ri des Britanniques.<\/p>\n<p>Dimanche soir, de nouveau, des rassemblements de col\u00e8re, d&rsquo;une ampleur difficile \u00e0 \u00e9valuer, ont eu lieu \u00e0 T\u00e9h\u00e9ran avant d&rsquo;\u00eatre dispers\u00e9s, comme la veille.<\/p>\n<p>Selon une vid\u00e9o circulant sur internet, une femme semble \u00eatre tomb\u00e9e sur le trottoir, constell\u00e9 de sang, et est soulev\u00e9e par plusieurs personnes dont certaines crient \u00ab\u00a0on lui a tir\u00e9 dessus!\u00a0\u00bb<\/p>\n<p><strong>Magnifiques manifestants<\/strong><\/p>\n<p>Mais selon le g\u00e9n\u00e9ral Rahimi, \u00ab\u00a0la police a trait\u00e9 les (manifestants) avec patience et tol\u00e9rance\u00a0\u00bb et \u00ab\u00a0n&rsquo;a pas du tout tir\u00e9\u00a0\u00bb \u00e0 balles r\u00e9elles.<\/p>\n<p>Lundi soir, des rumeurs circulaient sur les r\u00e9seaux sociaux faisant \u00e9tat d&rsquo;arrestations parmi les manifestants.<\/p>\n<p>Des manifestations mi-novembre apr\u00e8s l&rsquo;annonce d&rsquo;une hausse soudaine et forte du prix de l&rsquo;essence avaient \u00e9t\u00e9 violemment r\u00e9prim\u00e9es, et au moins 300 personnes avaient \u00e9t\u00e9 tu\u00e9es selon Amnesty International.<\/p>\n<p>Fait extr\u00eamement rare, l&rsquo;agence de presse Fars, proche des ultraconservateurs a rapport\u00e9 que les contestataires de dimanche avaient cri\u00e9 \u00ab\u00a0Mort au dictateur !\u00a0\u00bb et scand\u00e9 des slogans hostiles aux Gardiens de la R\u00e9volution, l&rsquo;arm\u00e9e id\u00e9ologique iranienne, mettant ces cris de col\u00e8re dans la bouche de \u00ab\u00a0manifestants\u00a0\u00bb et non de \u00ab\u00a0voyous\u00a0\u00bb comme elle l&rsquo;\u00e9crit habituellement.<\/p>\n<p>Lundi, une ancienne pr\u00e9sentatrice d&rsquo;\u00e9missions \u00e0 la t\u00e9l\u00e9vision d&rsquo;Etat s&rsquo;est excus\u00e9e sur Instagram aupr\u00e8s de ses compatriotes d&rsquo;avoir \u00ab\u00a0menti pendant treize ans \u00e0 la t\u00e9l\u00e9vision\u00a0\u00bb.<\/p>\n<p>Des images sur les r\u00e9seaux sociaux ont montr\u00e9 par ailleurs des manifestants contournant des drapeaux am\u00e9ricains plac\u00e9s au sol au lieu de les pi\u00e9tiner. \u00ab\u00a0Waouh!\u00a0\u00bb, s&rsquo;est enthousiasm\u00e9 sur Twitter Donald Trump, saluant les \u00ab\u00a0magnifiques manifestants iraniens\u00a0\u00bb. (AFP)<\/p>\n","protected":false},"excerpt":{"rendered":"<p>La col\u00e8re des Iraniens est rest\u00e9e vive malgr\u00e9 le d\u00e9menti du gouvernement qui a ni\u00e9 avoir tent\u00e9 de masquer la responsabilit\u00e9 des autorit\u00e9s dans le drame de l&rsquo;avion ukrainien abattu par erreur le 8 janvier. Pour le troisi\u00e8me jour cons\u00e9cutif, des vid\u00e9os ont circul\u00e9 sur les r\u00e9seaux sociaux semblant montrer des manifestations notamment \u00e0 l&rsquo;universit\u00e9 [&hellip;]<\/p>\n","protected":false},"author":1,"featured_media":6525,"comment_status":"open","ping_status":"closed","sticky":false,"template":"","format":"standard","meta":{"footnotes":""},"categories":[30],"tags":[1143,441,1145,333],"class_list":["post-6524","post","type-post","status-publish","format-standard","has-post-thumbnail","hentry","category-actualite","tag-avion-abattu","tag-iran","tag-teheran","tag-ukraine"],"aioseo_notices":[],"_links":{"self":[{"href":"https:\/\/www.culturalusa.com\/news\/wp-json\/wp\/v2\/posts\/6524","targetHints":{"allow":["GET"]}}],"collection":[{"href":"https:\/\/www.culturalusa.com\/news\/wp-json\/wp\/v2\/posts"}],"about":[{"href":"https:\/\/www.culturalusa.com\/news\/wp-json\/wp\/v2\/types\/post"}],"author":[{"embeddable":true,"href":"https:\/\/www.culturalusa.com\/news\/wp-json\/wp\/v2\/users\/1"}],"replies":[{"embeddable":true,"href":"https:\/\/www.culturalusa.com\/news\/wp-json\/wp\/v2\/comments?post=6524"}],"version-history":[{"count":0,"href":"https:\/\/www.culturalusa.com\/news\/wp-json\/wp\/v2\/posts\/6524\/revisions"}],"wp:featuredmedia":[{"embeddable":true,"href":"https:\/\/www.culturalusa.com\/news\/wp-json\/wp\/v2\/media\/6525"}],"wp:attachment":[{"href":"https:\/\/www.culturalusa.com\/news\/wp-json\/wp\/v2\/media?parent=6524"}],"wp:term":[{"taxonomy":"category","embeddable":true,"href":"https:\/\/www.culturalusa.com\/news\/wp-json\/wp\/v2\/categories?post=6524"},{"taxonomy":"post_tag","embeddable":true,"href":"https:\/\/www.culturalusa.com\/news\/wp-json\/wp\/v2\/tags?post=6524"}],"curies":[{"name":"wp","href":"https:\/\/api.w.org\/{rel}","templated":true}]}}