{"id":6572,"date":"2020-01-20T11:33:34","date_gmt":"2020-01-20T10:33:34","guid":{"rendered":"https:\/\/www.culturalusa.com\/news\/?p=6572"},"modified":"2020-09-24T15:33:39","modified_gmt":"2020-09-24T13:33:39","slug":"retraites-au-portugal-le-gouvernement-prepare-la-fin-de-leldorado-fiscal","status":"publish","type":"post","link":"https:\/\/www.culturalusa.com\/news\/portugal\/retraites-au-portugal-le-gouvernement-prepare-la-fin-de-leldorado-fiscal\/","title":{"rendered":"Retrait\u00e9s au Portugal: Le gouvernement pr\u00e9pare la fin de l\u2019eldorado fiscal"},"content":{"rendered":"<p>Le gouvernement portugais <strong>pr\u00e9pare la fin de &lsquo;l&rsquo;eldorado fiscal&rsquo;<\/strong>. \u00c0 l&rsquo;\u00e9tude, la mise en place de deux niveaux d&rsquo;imposition en fonction des revenus de pension per\u00e7us par les <strong>retrait\u00e9s \u00e9trangers<\/strong>.<\/p>\n<p>Le gouvernement d&rsquo;Ant\u00f3nio Costa devrait aller de l&rsquo;avant dans ce budget de l&rsquo;\u00c9tat pour 2020 avec un amendement propos\u00e9 qui met fin \u00e0 l&rsquo;exon\u00e9ration fiscale pour les retrait\u00e9s \u00e9trangers. <\/p>\n<p>Il s&rsquo;agit du r\u00e9gime des r\u00e9sidents non habituels qui a \u00e9t\u00e9 cr\u00e9\u00e9 en 2009 et ne permet aux retrait\u00e9s \u00e9trangers d&rsquo;\u00eatre impos\u00e9s ni dans leur pays d&rsquo;origine, ni au Portugal. <\/p>\n<p>Le gouvernement devrait appliquer deux niveaux d&rsquo;imposition sur le revenu.<\/p>\n<p>La r\u00e9vision du r\u00e9gime des r\u00e9sidents non habituels est une mesure longtemps pr\u00e9conis\u00e9e par le parti Bloco de Esquerda (extr\u00eame-gauche). Jusqu&rsquo;\u00e0 pr\u00e9sent, les principaux b\u00e9n\u00e9ficiaires de ces mesures sont les retrait\u00e9s fran\u00e7ais.<\/p>\n<p>Selon les donn\u00e9es obtenues par le jornal Correio da Manh\u00e3, sur les 29901 r\u00e9sidents non habituels au Portugal, seulement 7% sont actifs dans le pays jusqu&rsquo;en mars 2019.<\/p>\n<p>Les retrait\u00e9s \u00e9trangers qui s\u2019installent au Portugal devront payer des imp\u00f4ts. \u00c0 ce jour, ces derniers en sont exempt\u00e9s en b\u00e9n\u00e9ficiant du statut de r\u00e9sident non habituel (RNH). <\/p>\n<p>Un r\u00e9gime fiscal mis en place en 2009 pour attirer les \u00e9trangers \u00e0 fort pouvoir d\u2019achat, qui leur permet de ne pas payer d\u2019imp\u00f4ts sur leurs pensions durant dix ans, ni au Portugal ni dans leur pays d\u2019origine.<\/p>\n","protected":false},"excerpt":{"rendered":"<p>Le gouvernement portugais pr\u00e9pare la fin de &lsquo;l&rsquo;eldorado fiscal&rsquo;. \u00c0 l&rsquo;\u00e9tude, la mise en place de deux niveaux d&rsquo;imposition en fonction des revenus de pension per\u00e7us par les retrait\u00e9s \u00e9trangers. Le gouvernement d&rsquo;Ant\u00f3nio Costa devrait aller de l&rsquo;avant dans ce budget de l&rsquo;\u00c9tat pour 2020 avec un amendement propos\u00e9 qui met fin \u00e0 l&rsquo;exon\u00e9ration fiscale [&hellip;]<\/p>\n","protected":false},"author":1,"featured_media":6573,"comment_status":"open","ping_status":"closed","sticky":false,"template":"","format":"standard","meta":{"footnotes":""},"categories":[3],"tags":[1154,288],"class_list":["post-6572","post","type-post","status-publish","format-standard","has-post-thumbnail","hentry","category-portugal","tag-eldorado-fiscal","tag-retraites-au-portugal"],"aioseo_notices":[],"_links":{"self":[{"href":"https:\/\/www.culturalusa.com\/news\/wp-json\/wp\/v2\/posts\/6572","targetHints":{"allow":["GET"]}}],"collection":[{"href":"https:\/\/www.culturalusa.com\/news\/wp-json\/wp\/v2\/posts"}],"about":[{"href":"https:\/\/www.culturalusa.com\/news\/wp-json\/wp\/v2\/types\/post"}],"author":[{"embeddable":true,"href":"https:\/\/www.culturalusa.com\/news\/wp-json\/wp\/v2\/users\/1"}],"replies":[{"embeddable":true,"href":"https:\/\/www.culturalusa.com\/news\/wp-json\/wp\/v2\/comments?post=6572"}],"version-history":[{"count":0,"href":"https:\/\/www.culturalusa.com\/news\/wp-json\/wp\/v2\/posts\/6572\/revisions"}],"wp:featuredmedia":[{"embeddable":true,"href":"https:\/\/www.culturalusa.com\/news\/wp-json\/wp\/v2\/media\/6573"}],"wp:attachment":[{"href":"https:\/\/www.culturalusa.com\/news\/wp-json\/wp\/v2\/media?parent=6572"}],"wp:term":[{"taxonomy":"category","embeddable":true,"href":"https:\/\/www.culturalusa.com\/news\/wp-json\/wp\/v2\/categories?post=6572"},{"taxonomy":"post_tag","embeddable":true,"href":"https:\/\/www.culturalusa.com\/news\/wp-json\/wp\/v2\/tags?post=6572"}],"curies":[{"name":"wp","href":"https:\/\/api.w.org\/{rel}","templated":true}]}}