{"id":658,"date":"2012-06-23T00:04:51","date_gmt":"2012-06-22T22:04:51","guid":{"rendered":"http:\/\/www.culturalusa.com\/news\/?p=658"},"modified":"2012-06-23T00:04:51","modified_gmt":"2012-06-22T22:04:51","slug":"priorite-croissance-pour-les-quatre-poids-lourds-de-lunion-de-la-zone-euro","status":"publish","type":"post","link":"https:\/\/www.culturalusa.com\/news\/economie\/priorite-croissance-pour-les-quatre-poids-lourds-de-lunion-de-la-zone-euro\/","title":{"rendered":"Priorit\u00e9 croissance pour les quatre poids-lourds de l&rsquo;Union de la Zone Euro"},"content":{"rendered":"<figure id=\"attachment_659\" aria-describedby=\"caption-attachment-659\" style=\"width: 265px\" class=\"wp-caption alignleft\"><img loading=\"lazy\" decoding=\"async\" src=\"http:\/\/www.culturalusa.com\/news\/wp-content\/uploads\/2012\/06\/mini-sommet-euro.jpg\" alt=\"\" title=\"sommet zone euro\" width=\"265\" height=\"156\" class=\"size-full wp-image-659\" \/><figcaption id=\"caption-attachment-659\" class=\"wp-caption-text\">Mini Sommet de Zone Euro<\/figcaption><\/figure>Les dirigeants des quatre principales \u00e9conomies de la zone euro, r\u00e9unis vendredi \u00e0 Rome, ont appel\u00e9 \u00e0 mobiliser quelque 120-130 milliards d&rsquo;euros en faveur de la croissance, d\u00e9sormais \u00e9rig\u00e9e au rang de priorit\u00e9, pour tenter de sortir de la crise une Europe plomb\u00e9e par l&rsquo;aust\u00e9rit\u00e9.<\/p>\n<p>Lors de ce mini-sommet Italie-France-Allemagne-Espagne, destin\u00e9 \u00e0 pr\u00e9parer le sommet europ\u00e9en crucial des 28 et 29 juin, le chef du gouvernement italien Mario Monti, le pr\u00e9sident fran\u00e7ais Fran\u00e7ois Hollande, la chanceli\u00e8re allemande Angela Merkel et le chef du gouvernement espagnol Mariano Rajoy se sont fix\u00e9 pour \u00ab\u00a0premier objectif\u00a0\u00bb la \u00ab\u00a0relance de la croissance\u00a0\u00bb, a d\u00e9clar\u00e9 M. Monti.<\/p>\n<p>Une relance passant par la mobilisation de \u00ab\u00a01% du PIB europ\u00e9en, c&rsquo;est-\u00e0-dire 120 \u00e0 130 milliards d&rsquo;euros\u00a0\u00bb, a indiqu\u00e9 M. Hollande. \u00ab\u00a0C&rsquo;est d\u00e9j\u00e0 une premi\u00e8re \u00e9tape\u00a0\u00bb, a-t-il comment\u00e9 un peu plus tard devant la communaut\u00e9 fran\u00e7aise de Rome.<\/p>\n<p>M\u00eame Mme Merkel, ap\u00f4tre de la rigueur, a vu dans cet objectif commun, qui sera propos\u00e9 au sommet europ\u00e9en de la semaine prochaine, \u00ab\u00a0un signal important\u00a0\u00bb.<\/p>\n<p>\u00ab\u00a0Qui aurait pu dire, il y a encore quelques semaines, que (la croissance) serait \u00e0 ce point \u00e0 l&rsquo;ordre du jour d&rsquo;un Conseil europ\u00e9en\u00a0\u00bb, s&rsquo;est f\u00e9licit\u00e9 M. Hollande, qui avait promis de faire bouger les lignes sur ce th\u00e8me.<\/p>\n<p>Ces 120-130 milliards proviendront du renforcement de la Banque europ\u00e9enne d&rsquo;investissement, des project-bonds (emprunts en commun pour financer des infrastructures) et des fonds europ\u00e9ens encore inutilis\u00e9s, des mesures d\u00e9j\u00e0 \u00e0 l&rsquo;\u00e9tude \u00e0 Bruxelles. Cela avait d\u00e9j\u00e0 \u00e9t\u00e9 \u00e9voqu\u00e9 par M. Hollande dans la \u00ab\u00a0feuille de route\u00a0\u00bb adress\u00e9e au pr\u00e9sident de l&rsquo;UE Herman Van Rompuy.<\/p>\n<p>Les dirigeants, r\u00e9unis sur les hauteurs de la capitale italienne, dans la belle Villa Madama, ont toutefois soulign\u00e9 que la croissance ne se ferait pas au d\u00e9triment de la discipline budg\u00e9taire sans qui elle n&rsquo;aurait \u00ab\u00a0pas de base solide\u00a0\u00bb, a soulign\u00e9 M. Monti.<\/p>\n<p>\u00ab\u00a0L&rsquo;euro est l\u00e0 pour rester, on y tient tous\u00a0\u00bb, a encore d\u00e9clar\u00e9 l&rsquo;ancien commissaire europ\u00e9en sur un ton combatif, ajoutant qu&rsquo;il fallait donner aux march\u00e9s et aux citoyens europ\u00e9ens la perspective de \u00ab\u00a0l&rsquo;irr\u00e9versibilit\u00e9 de ce grand projet qui a r\u00e9ussi jusqu&rsquo;\u00e0 pr\u00e9sent\u00a0\u00bb.<\/p>\n<p>Quels eurobonds?<\/p>\n<p>Angela Merkel &#8211; qui s&rsquo;est envol\u00e9e \u00e0 l&rsquo;issue de ce mini-sommet pour Gdansk, en Pologne, afin d&rsquo;assister au quart de finale de l&rsquo;Euro de football hautement symbolique entre l&rsquo;Allemagne et la Gr\u00e8ce &#8211; a martel\u00e9 de son c\u00f4t\u00e9 qu&rsquo;il ne fallait \u00ab\u00a0pas moins d&rsquo;Europe mais plus d&rsquo;Europe\u00a0\u00bb dans le cadre d&rsquo;une \u00ab\u00a0union politique\u00a0\u00bb.<\/p>\n<p>\u00ab\u00a0Les quatre pays sont d&rsquo;accord l\u00e0-dessus\u00a0\u00bb, a-t-elle assur\u00e9, m\u00eame si Fran\u00e7ois Hollande a pos\u00e9 ses conditions en affirmant qu&rsquo;il n&rsquo;y aurait pas de \u00ab\u00a0transfert de souverainet\u00e9\u00a0\u00bb \u00e0 l&rsquo;UE sans \u00ab\u00a0am\u00e9lioration de solidarit\u00e9\u00a0\u00bb.<\/p>\n<p>Le pr\u00e9sident fran\u00e7ais a notamment consid\u00e9r\u00e9 que les euro-obligations, instruments de mutualisation de la dette qui cristallisent l&rsquo;opposition entre Paris et Berlin, devaient toujours \u00eatre une \u00ab\u00a0perspective\u00a0\u00bb mais \u00ab\u00a0pas \u00e0 dix ans\u00a0\u00bb.<\/p>\n<p>Le gouvernement fran\u00e7ais avait fait r\u00e9cemment un pas en direction de l&rsquo;Allemagne en admettant que les euro-obligations n&rsquo;\u00e9taient pas pour tout de suite, mais il veut tout de m\u00eame mettre en place rapidement des \u00ab\u00a0euro-bills\u00a0\u00bb, titres de dette \u00e0 court terme, ou un fonds d&rsquo;amortissement de la dette.<\/p>\n<p>\u00ab\u00a0A mesure qu&rsquo;il y aura une union, une int\u00e9gration, les eurobonds seront un instrument utile pour l&rsquo;Europe, je continuerai \u00e0 travailler dans ce sens\u00a0\u00bb, a assur\u00e9 M. Hollande.<\/p>\n<p style=\"text-align:center;\"><script type=\"text\/javascript\"><!--\ngoogle_ad_client = \"ca-pub-2727717456356200\";\n\/* CulturaLusa 468x60 *\/\ngoogle_ad_slot = \"2785499263\";\ngoogle_ad_width = 468;\ngoogle_ad_height = 60;\n\/\/-->\n<\/script><br \/>\n<script type=\"text\/javascript\"\nsrc=\"http:\/\/pagead2.googlesyndication.com\/pagead\/show_ads.js\">\n<\/script><\/p>\n<p>Echange de vues<\/p>\n<p>Le mini-sommet de Rome a permis aux quatre dirigeants d&rsquo;avoir en outre un \u00ab\u00a0\u00e9change de vues\u00a0\u00bb, selon une source gouvernementale italienne, sur la proposition de M. Monti d&rsquo;utiliser les fonds de secours europ\u00e9ens pour acheter de la dette afin de contrer la flamb\u00e9e des taux de l&rsquo;Espagne ou de l&rsquo;Italie.<\/p>\n<p>Une option possible, mais qui n&rsquo;a jamais \u00e9t\u00e9 utilis\u00e9e. Apr\u00e8s la conf\u00e9rence de presse, M. Hollande a indiqu\u00e9 soutenir \u00ab\u00a0pleinement\u00a0\u00bb cette hypoth\u00e8se. Selon Rome, Madrid voit aussi cette id\u00e9e d&rsquo;un oeil favorable tandis que Berlin n&rsquo;en exclut pas la possibilit\u00e9, mais sous certaines conditions.<\/p>\n<p>Avant ce mini-sommet, Mario Monti avait pr\u00e9sent\u00e9 tr\u00e8s clairement l&rsquo;enjeu du sommet de la semaine prochaine dans plusieurs quotidiens europ\u00e9ens.<\/p>\n<p>Selon lui, si les dirigeants europ\u00e9ens ne parvenaient pas \u00e0 trouver un accord sur les moyens d&rsquo;enrayer la crise, \u00ab\u00a0il y aurait des attaques sp\u00e9culatives de plus en plus fortes contre certains pays\u00a0\u00bb.<\/p>\n<p>Sur la question plus consensuelle de la taxe sur les transactions financi\u00e8res, les quatre dirigeants se sont mis d&rsquo;accord pour adopter la taxe sur les transactions financi\u00e8res, dans le cadre d&rsquo;une coop\u00e9ration renforc\u00e9e, qui requiert l&rsquo;adh\u00e9sion d&rsquo;au moins neuf Etats de l&rsquo;UE.<\/p>\n<p>\u00ab\u00a0Ca ne va pas changer les finances, mais c&rsquo;est un pr\u00e9l\u00e8vement sur les mouvements de capitaux\u00a0\u00bb, a comment\u00e9 M. Hollande.<\/p>\n<p>R\u00e9unis \u00e0 Luxembourg au m\u00eame moment, les ministres des Finances de l&rsquo;UE ont d&rsquo;ailleurs constat\u00e9 leur d\u00e9saccord sur cette taxe, qui ne pourra donc pas \u00eatre adopt\u00e9e \u00e0 l&rsquo;\u00e9chelle des vingt-sept, ouvrant la voie \u00e0 l&rsquo;initiative d&rsquo;un plus petit nombre d&rsquo;entre eux.<\/p>\n<p>Enfin, le ministre espagnol des Finances Luis de Guindos a indiqu\u00e9 \u00e0 Luxembourg que Madrid ferait officiellement sa demande d&rsquo;aide pour ses banques qui, selon deux audits d\u00e9voil\u00e9s, auront besoin d&rsquo;un maximum de 62 milliards d&rsquo;euros, un chiffre inf\u00e9rieur aux attentes des march\u00e9s et aux 100 milliards propos\u00e9s par la zone euro. (AFP)<\/p>\n","protected":false},"excerpt":{"rendered":"<p>Les dirigeants des quatre principales \u00e9conomies de la zone euro, r\u00e9unis vendredi \u00e0 Rome, ont appel\u00e9 \u00e0 mobiliser quelque 120-130 milliards d&rsquo;euros en faveur de la croissance, d\u00e9sormais \u00e9rig\u00e9e au rang de priorit\u00e9, pour tenter de sortir de la crise une Europe plomb\u00e9e par l&rsquo;aust\u00e9rit\u00e9. Lors de ce mini-sommet Italie-France-Allemagne-Espagne, destin\u00e9 \u00e0 pr\u00e9parer le sommet [&hellip;]<\/p>\n","protected":false},"author":1,"featured_media":0,"comment_status":"open","ping_status":"closed","sticky":false,"template":"","format":"standard","meta":{"footnotes":""},"categories":[1],"tags":[],"class_list":["post-658","post","type-post","status-publish","format-standard","hentry","category-economie"],"aioseo_notices":[],"_links":{"self":[{"href":"https:\/\/www.culturalusa.com\/news\/wp-json\/wp\/v2\/posts\/658","targetHints":{"allow":["GET"]}}],"collection":[{"href":"https:\/\/www.culturalusa.com\/news\/wp-json\/wp\/v2\/posts"}],"about":[{"href":"https:\/\/www.culturalusa.com\/news\/wp-json\/wp\/v2\/types\/post"}],"author":[{"embeddable":true,"href":"https:\/\/www.culturalusa.com\/news\/wp-json\/wp\/v2\/users\/1"}],"replies":[{"embeddable":true,"href":"https:\/\/www.culturalusa.com\/news\/wp-json\/wp\/v2\/comments?post=658"}],"version-history":[{"count":0,"href":"https:\/\/www.culturalusa.com\/news\/wp-json\/wp\/v2\/posts\/658\/revisions"}],"wp:attachment":[{"href":"https:\/\/www.culturalusa.com\/news\/wp-json\/wp\/v2\/media?parent=658"}],"wp:term":[{"taxonomy":"category","embeddable":true,"href":"https:\/\/www.culturalusa.com\/news\/wp-json\/wp\/v2\/categories?post=658"},{"taxonomy":"post_tag","embeddable":true,"href":"https:\/\/www.culturalusa.com\/news\/wp-json\/wp\/v2\/tags?post=658"}],"curies":[{"name":"wp","href":"https:\/\/api.w.org\/{rel}","templated":true}]}}