{"id":6610,"date":"2020-02-03T14:52:15","date_gmt":"2020-02-03T13:52:15","guid":{"rendered":"https:\/\/www.culturalusa.com\/news\/?p=6610"},"modified":"2020-09-24T15:27:13","modified_gmt":"2020-09-24T13:27:13","slug":"bruxelles-et-londres-sopposent-sur-lapres-brexit","status":"publish","type":"post","link":"https:\/\/www.culturalusa.com\/news\/economie\/bruxelles-et-londres-sopposent-sur-lapres-brexit\/","title":{"rendered":"Bruxelles et Londres s&rsquo;opposent sur l&rsquo;apr\u00e8s-Brexit"},"content":{"rendered":"<p>Trois jours ont pass\u00e9 depuis le <strong>Brexit<\/strong> et la bataille de l&rsquo;apr\u00e8s a commenc\u00e9 entre Londres et Bruxelles lundi, <strong>Boris Johnson<\/strong> rejetant l&rsquo;alignement r\u00e9clam\u00e9 par Bruxelles sur les r\u00e8gles de l&rsquo;UE comme \u00ab\u00a0prix\u00a0\u00bb \u00e0 payer pour un <strong>accord de libre-\u00e9change<\/strong>.<\/p>\n<p>A distance, le ton s&rsquo;est durci entre le Premier ministre britannique et le n\u00e9gociateur europ\u00e9en Michel Barnier. Ils ont chacun pr\u00e9sent\u00e9 leurs objectifs pour la nouvelle \u00e8re qui s&rsquo;est ouverte vendredi avec la sortie du Royaume-Uni de l&rsquo;Union europ\u00e9enne.<\/p>\n<p>Les deux parties disposent d&rsquo;une p\u00e9riode de transition de 11 mois pour n\u00e9gocier un accord. Sinon, leurs \u00e9changes pourraient se retrouver tr\u00e8s perturb\u00e9s. Cela inqui\u00e8te d\u00e9j\u00e0 les march\u00e9s financiers o\u00f9 le bras de fer engag\u00e9 a fait chuter la livre lundi.<\/p>\n<p>\u00ab\u00a0Nous sommes pr\u00eats \u00e0 proposer un accord commercial tr\u00e8s ambitieux comme pilier central du partenariat\u00a0\u00bb, a d\u00e9clar\u00e9 Michel Barnier. Cet accord visera notamment \u00e0 \u00e9liminer tous les droits de douanes et tous les quotas sur les biens \u00e9chang\u00e9s avec le continent, a-t-il pr\u00e9cis\u00e9.<\/p>\n<p>Mais le Fran\u00e7ais a \u00e9galement pr\u00e9venu que l&rsquo;UE n&rsquo;accepterait pas de voir \u00e9merger une \u00e9conomie d\u00e9r\u00e9gul\u00e9e \u00e0 sa porte, qui profiterait \u00ab\u00a0d&rsquo;avantages concurrentiels d\u00e9loyaux\u00a0\u00bb. \u00ab\u00a0Nous ne serons pas na\u00effs\u00a0\u00bb, a-t-il averti.<\/p>\n<p>\u00ab\u00a0Plus le Royaume-Uni veut \u00eatre proche (des r\u00e8gles, ndlr), plus l&rsquo;acc\u00e8s au march\u00e9 unique sera facile (&#8230;) c&rsquo;est une question d&rsquo;\u00e9quit\u00e9\u00a0\u00bb, a rench\u00e9ri la pr\u00e9sidente de la Commission europ\u00e9enne Ursula von der Leyen.<\/p>\n<p>Le Premier ministre britannique a aussit\u00f4t r\u00e9pliqu\u00e9 que le Royaume-Uni ne comptait pas faire de \u00ab\u00a0concurrence d\u00e9loyale\u00a0\u00bb \u00e0 l&rsquo;UE ou s&rsquo;engager dans \u00ab\u00a0une course vers le bas\u00a0\u00bb sur les normes.<\/p>\n<p>Vindicatif, il a toutefois martel\u00e9 que le Royaume-Uni ne serait pas forc\u00e9 de s&rsquo;aligner sur les r\u00e8gles de l&rsquo;UE pour esp\u00e9rer un accord de libre-\u00e9change avec Bruxelles.<\/p>\n<p>\u00ab\u00a0Allons-nous emp\u00eacher les voitures italiennes ou du vin allemand d&rsquo;entrer dans ce pays sans droits de douane faute d&rsquo;alignement de l&rsquo;UE sur nos r\u00e8gles britanniques sur les touillettes \u00e0 caf\u00e9 en plastique ou sur les cong\u00e9s maternit\u00e9? (&#8230;) Bien s\u00fbr que non\u00a0\u00bb, a-t-il lanc\u00e9.<\/p>\n<p>\u00ab\u00a0Alors j&rsquo;esp\u00e8re que nos amis (europ\u00e9ens) comprendrons qu&rsquo;il est (&#8230;) inutile qu&rsquo;un accord de libre-\u00e9change implique d&rsquo;accepter toutes les r\u00e8gles de l&rsquo;UE sur la concurrence, les subventions, la protection sociale, l&rsquo;environnement ou autre\u00a0\u00bb, a-t-il ajout\u00e9.<\/p>\n<p>Comparant son pays \u00e0 un papillon qui \u00ab\u00a0quitte sa chrysallide\u00a0\u00bb, l&rsquo;artisan du Brexit a de nouveau exprim\u00e9 les ambitions commerciales mondiales de son gouvernement en rappelant qu&rsquo;il comptait n\u00e9gocier simultan\u00e9ment avec plusieurs pays hors de l&rsquo;UE, des Etats-Unis \u00e0 la Nouvelle-Z\u00e9lande.<\/p>\n<p>\u00ab\u00a0Nous sommes pr\u00eats pour ce jeu d&rsquo;\u00e9checs multi-dimensionnel\u00a0\u00bb, \u00ab\u00a0nous allons restaurer notre pleine souverainet\u00e9 sur nos fronti\u00e8res, l&rsquo;immigration, la concurrence, les r\u00e8gles\u00a0\u00bb, a-t-il insist\u00e9.<\/p>\n<p><strong>Priorit\u00e9s<\/strong><\/p>\n<p>Les n\u00e9gociations entre Londres et Bruxelles ne s&rsquo;ouvriront que d\u00e9but mars et devront \u00eatre men\u00e9es tambour battant, puisque Boris Johnson refuse de prolonger au-del\u00e0 du 31 d\u00e9cembre la p\u00e9riode de transition pendant laquelle les Britanniques continueront d&rsquo;appliquer les r\u00e8gles europ\u00e9ennes.<\/p>\n<p>L&rsquo;acc\u00e8s au march\u00e9 unique du continent, fort de ses quelque 440 millions de consommateurs, est crucial pour Londres puisque l&rsquo;UE reste son premier partenaire commercial.<\/p>\n<p>Sans accord, il faudra en revenir au cadre de l&rsquo;Organisation mondiale du commerce, ce qui serait bien plus p\u00e9nalisant.<\/p>\n<p><strong>La p\u00eache, vitale pour plusieurs Etats<\/strong><\/p>\n<p>La p\u00eache, sur laquelle les deux parties ont promis de s&rsquo;entendre avant le 1er juillet, sera l&rsquo;un des sujets sur lesquels \u00ab\u00a0existe le risque de rupture le plus grave\u00a0\u00bb, a rappel\u00e9 Michel Barnier, pour qui le futur accord devra garantir \u00ab\u00a0un acc\u00e8s r\u00e9ciproque continu aux march\u00e9s et aux eaux avec des quotas stables\u00a0\u00bb.<\/p>\n<p>Les p\u00eacheurs de plusieurs Etats membres, comme la France et le Danemark, sont d\u00e9pendants des eaux britanniques. Ces derni\u00e8res repr\u00e9sentent 30% du chiffre d&rsquo;affaires des p\u00eacheurs fran\u00e7ais.<\/p>\n<p>De son c\u00f4t\u00e9, Boris Johnson a soulign\u00e9 que \u00ab\u00a0reprendre le contr\u00f4le\u00a0\u00bb de ces eaux poissonneuses \u00e9tait de premi\u00e8re importance et qu&rsquo;elles devraient \u00eatre accessibles d&rsquo;abord aux \u00ab\u00a0bateaux britanniques\u00a0\u00bb.<\/p>\n<p>La p\u00eache pourrait constituer une monnaie d&rsquo;\u00e9change dans ces discussions, par exemple pour l&rsquo;acc\u00e8s au continent des services financiers britanniques, cruciaux pour la City de Londres.<\/p>\n<p>Un premier bilan sera dress\u00e9 fin juin, ce qui devrait permettre d&rsquo;\u00e9valuer le risque d&rsquo;un \u00ab\u00a0no deal\u00a0\u00bb aux cons\u00e9quences d\u00e9sastreuses qui va continuer \u00e0 planer sur les discussions. (AFP)<\/p>\n","protected":false},"excerpt":{"rendered":"<p>Trois jours ont pass\u00e9 depuis le Brexit et la bataille de l&rsquo;apr\u00e8s a commenc\u00e9 entre Londres et Bruxelles lundi, Boris Johnson rejetant l&rsquo;alignement r\u00e9clam\u00e9 par Bruxelles sur les r\u00e8gles de l&rsquo;UE comme \u00ab\u00a0prix\u00a0\u00bb \u00e0 payer pour un accord de libre-\u00e9change. A distance, le ton s&rsquo;est durci entre le Premier ministre britannique et le n\u00e9gociateur europ\u00e9en [&hellip;]<\/p>\n","protected":false},"author":1,"featured_media":2648,"comment_status":"open","ping_status":"closed","sticky":false,"template":"","format":"standard","meta":{"footnotes":""},"categories":[1],"tags":[652,514],"class_list":["post-6610","post","type-post","status-publish","format-standard","has-post-thumbnail","hentry","category-economie","tag-boris-johnson","tag-brexit"],"aioseo_notices":[],"_links":{"self":[{"href":"https:\/\/www.culturalusa.com\/news\/wp-json\/wp\/v2\/posts\/6610","targetHints":{"allow":["GET"]}}],"collection":[{"href":"https:\/\/www.culturalusa.com\/news\/wp-json\/wp\/v2\/posts"}],"about":[{"href":"https:\/\/www.culturalusa.com\/news\/wp-json\/wp\/v2\/types\/post"}],"author":[{"embeddable":true,"href":"https:\/\/www.culturalusa.com\/news\/wp-json\/wp\/v2\/users\/1"}],"replies":[{"embeddable":true,"href":"https:\/\/www.culturalusa.com\/news\/wp-json\/wp\/v2\/comments?post=6610"}],"version-history":[{"count":0,"href":"https:\/\/www.culturalusa.com\/news\/wp-json\/wp\/v2\/posts\/6610\/revisions"}],"wp:featuredmedia":[{"embeddable":true,"href":"https:\/\/www.culturalusa.com\/news\/wp-json\/wp\/v2\/media\/2648"}],"wp:attachment":[{"href":"https:\/\/www.culturalusa.com\/news\/wp-json\/wp\/v2\/media?parent=6610"}],"wp:term":[{"taxonomy":"category","embeddable":true,"href":"https:\/\/www.culturalusa.com\/news\/wp-json\/wp\/v2\/categories?post=6610"},{"taxonomy":"post_tag","embeddable":true,"href":"https:\/\/www.culturalusa.com\/news\/wp-json\/wp\/v2\/tags?post=6610"}],"curies":[{"name":"wp","href":"https:\/\/api.w.org\/{rel}","templated":true}]}}