{"id":6707,"date":"2020-02-21T03:51:30","date_gmt":"2020-02-21T02:51:30","guid":{"rendered":"https:\/\/www.culturalusa.com\/news\/?p=6707"},"modified":"2020-09-24T15:19:17","modified_gmt":"2020-09-24T13:19:17","slug":"julian-assange-son-avocat-eric-dupond-moretti-veut-demander-lasile-politique-a-emmanuel-macron","status":"publish","type":"post","link":"https:\/\/www.culturalusa.com\/news\/actualite\/julian-assange-son-avocat-eric-dupond-moretti-veut-demander-lasile-politique-a-emmanuel-macron\/","title":{"rendered":"Julian Assange : son avocat Eric Dupond-Moretti veut demander l\u2019asile politique \u00e0 Emmanuel Macron"},"content":{"rendered":"<p>Eric Dupond-Moretti et Antoine Vey, les nouveaux avocats fran\u00e7ais de Julian Assange, ont annonc\u00e9 vouloir rencontrer Emmanuel Macron pour obtenir l\u2019asile politique en France pour le fondateur de WikiLeaks.<\/p>\n<p>\u00ab Nous allons demander \u00e0 rencontrer le pr\u00e9sident de la R\u00e9publique dans les jours qui viennent, pour ne pas dire dans les heures qui viennent \u00bb pour lui exposer la \u00ab situation d\u00e9sesp\u00e9r\u00e9e \u00bb que traverse Julian Assange, emprisonn\u00e9 \u00e0 Londres et menac\u00e9 d\u2019extradition vers les Etats-Unis qui l\u2019accusent d\u2019espionnage, a d\u00e9taill\u00e9 Me Dupond-Moretti.<\/p>\n<p><strong>La Cour europ\u00e9enne des droits de l\u2019Homme saisie<\/strong><\/p>\n<p>\u00ab Il a de plus en plus de mal \u00e0 parler. Il est parfois prostr\u00e9 \u00bb, a-t-il ajout\u00e9, faisant part de son inqui\u00e9tude. \u00ab Les 175 ans de prison qu\u2019on lui promet aux Etats-Unis, c\u2019est une peine indigne, insupportable et contraire \u00e0 l\u2019id\u00e9e que l\u2019on peut tous se faire des droits de l\u2019Homme \u00bb, a-t-il poursuivi lors de cette conf\u00e9rence de presse organis\u00e9e avec RSF et en pr\u00e9sence du p\u00e8re de Julian Assange, John Shipton. <\/p>\n<p>\u00ab On travaille bien s\u00fbr sur la possibilit\u00e9 de demander aux autorit\u00e9s fran\u00e7aises un asile politique, notre Constitution le permet, nous avons un exemple \u00bb, \u00ab l\u2019asile politique accord\u00e9 \u00e0 l\u2019ayatollah Khomeini \u00bb, a ajout\u00e9 l\u2019avocat, admettant que ce n\u2019\u00e9tait \u00ab pas le meilleur exemple \u00bb.<\/p>\n<p>En outre, il compte saisir avec des avocats belges la Cour europ\u00e9enne des droits de l\u2019Homme : \u00ab pour des raisons techniques, cette juridiction a d\u00e9j\u00e0 \u00e9t\u00e9 saisie \u00bb et a estim\u00e9 la requ\u00eate \u00ab irrecevable mais nous allons la saisir sur un autre fondement \u00bb. <\/p>\n<p>\u00ab Nous r\u00e9fl\u00e9chissons collectivement aux moyens juridiques qui pourraient assurer sa protection de mani\u00e8re concr\u00e8te, nous envisageons de d\u00e9poser une s\u00e9rie de demandes devant toutes les institutions qui sont mobilisables pour permettre une protection juridique \u00bb, a abond\u00e9 Antoine Vey.<\/p>\n<p><strong>Une demande d\u2019asile d\u00e9pos\u00e9e en Suisse<\/strong><\/p>\n<p>Les deux avocats fran\u00e7ais ont int\u00e9gr\u00e9 il y a environ un mois l\u2019\u00e9quipe de d\u00e9fense internationale d\u2019Assange, aux c\u00f4t\u00e9s d\u2019avocats belges, britanniques, espagnols et am\u00e9ricains, sous la coordination de l\u2019ancien juge espagnol Baltasar Garzon, \u00e9galement pr\u00e9sent \u00e0 la conf\u00e9rence. <\/p>\n<p>Une premi\u00e8re demande d\u2019asile en France faite par l\u2019ancien conseil de Julian Assange, Juan Branco, n\u2019avait pas abouti. Une demande d\u2019asile vient par ailleurs d\u2019\u00eatre faite \u00e0 la Suisse par des ONG.<\/p>\n<p>\u00ab On analyse les canaux juridiques qui permettent de d\u00e9poser cette demande \u00bb, notamment via le pr\u00e9sident de la R\u00e9publique, a indiqu\u00e9 Me Vey, pr\u00e9cisant ne pas conna\u00eetre le contenu de la premi\u00e8re demande. <\/p>\n<p>Sur le choix de la France, Me Dupond-Moretti a fait valoir des crit\u00e8res de rattachement professionnels, une partie des structures de Wikileaks est h\u00e9berg\u00e9e en France, et personnels. <\/p>\n<p>Julian Assange a v\u00e9cu dans le pays de 2007 \u00e0 2010, son deuxi\u00e8me enfant, toujours mineur, et la m\u00e8re de cet enfant sont de nationalit\u00e9 fran\u00e7aise et r\u00e9sident dans le pays. (AFP)<\/p>\n","protected":false},"excerpt":{"rendered":"<p>Eric Dupond-Moretti et Antoine Vey, les nouveaux avocats fran\u00e7ais de Julian Assange, ont annonc\u00e9 vouloir rencontrer Emmanuel Macron pour obtenir l\u2019asile politique en France pour le fondateur de WikiLeaks. \u00ab Nous allons demander \u00e0 rencontrer le pr\u00e9sident de la R\u00e9publique dans les jours qui viennent, pour ne pas dire dans les heures qui viennent \u00bb [&hellip;]<\/p>\n","protected":false},"author":1,"featured_media":6708,"comment_status":"open","ping_status":"closed","sticky":false,"template":"","format":"standard","meta":{"footnotes":""},"categories":[30],"tags":[329],"class_list":["post-6707","post","type-post","status-publish","format-standard","has-post-thumbnail","hentry","category-actualite","tag-julian-assange"],"aioseo_notices":[],"_links":{"self":[{"href":"https:\/\/www.culturalusa.com\/news\/wp-json\/wp\/v2\/posts\/6707","targetHints":{"allow":["GET"]}}],"collection":[{"href":"https:\/\/www.culturalusa.com\/news\/wp-json\/wp\/v2\/posts"}],"about":[{"href":"https:\/\/www.culturalusa.com\/news\/wp-json\/wp\/v2\/types\/post"}],"author":[{"embeddable":true,"href":"https:\/\/www.culturalusa.com\/news\/wp-json\/wp\/v2\/users\/1"}],"replies":[{"embeddable":true,"href":"https:\/\/www.culturalusa.com\/news\/wp-json\/wp\/v2\/comments?post=6707"}],"version-history":[{"count":0,"href":"https:\/\/www.culturalusa.com\/news\/wp-json\/wp\/v2\/posts\/6707\/revisions"}],"wp:featuredmedia":[{"embeddable":true,"href":"https:\/\/www.culturalusa.com\/news\/wp-json\/wp\/v2\/media\/6708"}],"wp:attachment":[{"href":"https:\/\/www.culturalusa.com\/news\/wp-json\/wp\/v2\/media?parent=6707"}],"wp:term":[{"taxonomy":"category","embeddable":true,"href":"https:\/\/www.culturalusa.com\/news\/wp-json\/wp\/v2\/categories?post=6707"},{"taxonomy":"post_tag","embeddable":true,"href":"https:\/\/www.culturalusa.com\/news\/wp-json\/wp\/v2\/tags?post=6707"}],"curies":[{"name":"wp","href":"https:\/\/api.w.org\/{rel}","templated":true}]}}