{"id":674,"date":"2012-07-01T12:04:23","date_gmt":"2012-07-01T10:04:23","guid":{"rendered":"http:\/\/www.culturalusa.com\/news\/?p=674"},"modified":"2012-07-01T12:04:23","modified_gmt":"2012-07-01T10:04:23","slug":"le-souffle-dun-vent-de-changement-dans-lunion-europeenne","status":"publish","type":"post","link":"https:\/\/www.culturalusa.com\/news\/portugal\/le-souffle-dun-vent-de-changement-dans-lunion-europeenne\/","title":{"rendered":"Le souffle d&rsquo;un vent de changement dans l&rsquo;Union Europ\u00e9enne"},"content":{"rendered":"<figure id=\"attachment_675\" aria-describedby=\"caption-attachment-675\" style=\"width: 275px\" class=\"wp-caption alignleft\"><img loading=\"lazy\" decoding=\"async\" src=\"http:\/\/www.culturalusa.com\/news\/wp-content\/uploads\/2012\/07\/MarioSoares-salamanca-275x184.jpg\" alt=\"\" title=\"Mario Soares - salamanca\" width=\"275\" height=\"184\" class=\"size-medium wp-image-675\" srcset=\"https:\/\/www.culturalusa.com\/news\/wp-content\/uploads\/2012\/07\/MarioSoares-salamanca-275x184.jpg 275w, https:\/\/www.culturalusa.com\/news\/wp-content\/uploads\/2012\/07\/MarioSoares-salamanca.jpg 419w\" sizes=\"auto, (max-width: 275px) 100vw, 275px\" \/><figcaption id=\"caption-attachment-675\" class=\"wp-caption-text\">Le fondateur du PS portugais : Mario Soares<\/figcaption><\/figure>L&rsquo;ancien pr\u00e9sident Mario Soares a soutenu qu&rsquo;il \u00ab\u00a0souffle un vent de changement dans l&rsquo;Union europ\u00e9enne\u00a0\u00bb, \u00e0 la suite des d\u00e9cisions prises par les dirigeants europ\u00e9ens, et esp\u00e8re que ceci \u00ab\u00a0peut conduire \u00e0 un nouvel \u00e9lan de l&rsquo;Euro et l&rsquo;Union Europ\u00e9enne.\u00a0\u00bb<\/p>\n<p>Le fondateur du PS portugais \u00e9tait le conf\u00e9rencier invit\u00e9 pour une r\u00e9union sur les d\u00e9fis de l&rsquo;Europe \u00e0 Salamanca (Espagne), mais une \u00ab\u00a0grippe d&rsquo;\u00e9t\u00e9\u00a0\u00bb le retint \u00e0 Lisbonne, de sorte que le texte a \u00e9t\u00e9 \u00e9crit par Soares et lu par Alfonso Guerra, ancien ministre du PSOE et la Fundacion Sistema, informations de l&rsquo;agence EFE.<\/p>\n<p>Soares a exprim\u00e9 sa confiance dans ce \u00ab\u00a0vent du changement\u00a0\u00bb en Europe, une allusion \u00e0 des changements politiques dans certains pays, comme la France, et que les d\u00e9cisions du Conseil europ\u00e9en \u00ab\u00a0pourrait conduire \u00e0 un nouvel \u00e9lan de l&rsquo;euro et l&rsquo;UE.\u00a0\u00bb<\/p>\n<p>Du point de vue de l&rsquo;ancien pr\u00e9sident, il est \u00ab\u00a0n\u00e9cessaire de cr\u00e9er un nouveau paradigme de d\u00e9veloppement et une plus grande solidarit\u00e9 dans les Etats\u00a0\u00bb, un \u00ab\u00a0chemin de politiques plus progressives et humaines\u00a0\u00bb.<\/p>\n<p>Il a rappel\u00e9 que depuis 2007 avait mis en garde sur le \u00ab\u00a0d\u00e9clin possible de l&rsquo;UE et de l&rsquo;incapacit\u00e9 de ses dirigeants pour sauver l&rsquo;euro et \u00e0 surmonter la crise\u00a0\u00bb.<\/p>\n<p>La chanceli\u00e8re allemande Angela Merkel actuellement est de plus en plus \u00ab\u00a0isol\u00e9e au sein de l&rsquo;Europe et elle remarque que la terre est en train de fuire en bas de ses pieds.\u00a0\u00bb <\/p>\n<p style=\"text-align:center;\"><script type=\"text\/javascript\"><!--\ngoogle_ad_client = \"ca-pub-2727717456356200\";\n\/* CulturaLusa 468x60 *\/\ngoogle_ad_slot = \"2785499263\";\ngoogle_ad_width = 468;\ngoogle_ad_height = 60;\n\/\/-->\n<\/script><br \/>\n<script type=\"text\/javascript\"\nsrc=\"http:\/\/pagead2.googlesyndication.com\/pagead\/show_ads.js\">\n<\/script><\/p>\n<p><img loading=\"lazy\" decoding=\"async\" width=\"14\" height=\"14\" alt=\"\" src=\"http:\/\/www.culturalusa.com\/news\/wp-content\/uploads\/2012\/04\/icon-pt.gif\" title=\"icon-pt\" style=\"border: 0pt none;\" class=\"alignleft size-full wp-image-180\"> \u00ab\u00a0Corre um vento de mudan\u00e7a na Uni\u00e3o Europeia\u00a0\u00bb<\/p>\n<p>O ex-presidente M\u00e1rio Soares considerou que \u00ab\u00a0corre um vento de mudan\u00e7a na Uni\u00e3o Europeia\u00a0\u00bb, depois das decis\u00f5es adotadas pelos l\u00edderes europeus, e confia que \u00ab\u00a0pode conduzir a um novo impulso do euro e da Uni\u00e3o\u00a0\u00bb.<\/p>\n<p>O fundador do PS era orador convidado para um encontro sobre os desafios da Europa, em Salamanca, mas uma \u00ab\u00a0gripe estival\u00a0\u00bb reteve-o em Lisboa, pelo que o texto escrito por Soares foi lido por Alfonso Guerra, ex-ministro do PSOE e da Fundacion Sistema, refere a ag\u00eancia EFE.<\/p>\n<p>M\u00e1rio Soares expressou a sua confian\u00e7a no \u00ab\u00a0vento de mudan\u00e7a\u00a0\u00bb na Europa, numa alus\u00e3o \u00e0s altera\u00e7\u00f5es pol\u00edticas em alguns pa\u00edses, como a Fran\u00e7a, e que as decis\u00f5es do Conselho Europeu \u00ab\u00a0possam conduzir a um novo impulso do Euro e da Uni\u00e3o\u00a0\u00bb.<\/p>\n<p>Do ponto de vista do antigo presidente, \u00e9 \u00ab\u00a0preciso criar um novo paradigma de desenvolvimento e uma maior solidariedade nos Estados\u00a0\u00bb, um \u00ab\u00a0caminho de pol\u00edticas mais progressistas e humanas\u00a0\u00bb.<\/p>\n<p>E recordou que desde 2007 tinha vindo a alertar sobre a \u00ab\u00a0poss\u00edvel decad\u00eancia da UE e da incapacidade dos seus dirigentes para salvar o euro e vencer a crise\u00a0\u00bb.<\/p>\n<p>A chanceler alem\u00e3 Angela Merkel come\u00e7ou agora a estar mais \u00ab\u00a0isolada no quadro europeu e vai notar que a terra vai fugir-lhe debaixo dos p\u00e9s\u00a0\u00bb. (fonte:DN)<\/p>\n","protected":false},"excerpt":{"rendered":"<p>L&rsquo;ancien pr\u00e9sident Mario Soares a soutenu qu&rsquo;il \u00ab\u00a0souffle un vent de changement dans l&rsquo;Union europ\u00e9enne\u00a0\u00bb, \u00e0 la suite des d\u00e9cisions prises par les dirigeants europ\u00e9ens, et esp\u00e8re que ceci \u00ab\u00a0peut conduire \u00e0 un nouvel \u00e9lan de l&rsquo;Euro et l&rsquo;Union Europ\u00e9enne.\u00a0\u00bb Le fondateur du PS portugais \u00e9tait le conf\u00e9rencier invit\u00e9 pour une r\u00e9union sur les d\u00e9fis [&hellip;]<\/p>\n","protected":false},"author":1,"featured_media":0,"comment_status":"open","ping_status":"closed","sticky":false,"template":"","format":"standard","meta":{"footnotes":""},"categories":[3],"tags":[],"class_list":["post-674","post","type-post","status-publish","format-standard","hentry","category-portugal"],"aioseo_notices":[],"_links":{"self":[{"href":"https:\/\/www.culturalusa.com\/news\/wp-json\/wp\/v2\/posts\/674","targetHints":{"allow":["GET"]}}],"collection":[{"href":"https:\/\/www.culturalusa.com\/news\/wp-json\/wp\/v2\/posts"}],"about":[{"href":"https:\/\/www.culturalusa.com\/news\/wp-json\/wp\/v2\/types\/post"}],"author":[{"embeddable":true,"href":"https:\/\/www.culturalusa.com\/news\/wp-json\/wp\/v2\/users\/1"}],"replies":[{"embeddable":true,"href":"https:\/\/www.culturalusa.com\/news\/wp-json\/wp\/v2\/comments?post=674"}],"version-history":[{"count":0,"href":"https:\/\/www.culturalusa.com\/news\/wp-json\/wp\/v2\/posts\/674\/revisions"}],"wp:attachment":[{"href":"https:\/\/www.culturalusa.com\/news\/wp-json\/wp\/v2\/media?parent=674"}],"wp:term":[{"taxonomy":"category","embeddable":true,"href":"https:\/\/www.culturalusa.com\/news\/wp-json\/wp\/v2\/categories?post=674"},{"taxonomy":"post_tag","embeddable":true,"href":"https:\/\/www.culturalusa.com\/news\/wp-json\/wp\/v2\/tags?post=674"}],"curies":[{"name":"wp","href":"https:\/\/api.w.org\/{rel}","templated":true}]}}