{"id":676,"date":"2012-07-01T12:49:54","date_gmt":"2012-07-01T10:49:54","guid":{"rendered":"http:\/\/www.culturalusa.com\/news\/?p=676"},"modified":"2025-09-29T18:26:19","modified_gmt":"2025-09-29T16:26:19","slug":"the-cure-laisse-passer-lorage-et-assure-le-festival-des-eurockeennes","status":"publish","type":"post","link":"https:\/\/www.culturalusa.com\/news\/culture\/the-cure-laisse-passer-lorage-et-assure-le-festival-des-eurockeennes\/","title":{"rendered":"The Cure laisse passer l&rsquo;orage et assure le festival des Eurock\u00e9enns"},"content":{"rendered":"<h2>THE CURE: Robert Smith festival des Eurock\u00e9enns<\/h2>\n<blockquote><p>A Belfort, la m\u00e9t\u00e9o a jou\u00e9 les trouble-f\u00eate. Le concert du c\u00e9l\u00e8bre groupe britannique The Cure, programm\u00e9 pour 22h30, a d\u00e9marr\u00e9 une heure plus tard, le temps de laisser passer la pluie et les rafales de vent qui ont d\u00fb secouer quelque peu les festivaliers&#8230;<\/p><\/blockquote>\n<p>L&rsquo;orage, violent mais \u00e9ph\u00e9m\u00e8re comme l&rsquo;avait pr\u00e9vu M\u00e9t\u00e9o France, a perturb\u00e9 la programmation. En tout, neuf d\u00e9partements de l&rsquo;Est du pays avaient \u00e9t\u00e9 plac\u00e9s en vigilance orange.<\/p>\n<p>The Cure, groupe fond\u00e9 en 1976 et emmen\u00e9 par l&rsquo;illustre et inimitable Robert Smith, v\u00eatu de noir et tr\u00e8s maquill\u00e9 comme \u00e0 son habitude, a finalement donn\u00e9 un spectacle dantesque de plus de deux heures sur la grande sc\u00e8ne du festival.<\/p>\n<p>Le chanteur, \u00e2g\u00e9 de 53 ans, et ses musiciens sont entr\u00e9s dans un nuage de fum\u00e9e. Bien camp\u00e9 derri\u00e8re son micro et guitare \u00e0 la main, Robert Smith a encha\u00een\u00e9 les tubes, devant des fans tremp\u00e9s, mais \u00e9mus de voir sur sc\u00e8ne une l\u00e9gende vivante. Dans le public, les fans ont chant\u00e9 avec enthousiasme \u00ab\u00a0Let&rsquo;s go to bed\u00a0\u00bb, \u00ab\u00a0The Walk\u00a0\u00bb, \u00ab\u00a0Close to me\u00a0\u00bb, \u00ab\u00a0Why can&rsquo;t I be you ?\u00a0\u00bb ou \u00ab\u00a0Boys don&rsquo;t cry\u00a0\u00bb.<\/p>\n<p>Sur la sc\u00e8ne de la Plage, une soir\u00e9e 100% \u00e9lectro&#8230; perturb\u00e9e par la foudre<br \/>\nPlus t\u00f4t dans la soir\u00e9e, l&rsquo;ambiance \u00e9tait \u00e0 son comble devant la sc\u00e8ne lacustre de la Plage, dont la programmation avait \u00e9t\u00e9 confi\u00e9e \u00e0 Pedro Winter, l&rsquo;ancien manager des Daft Punk et fondateur du label Ed Banger.<\/p>\n<p>Electric Guest et Kavinsky ont attir\u00e9 de tr\u00e8s nombreux amateurs. Le DJ fran\u00e7ais a transform\u00e9 la foule, qui d\u00e9passait largement la jauge habituelle de 8.000 personnes, en mar\u00e9e humaine. H\u00e9las, les festivaliers en transe ont \u00e9t\u00e9 surpris et d\u00e9pit\u00e9s par l&rsquo;arr\u00eat brutal du concert, d\u00e9cid\u00e9 par les organisateurs \u00e0 l&rsquo;arriv\u00e9e de l&rsquo;orage. La sc\u00e8ne de la Plage n&rsquo;a pas red\u00e9marr\u00e9, afin de red\u00e9ployer les \u00e9quipes pour renforcer et s\u00e9curiser les trois autres sc\u00e8nes. Kindness, Busy P (nom d&rsquo;artiste de Pedro Winter), S\u00e9bastian et Skream &amp; Benga ne se sont finalement pas produits.<\/p>\n<p>La cl\u00f4ture de la soir\u00e9e devait \u00eatre assur\u00e9e par le duo fran\u00e7ais Justice, sur la grande sc\u00e8ne, six ans apr\u00e8s la passage d&rsquo;un autre poids lourd de l&rsquo;\u00e9lectro fran\u00e7aise, Daft Punk.<\/p>\n<p>Pour la premi\u00e8re fois cette ann\u00e9e, les Eurock\u00e9ennes ont mis \u00e0 disposition des festivaliers un acc\u00e8s wifi gratuit qui s&rsquo;appuie sur les 320 km de fibre optique d&rsquo;un r\u00e9seau tr\u00e8s haut d\u00e9bit. Samedi, la ministre charg\u00e9e de l&rsquo;\u00c9conomie num\u00e9rique, Fleur Pellerin, s&rsquo;est rendue sur le site de la presqu&rsquo;\u00eele du Malsaucy, o\u00f9 se tient traditionnellement le festival, pour prendre connaissance, entre autres, de cette initiative.<\/p>\n<p>Une collecte de d\u00e9chets alimentaires pour le d\u00e9veloppement durable<br \/>\nPar ailleurs, les Eurock\u00e9ennes ont innov\u00e9 en terme de d\u00e9veloppement durable, avec un syst\u00e8me de collecte des d\u00e9chets alimentaires issus de la restauration, pour les diriger vers une usine de m\u00e9thanisation qui les transformera en \u00e9lectricit\u00e9. Chaque ann\u00e9e, le festival produit entre 80 et 90 tonnes de d\u00e9chets, dont 16 tonnes de biod\u00e9chets. (AFP)<\/p>\n<p style=\"text-align: center;\">The Cure &#8211; Push live &#8211; PinkPop 2012<\/p>\n","protected":false},"excerpt":{"rendered":"<p>THE CURE: Robert Smith festival des Eurock\u00e9enns A Belfort, la m\u00e9t\u00e9o a jou\u00e9 les trouble-f\u00eate. Le concert du c\u00e9l\u00e8bre groupe britannique The Cure, programm\u00e9 pour 22h30, a d\u00e9marr\u00e9 une heure plus tard, le temps de laisser passer la pluie et les rafales de vent qui ont d\u00fb secouer quelque peu les festivaliers&#8230; L&rsquo;orage, violent mais [&hellip;]<\/p>\n","protected":false},"author":1,"featured_media":677,"comment_status":"open","ping_status":"closed","sticky":false,"template":"","format":"standard","meta":{"footnotes":""},"categories":[4],"tags":[3471,3470,917],"class_list":["post-676","post","type-post","status-publish","format-standard","has-post-thumbnail","hentry","category-culture","tag-festival-des-eurockeenns","tag-robert-smith","tag-the-cure"],"aioseo_notices":[],"_links":{"self":[{"href":"https:\/\/www.culturalusa.com\/news\/wp-json\/wp\/v2\/posts\/676","targetHints":{"allow":["GET"]}}],"collection":[{"href":"https:\/\/www.culturalusa.com\/news\/wp-json\/wp\/v2\/posts"}],"about":[{"href":"https:\/\/www.culturalusa.com\/news\/wp-json\/wp\/v2\/types\/post"}],"author":[{"embeddable":true,"href":"https:\/\/www.culturalusa.com\/news\/wp-json\/wp\/v2\/users\/1"}],"replies":[{"embeddable":true,"href":"https:\/\/www.culturalusa.com\/news\/wp-json\/wp\/v2\/comments?post=676"}],"version-history":[{"count":2,"href":"https:\/\/www.culturalusa.com\/news\/wp-json\/wp\/v2\/posts\/676\/revisions"}],"predecessor-version":[{"id":13827,"href":"https:\/\/www.culturalusa.com\/news\/wp-json\/wp\/v2\/posts\/676\/revisions\/13827"}],"wp:featuredmedia":[{"embeddable":true,"href":"https:\/\/www.culturalusa.com\/news\/wp-json\/wp\/v2\/media\/677"}],"wp:attachment":[{"href":"https:\/\/www.culturalusa.com\/news\/wp-json\/wp\/v2\/media?parent=676"}],"wp:term":[{"taxonomy":"category","embeddable":true,"href":"https:\/\/www.culturalusa.com\/news\/wp-json\/wp\/v2\/categories?post=676"},{"taxonomy":"post_tag","embeddable":true,"href":"https:\/\/www.culturalusa.com\/news\/wp-json\/wp\/v2\/tags?post=676"}],"curies":[{"name":"wp","href":"https:\/\/api.w.org\/{rel}","templated":true}]}}