{"id":6802,"date":"2020-03-02T15:05:45","date_gmt":"2020-03-02T14:05:45","guid":{"rendered":"https:\/\/www.culturalusa.com\/news\/?p=6802"},"modified":"2020-09-24T15:12:06","modified_gmt":"2020-09-24T13:12:06","slug":"commission-europeenne-coronavirus-risque-sanitaire-eleve-dans-lue-dit-ursula-leyen","status":"publish","type":"post","link":"https:\/\/www.culturalusa.com\/news\/economie\/commission-europeenne-coronavirus-risque-sanitaire-eleve-dans-lue-dit-ursula-leyen\/","title":{"rendered":"Commission europ\u00e9enne: Coronavirus, risque sanitaire \u00e9lev\u00e9 dans l&rsquo;UE, dit Ursula Leyen"},"content":{"rendered":"<p>Le risque sanitaire li\u00e9 \u00e0 <strong>l&rsquo;\u00e9pid\u00e9mie de coronavirus<\/strong> dans <strong>l&rsquo;Union europ\u00e9enne<\/strong> est pass\u00e9 de mod\u00e9r\u00e9 \u00e0 \u00e9lev\u00e9, a d\u00e9clar\u00e9 lundi la pr\u00e9sidente de la Commission europ\u00e9enne Ursula von der Leyen, alors que des r\u00e9unions extraordinaires des ministres des Etats membres doivent se tenir cette semaine.<\/p>\n<p>La propagation rapide du virus en Europe, avec notamment 130 cas confirm\u00e9s en France et pr\u00e8s de 900 en Italie, soul\u00e8ve des interrogations sur la gestion de cette crise sanitaire, le contr\u00f4le des fronti\u00e8res et son impact sur l&rsquo;\u00e9conomie.<\/p>\n<p>Selon Stella Kyriakides, commissaire europ\u00e9enne \u00e0 la Sant\u00e9 et \u00e0 la S\u00e9curit\u00e9 alimentaire, on recense d\u00e9sormais 2.100 cas de contaminations au nouveau virus dans 18 pays membres de l&rsquo;UE, dont 38 cas mortels.<\/p>\n<p>L&rsquo;Union europ\u00e9enne n&rsquo;a plus connu un tel degr\u00e9 d&rsquo;inqui\u00e9tude depuis la crise migratoire de 2015-2016 et la crise financi\u00e8re de 2009-2012.<\/p>\n<p>Les ministres des Finances de l&rsquo;UE tiendront mercredi une conf\u00e9rence t\u00e9l\u00e9phonique pour \u00ab\u00a0coordonner les r\u00e9ponses nationales\u00a0\u00bb \u00e0 l&rsquo;\u00e9pid\u00e9mie, a d\u00e9clar\u00e9 la semaine derni\u00e8re Mario Centeno, le pr\u00e9sident de l&rsquo;Eurogroupe.<\/p>\n<p>Cette t\u00e9l\u00e9conf\u00e9rence permettra de faire le point de la situation avant des r\u00e9unions formelles d\u00e9j\u00e0 pr\u00e9vues dans deux semaines, a-t-il ajout\u00e9.<\/p>\n<p>Elle pr\u00e9c\u00e9dera une r\u00e9union extraordinaire \u00e0 Bruxelles des ministres de la Sant\u00e9, la deuxi\u00e8me depuis le d\u00e9but de l&rsquo;ann\u00e9e, apr\u00e8s celle du 13 f\u00e9vrier destin\u00e9e \u00e0 coordonner le plan de lutte contre le virus.<\/p>\n<p>Pour la commissaire europ\u00e9enne aux Affaires int\u00e9rieures Ylva Johansson, rien ne permet pour l&rsquo;instant de dire que les Etats membres de l&rsquo;Union souhaitent un retour aux contr\u00f4les des fronti\u00e8res en raison de l&rsquo;\u00e9pid\u00e9mie.<\/p>\n<p>Des experts des pays de l&rsquo;UE ont d\u00e9cid\u00e9 la semaine derni\u00e8re de se r\u00e9unir chaque semaine pour \u00e9valuer la situation et coordonner les diff\u00e9rentes mesures pour encadrer les d\u00e9placements dans l&rsquo;espace Schengen. (Reuters)<\/p>\n","protected":false},"excerpt":{"rendered":"<p>Le risque sanitaire li\u00e9 \u00e0 l&rsquo;\u00e9pid\u00e9mie de coronavirus dans l&rsquo;Union europ\u00e9enne est pass\u00e9 de mod\u00e9r\u00e9 \u00e0 \u00e9lev\u00e9, a d\u00e9clar\u00e9 lundi la pr\u00e9sidente de la Commission europ\u00e9enne Ursula von der Leyen, alors que des r\u00e9unions extraordinaires des ministres des Etats membres doivent se tenir cette semaine. La propagation rapide du virus en Europe, avec notamment 130 [&hellip;]<\/p>\n","protected":false},"author":1,"featured_media":6803,"comment_status":"open","ping_status":"closed","sticky":false,"template":"","format":"standard","meta":{"footnotes":""},"categories":[1],"tags":[180,1180,1191],"class_list":["post-6802","post","type-post","status-publish","format-standard","has-post-thumbnail","hentry","category-economie","tag-commission-europeenne","tag-coronavirus","tag-ursula-leyen"],"aioseo_notices":[],"_links":{"self":[{"href":"https:\/\/www.culturalusa.com\/news\/wp-json\/wp\/v2\/posts\/6802","targetHints":{"allow":["GET"]}}],"collection":[{"href":"https:\/\/www.culturalusa.com\/news\/wp-json\/wp\/v2\/posts"}],"about":[{"href":"https:\/\/www.culturalusa.com\/news\/wp-json\/wp\/v2\/types\/post"}],"author":[{"embeddable":true,"href":"https:\/\/www.culturalusa.com\/news\/wp-json\/wp\/v2\/users\/1"}],"replies":[{"embeddable":true,"href":"https:\/\/www.culturalusa.com\/news\/wp-json\/wp\/v2\/comments?post=6802"}],"version-history":[{"count":0,"href":"https:\/\/www.culturalusa.com\/news\/wp-json\/wp\/v2\/posts\/6802\/revisions"}],"wp:featuredmedia":[{"embeddable":true,"href":"https:\/\/www.culturalusa.com\/news\/wp-json\/wp\/v2\/media\/6803"}],"wp:attachment":[{"href":"https:\/\/www.culturalusa.com\/news\/wp-json\/wp\/v2\/media?parent=6802"}],"wp:term":[{"taxonomy":"category","embeddable":true,"href":"https:\/\/www.culturalusa.com\/news\/wp-json\/wp\/v2\/categories?post=6802"},{"taxonomy":"post_tag","embeddable":true,"href":"https:\/\/www.culturalusa.com\/news\/wp-json\/wp\/v2\/tags?post=6802"}],"curies":[{"name":"wp","href":"https:\/\/api.w.org\/{rel}","templated":true}]}}