{"id":6805,"date":"2020-03-02T15:23:43","date_gmt":"2020-03-02T14:23:43","guid":{"rendered":"https:\/\/www.culturalusa.com\/news\/?p=6805"},"modified":"2020-09-26T19:19:19","modified_gmt":"2020-09-26T17:19:19","slug":"erdogan-menace-leurope-des-millions-de-migrants-se-dirigeront-bientot-vers-leurope","status":"publish","type":"post","link":"https:\/\/www.culturalusa.com\/news\/monde\/erdogan-menace-leurope-des-millions-de-migrants-se-dirigeront-bientot-vers-leurope\/","title":{"rendered":"Erdogan menace l&rsquo;Europe : \u00ab\u00a0Des millions\u00a0\u00bb de migrants se dirigeront \u00ab\u00a0bient\u00f4t\u00a0\u00bb vers l&rsquo;Europe"},"content":{"rendered":"<p>Le pr\u00e9sident turc poursuit la mise \u00e0 ex\u00e9cution de son chantage face aux Europ\u00e9ens. Ils attendent de la Turquie qu&rsquo;elle respecte leur accord sur les r\u00e9fugi\u00e9s.<\/p>\n<p>Des \u00ab\u00a0millions\u00a0\u00bb de migrants se dirigeront \u00ab\u00a0bient\u00f4t\u00a0\u00bb vers l&rsquo;Europe apr\u00e8s que la Turquie a ouvert ses fronti\u00e8res, a affirm\u00e9 ce le pr\u00e9sident Recep Tayyip Erdogan, accentuant la pression sur le Vieux Continent qui redoute un afflux majeur.<\/p>\n<p>\u00ab\u00a0Depuis que nous avons ouvert nos fronti\u00e8res (vendredi), le nombre de ceux qui se sont dirig\u00e9s vers l&rsquo;Europe a atteint les centaines de milliers. <\/p>\n<p>Bient\u00f4t, ce nombre s&rsquo;exprimera en millions\u00a0\u00bb, a affirm\u00e9 Erdogan lors d&rsquo;un discours \u00e0 Ankara. Ces chiffres semblent tr\u00e8s sur\u00e9valu\u00e9s par rapport \u00e0 la r\u00e9alit\u00e9 observ\u00e9e sur le terrain.<br \/>\nA la fronti\u00e8re grecque, la situation est d\u00e9j\u00e0 tendue. <\/p>\n<p>L&rsquo;Union europ\u00e9enne attend de la Turquie qu&rsquo;elle respecte l&rsquo;accord visant \u00e0 emp\u00eacher les migrants d&rsquo;atteindre l&rsquo;Europe, a d\u00e9clar\u00e9 de son c\u00f4t\u00e9 le porte-parole d&rsquo;Angela Merkel, apr\u00e8s cette nouvelle mise en garde contre un nouvel afflux. <\/p>\n<p><strong>Accord pas respect\u00e9<\/strong><\/p>\n<p>\u00ab\u00a0Nous sommes convaincus de la valeur de l&rsquo;accord et nous attendons qu&rsquo;il soit respect\u00e9\u00a0\u00bb, a d\u00e9clar\u00e9 Steffen Seibert lors d&rsquo;une conf\u00e9rence de presse \u00e0 Berlin, ajoutant que tout diff\u00e9rend sur le sujet entre Ankara et Bruxelles devrait \u00eatre r\u00e9gl\u00e9 via des discussions entre partenaires. <\/p>\n<p>Sur les 6 milliards d&rsquo;euros promis \u00e0 la Turquie dans l&rsquo;accord conclu avec Bruxelles en 2016, 3,2 milliards ont \u00e9t\u00e9 vers\u00e9s, a-t-il d\u00e9taill\u00e9.  <\/p>\n<p>Les dirigeants des trois institutions de l&rsquo;Union europ\u00e9enne vont se rendre mardi en Gr\u00e8ce, \u00e0 la fronti\u00e8re avec la Turquie, parce que \u00ab\u00a0le d\u00e9fi que doit relever la Gr\u00e8ce est un d\u00e9fi europ\u00e9en\u00a0\u00bb, a annonc\u00e9 la pr\u00e9sidente de la Commission europ\u00e9enne Ursula von der Leyen. <\/p>\n<p>\u00ab\u00a0Je reconnais que la Turquie est dans une situation difficile en ce qui concerne les r\u00e9fugi\u00e9s et les migrants, mais ce que nous voyons maintenant ne peut \u00eatre la r\u00e9ponse et la solution\u00a0\u00bb, a-t-elle ajout\u00e9 lors d&rsquo;une conf\u00e9rence de presse. <\/p>\n<p>Cette situation pr\u00e9occupe l&rsquo;Europe, qui redoute une crise migratoire similaire \u00e0 celle de 2015.<br \/>\nLa crainte est particuli\u00e8rement \u00e9lev\u00e9e en Allemagne, qui a accueilli plus d&rsquo;un million de migrants entre 2015 et 2016, un afflux qui a nourri le succ\u00e8s du parti de la droite radicale  Alternative pour l&rsquo;Allemagne. (AFP)<\/p>\n","protected":false},"excerpt":{"rendered":"<p>Le pr\u00e9sident turc poursuit la mise \u00e0 ex\u00e9cution de son chantage face aux Europ\u00e9ens. Ils attendent de la Turquie qu&rsquo;elle respecte leur accord sur les r\u00e9fugi\u00e9s. Des \u00ab\u00a0millions\u00a0\u00bb de migrants se dirigeront \u00ab\u00a0bient\u00f4t\u00a0\u00bb vers l&rsquo;Europe apr\u00e8s que la Turquie a ouvert ses fronti\u00e8res, a affirm\u00e9 ce le pr\u00e9sident Recep Tayyip Erdogan, accentuant la pression sur [&hellip;]<\/p>\n","protected":false},"author":1,"featured_media":6806,"comment_status":"open","ping_status":"closed","sticky":false,"template":"","format":"standard","meta":{"footnotes":""},"categories":[1372],"tags":[387,244,341,379],"class_list":["post-6805","post","type-post","status-publish","format-standard","has-post-thumbnail","hentry","category-monde","tag-erdogan","tag-migrants","tag-refugies","tag-turquie"],"aioseo_notices":[],"_links":{"self":[{"href":"https:\/\/www.culturalusa.com\/news\/wp-json\/wp\/v2\/posts\/6805","targetHints":{"allow":["GET"]}}],"collection":[{"href":"https:\/\/www.culturalusa.com\/news\/wp-json\/wp\/v2\/posts"}],"about":[{"href":"https:\/\/www.culturalusa.com\/news\/wp-json\/wp\/v2\/types\/post"}],"author":[{"embeddable":true,"href":"https:\/\/www.culturalusa.com\/news\/wp-json\/wp\/v2\/users\/1"}],"replies":[{"embeddable":true,"href":"https:\/\/www.culturalusa.com\/news\/wp-json\/wp\/v2\/comments?post=6805"}],"version-history":[{"count":0,"href":"https:\/\/www.culturalusa.com\/news\/wp-json\/wp\/v2\/posts\/6805\/revisions"}],"wp:featuredmedia":[{"embeddable":true,"href":"https:\/\/www.culturalusa.com\/news\/wp-json\/wp\/v2\/media\/6806"}],"wp:attachment":[{"href":"https:\/\/www.culturalusa.com\/news\/wp-json\/wp\/v2\/media?parent=6805"}],"wp:term":[{"taxonomy":"category","embeddable":true,"href":"https:\/\/www.culturalusa.com\/news\/wp-json\/wp\/v2\/categories?post=6805"},{"taxonomy":"post_tag","embeddable":true,"href":"https:\/\/www.culturalusa.com\/news\/wp-json\/wp\/v2\/tags?post=6805"}],"curies":[{"name":"wp","href":"https:\/\/api.w.org\/{rel}","templated":true}]}}