{"id":6808,"date":"2020-03-02T12:30:00","date_gmt":"2020-03-02T11:30:00","guid":{"rendered":"https:\/\/www.culturalusa.com\/news\/?p=6808"},"modified":"2020-09-24T15:12:27","modified_gmt":"2020-09-24T13:12:27","slug":"macron-solidaire-de-la-grece-et-de-la-bulgarie-confrontes-a-un-afflux-de-migrants","status":"publish","type":"post","link":"https:\/\/www.culturalusa.com\/news\/economie\/macron-solidaire-de-la-grece-et-de-la-bulgarie-confrontes-a-un-afflux-de-migrants\/","title":{"rendered":"Macron \u00ab\u00a0solidaire\u00a0\u00bb de la Gr\u00e8ce et de la Bulgarie confront\u00e9s \u00e0 un afflux de migrants"},"content":{"rendered":"<p>Des <strong>milliers de migrants<\/strong> se sont dirig\u00e9s vers la <strong>fronti\u00e8re grecque<\/strong> depuis la Turquie et depuis le 1er mars.<\/p>\n<p>\u00ab\u00a0Nous devons agir ensemble pour \u00e9viter une crise humanitaire et migratoire\u00a0\u00bb. Emmanuel Macron a soulign\u00e9 la \u00ab\u00a0pleine solidarit\u00e9\u00a0\u00bb de la France avec la Gr\u00e8ce et la Bulgarie, confront\u00e9es \u00e0 un afflux de migrants depuis la Turquie, et sa volont\u00e9 de \u00ab\u00a0leur pr\u00eater une assistance rapide et prot\u00e9ger les fronti\u00e8res\u00a0\u00bb dans le cadre des \u00ab\u00a0efforts europ\u00e9ens\u00a0\u00bb. <\/p>\n<p>\u00ab\u00a0Pleine solidarit\u00e9 avec la Gr\u00e8ce et la Bulgarie, la France est pr\u00eate \u00e0 contribuer aux efforts europ\u00e9ens pour leur pr\u00eater une assistance rapide et prot\u00e9ger les fronti\u00e8res\u00a0\u00bb, a soulign\u00e9 le chef de l&rsquo;Etat dans un tweet dimanche soir. <\/p>\n<p>La situation est d\u00e9j\u00e0 dramatique apr\u00e8s la mort d&rsquo;un enfant en mer Eg\u00e9e qui tentait de traverser vers Lesbos. <\/p>\n<p>Des journalistes sur place ont aussi rapport\u00e9 qu&rsquo;un r\u00e9fugi\u00e9 syrien originaire d&rsquo;Alep a par ailleurs \u00e9t\u00e9 tu\u00e9 par un garde-fronti\u00e8re grec vers 9 heures ce lundi matin d&rsquo;une balle dans la gorge.<\/p>\n<p>Face \u00e0 cet afflux, les <strong>autorit\u00e9s grecques<\/strong> ont barricad\u00e9 le poste frontalier de Kastanies, en face de Pazarkule, utilis\u00e9 dimanche des canons \u00e0 eau et des grenades assourdissantes et envoy\u00e9 des SMS pour dissuader les migrants de tenter de traverser.<\/p>\n<p>Furieux, des migrants jettent des pierres en direction des policiers (&#8230;)<\/p>\n<p>La Gr\u00e8ce a indiqu\u00e9 dimanche matin avoir emp\u00each\u00e9 pr\u00e8s de 10.000 migrants d&rsquo;entrer \u00ab\u00a0ill\u00e9galement\u00a0\u00bb sur son territoire en 24 heures depuis la Turquie.<\/p>\n<p>Si les migrants sont victimes de cette situation, au fleuve Evros, les passeurs, eux, se frottent les mains.<\/p>\n<p>Sous le regard d&rsquo;un garde-fronti\u00e8re turc impassible, ils multiplient les navettes entre les deux rives, l&#8217;embarcation charg\u00e9e \u00e0 l&rsquo;aller, les poches remplies au retour.<\/p>\n<p>\u00ab\u00a0J&rsquo;exerce ce m\u00e9tier depuis plusieurs ann\u00e9es, mais c&rsquo;est la premi\u00e8re fois que je le fais avec la permission\u00a0\u00bb des autorit\u00e9s, d\u00e9clare l&rsquo;un d&rsquo;eux, qui pr\u00e9f\u00e8re ne pas donner son nom. \u00ab\u00a0J&rsquo;ai l&rsquo;impression de remplir mon devoir\u00a0\u00bb. (AFP) <\/p>\n","protected":false},"excerpt":{"rendered":"<p>Des milliers de migrants se sont dirig\u00e9s vers la fronti\u00e8re grecque depuis la Turquie et depuis le 1er mars. \u00ab\u00a0Nous devons agir ensemble pour \u00e9viter une crise humanitaire et migratoire\u00a0\u00bb. Emmanuel Macron a soulign\u00e9 la \u00ab\u00a0pleine solidarit\u00e9\u00a0\u00bb de la France avec la Gr\u00e8ce et la Bulgarie, confront\u00e9es \u00e0 un afflux de migrants depuis la Turquie, [&hellip;]<\/p>\n","protected":false},"author":1,"featured_media":6809,"comment_status":"open","ping_status":"closed","sticky":false,"template":"","format":"standard","meta":{"footnotes":""},"categories":[1],"tags":[1192,135,244,1193],"class_list":["post-6808","post","type-post","status-publish","format-standard","has-post-thumbnail","hentry","category-economie","tag-bulgarie","tag-grece","tag-migrants","tag-refugie"],"aioseo_notices":[],"_links":{"self":[{"href":"https:\/\/www.culturalusa.com\/news\/wp-json\/wp\/v2\/posts\/6808","targetHints":{"allow":["GET"]}}],"collection":[{"href":"https:\/\/www.culturalusa.com\/news\/wp-json\/wp\/v2\/posts"}],"about":[{"href":"https:\/\/www.culturalusa.com\/news\/wp-json\/wp\/v2\/types\/post"}],"author":[{"embeddable":true,"href":"https:\/\/www.culturalusa.com\/news\/wp-json\/wp\/v2\/users\/1"}],"replies":[{"embeddable":true,"href":"https:\/\/www.culturalusa.com\/news\/wp-json\/wp\/v2\/comments?post=6808"}],"version-history":[{"count":0,"href":"https:\/\/www.culturalusa.com\/news\/wp-json\/wp\/v2\/posts\/6808\/revisions"}],"wp:featuredmedia":[{"embeddable":true,"href":"https:\/\/www.culturalusa.com\/news\/wp-json\/wp\/v2\/media\/6809"}],"wp:attachment":[{"href":"https:\/\/www.culturalusa.com\/news\/wp-json\/wp\/v2\/media?parent=6808"}],"wp:term":[{"taxonomy":"category","embeddable":true,"href":"https:\/\/www.culturalusa.com\/news\/wp-json\/wp\/v2\/categories?post=6808"},{"taxonomy":"post_tag","embeddable":true,"href":"https:\/\/www.culturalusa.com\/news\/wp-json\/wp\/v2\/tags?post=6808"}],"curies":[{"name":"wp","href":"https:\/\/api.w.org\/{rel}","templated":true}]}}