{"id":6824,"date":"2020-03-06T20:02:19","date_gmt":"2020-03-06T19:02:19","guid":{"rendered":"https:\/\/www.culturalusa.com\/news\/?p=6824"},"modified":"2026-03-04T18:40:26","modified_gmt":"2026-03-04T17:40:26","slug":"climat-naomi-seibt-lanti-greta-thunberg","status":"publish","type":"post","link":"https:\/\/www.culturalusa.com\/news\/technologie\/climat-naomi-seibt-lanti-greta-thunberg\/","title":{"rendered":"Climat: Naomi Seibt, l&rsquo;anti Greta Thunberg"},"content":{"rendered":"<h2>Climat: Naomi Seibt, l&rsquo;anti Greta Thunberg<\/h2>\n<p>Elle est jeune, elle a 19 ans et elle est allemande.<br \/>\nCes derniers temps on voit appara\u00eetre une nouvelle figure publique sur la question du climat. Du c\u00f4t\u00e9 des climatosceptiques, cette fois.<\/p>\n<p><strong>Noami Seibt<\/strong> est pr\u00e9sent\u00e9e comme l\u2019<strong>anti-Greta Thunberg<\/strong>. Proche du parti allemand l\u2019Afd, elle vient d\u2019\u00eatre recrut\u00e9e par un think tank am\u00e9ricain climatosceptique, proche de Donald Trump et financ\u00e9 par le Heartland Institute.<\/p>\n<p><strong>Naomi Seibt, carte d\u2019identit\u00e9<\/strong><\/p>\n<h3>Aux discours de la jeune Greta Thunberg nous appelant \u00e0 r\u00e9agir et demandant aux politiques de prendre leurs responsabilit\u00e9s, Naomi Seibt r\u00e9pond \u00ab\u00a0<strong>l\u2019alarmisme sur le changement climatique est une id\u00e9ologie anti-humaine m\u00e9prisable<\/strong>\u00ab\u00a0. Le ton est donn\u00e9!<\/h3>\n<p>Naomi Seibt est \u00e0 peine plus \u00e2g\u00e9e que Greta Thunberg et elle est n\u00e9e \u00e0 M\u00fcnster dans le nord de l\u2019Allemagne.<\/p>\n<p>Au-del\u00e0, de son jeune \u00e2ge, de ses origines europ\u00e9ennes et de son allure tr\u00e8s juv\u00e9nile, comme Greta elle ma\u00eetrise les r\u00e9seaux sociaux et en fait son outil de communication.<\/p>\n<p>Comme Greta, elle est consid\u00e9r\u00e9e comme tr\u00e8s intelligente. Selon Grazia elle pourrait avoir un Q.I de 157. En 2013, elle a obtenu la premi\u00e8re place en physique au Jugend forscht, un concours allemand scientifique.<\/p>\n<p><strong>Les id\u00e9es de la jeune pousse<\/strong><\/p>\n<p><iframe loading=\"lazy\" src=\"https:\/\/www.youtube.com\/embed\/v8dXpe1Pp6Q\" width=\"100%\" height=\"370\" frameborder=\"0\" allowfullscreen=\"allowfullscreen\"><\/iframe><\/p>\n<p>Mais les comparaisons s\u2019arr\u00eatent l\u00e0. Proche de la droite allemande, m\u00eame si elle nie appartenir \u00e0 l\u2019Afd, elle n\u2019a pas toujours \u00e9t\u00e9 un fer de lance des id\u00e9ologies climatosceptiques, comme le souligne Le Monde.<\/p>\n<p>Les questions li\u00e9es au climat n\u2019\u00e9taient pas, contrairement \u00e0 Greta Thunberg, au centre de ses pr\u00e9occupations avant d\u2019\u00eatre embauch\u00e9e par le Heartland Institute, note le m\u00e9dia fran\u00e7ais.<\/p>\n<p>Mais ses prises de position sont clairement conservatrices, notamment sur des sujets comme l\u2019immigration ou le f\u00e9minisme. Elle a d\u2019ailleurs pris position contre le droit \u00e0 l\u2019avortement.<\/p>\n<p>Concernant le climat, elle ne nie pas le r\u00e9chauffement climatique mais elle estime, comme le rappelle le site de France info, que \u00ab\u00a0<strong>les scientifiques surestiment la part humaine dans le changement climatique<\/strong>\u00ab\u00a0.<\/p>\n<p>Pour elle, \u00ab\u00a0de nos jours, la science concernant le changement climatique n\u2019est pas du tout de la science \u00ab\u00a0.<\/p>\n<p>Elle consid\u00e8re que \u00ab\u00a0le but des alarmistes est de pointer la honte sur l\u2019humanit\u00e9\u00a0\u00bb. Or, \u00ab\u00a0nous vivons dans une fantastique \u00e9poque progr\u00e8s et nous ne sommes autoris\u00e9s \u00e0 en \u00eatre fi\u00e8re\u00a0\u00bb&#8230; <a style=\"color: #222;\" href=\"https:\/\/www.rtbf.be\/info\/monde\/detail_qui-est-naomi-seibt-l-anti-greta-thunberg?id=10449932\" target=\"_blank\" rel=\"noopener noreferrer\">lire plus<\/a><\/p>\n","protected":false},"excerpt":{"rendered":"<p>Climat: Naomi Seibt, l&rsquo;anti Greta Thunberg Elle est jeune, elle a 19 ans et elle est allemande. Ces derniers temps on voit appara\u00eetre une nouvelle figure publique sur la question du climat. Du c\u00f4t\u00e9 des climatosceptiques, cette fois. Noami Seibt est pr\u00e9sent\u00e9e comme l\u2019anti-Greta Thunberg. Proche du parti allemand l\u2019Afd, elle vient d\u2019\u00eatre recrut\u00e9e par [&hellip;]<\/p>\n","protected":false},"author":1,"featured_media":6825,"comment_status":"open","ping_status":"closed","sticky":false,"template":"","format":"standard","meta":{"footnotes":""},"categories":[6],"tags":[208,1076,1198],"class_list":["post-6824","post","type-post","status-publish","format-standard","has-post-thumbnail","hentry","category-technologie","tag-climat","tag-greta-thunberg","tag-naomi-seibt"],"aioseo_notices":[],"_links":{"self":[{"href":"https:\/\/www.culturalusa.com\/news\/wp-json\/wp\/v2\/posts\/6824","targetHints":{"allow":["GET"]}}],"collection":[{"href":"https:\/\/www.culturalusa.com\/news\/wp-json\/wp\/v2\/posts"}],"about":[{"href":"https:\/\/www.culturalusa.com\/news\/wp-json\/wp\/v2\/types\/post"}],"author":[{"embeddable":true,"href":"https:\/\/www.culturalusa.com\/news\/wp-json\/wp\/v2\/users\/1"}],"replies":[{"embeddable":true,"href":"https:\/\/www.culturalusa.com\/news\/wp-json\/wp\/v2\/comments?post=6824"}],"version-history":[{"count":2,"href":"https:\/\/www.culturalusa.com\/news\/wp-json\/wp\/v2\/posts\/6824\/revisions"}],"predecessor-version":[{"id":14059,"href":"https:\/\/www.culturalusa.com\/news\/wp-json\/wp\/v2\/posts\/6824\/revisions\/14059"}],"wp:featuredmedia":[{"embeddable":true,"href":"https:\/\/www.culturalusa.com\/news\/wp-json\/wp\/v2\/media\/6825"}],"wp:attachment":[{"href":"https:\/\/www.culturalusa.com\/news\/wp-json\/wp\/v2\/media?parent=6824"}],"wp:term":[{"taxonomy":"category","embeddable":true,"href":"https:\/\/www.culturalusa.com\/news\/wp-json\/wp\/v2\/categories?post=6824"},{"taxonomy":"post_tag","embeddable":true,"href":"https:\/\/www.culturalusa.com\/news\/wp-json\/wp\/v2\/tags?post=6824"}],"curies":[{"name":"wp","href":"https:\/\/api.w.org\/{rel}","templated":true}]}}