{"id":685,"date":"2012-07-07T02:34:35","date_gmt":"2012-07-07T00:34:35","guid":{"rendered":"http:\/\/www.culturalusa.com\/news\/?p=685"},"modified":"2012-07-07T02:34:35","modified_gmt":"2012-07-07T00:34:35","slug":"la-bce-enfonce-le-clou-aux-etats-et-aux-banques-de-se-sauver-eux-memes","status":"publish","type":"post","link":"https:\/\/www.culturalusa.com\/news\/economie\/la-bce-enfonce-le-clou-aux-etats-et-aux-banques-de-se-sauver-eux-memes\/","title":{"rendered":"La BCE enfonce le clou aux \u00e9tats et aux banques de se sauver eux-m\u00eames"},"content":{"rendered":"<p><img loading=\"lazy\" decoding=\"async\" src=\"http:\/\/www.culturalusa.com\/news\/wp-content\/uploads\/2012\/05\/euro-bce-275x163.jpg\" alt=\"euro bce\" title=\"euro bce\" width=\"275\" height=\"163\" class=\"alignleft size-medium wp-image-492\" \/>Des responsables de la Banque centrale europ\u00e9enne ont enfonc\u00e9 le clou, appelant les Etats et les banques \u00e0 r\u00e9soudre eux-m\u00eames leurs crises respectives, au lendemain d&rsquo;une r\u00e9union qui a d\u00e9\u00e7u les march\u00e9s faute de nouvelles mesures radicales.<\/p>\n<p>Intervenants vedettes de la premi\u00e8re journ\u00e9e des traditionnelles Rencontres \u00e9conomiques d&rsquo;Aix-en-Provence, dans le sud de la France, le membre du directoire de la BCE Beno\u00eet Coeur\u00e9 et le gouverneur de la Banque de France Christian Noyer ont pr\u00e9cis\u00e9 le message de l&rsquo;institut de Francfort.<\/p>\n<p>\u00ab\u00a0Les capacit\u00e9s d&rsquo;intervention des banques centrales sont naturellement limit\u00e9es\u00a0\u00bb, a d&rsquo;abord lanc\u00e9 Christian Noyer, \u00e9galement membre du Conseil des gouverneurs de la BCE. \u00ab\u00a0Elles peuvent rem\u00e9dier aux dysfonctionnements temporaires des march\u00e9s\u00a0\u00bb et \u00ab\u00a0elles l&rsquo;ont fait avec une ampleur jamais \u00e9gal\u00e9e dans l&rsquo;Histoire\u00a0\u00bb, a-t-il rappel\u00e9.<\/p>\n<p>Mais, a-t-il pr\u00e9venu, \u00ab\u00a0elles ne peuvent pas se substituer en permanence aux march\u00e9s financiers et aux banques pour remplacer une interm\u00e9diation financi\u00e8re qui serait d\u00e9faillante\u00a0\u00bb.<\/p>\n<p>Il r\u00e9pondait ainsi implicitement \u00e0 la d\u00e9ception des investisseurs, qui esp\u00e9raient voir la BCE pr\u00eater \u00e0 nouveau des liquidit\u00e9s massives aux banques \u00e0 tr\u00e8s faible co\u00fbt.<\/p>\n<p>Son compatriote Beno\u00eet Coeur\u00e9 a d\u00e8s lors appel\u00e9 \u00e0 la mise en place \u00ab\u00a0urgente\u00a0\u00bb d&rsquo;un superviseur unique des banques de la zone euro, principal imp\u00e9ratif aux yeux de l&rsquo;institut mon\u00e9taire.<\/p>\n<p>\u00ab\u00a0Il faut que \u00e7a aille le plus vite possible\u00a0\u00bb car \u00ab\u00a0c&rsquo;est une r\u00e9ponse \u00e0 la crise\u00a0\u00bb, a-t-il affirm\u00e9, demandant aux gouvernements et \u00e0 la Commission europ\u00e9enne de cr\u00e9er les \u00ab\u00a0premiers \u00e9l\u00e9ments\u00a0\u00bb de ce m\u00e9canisme de contr\u00f4le d&rsquo;ici la fin de l&rsquo;ann\u00e9e, comme ils s&rsquo;y sont engag\u00e9s le 29 juin.<\/p>\n<p>Selon lui, \u00ab\u00a0c&rsquo;est d&rsquo;autant plus urgent\u00a0\u00bb que cela \u00ab\u00a0conditionne\u00a0\u00bb la recapitalisation directe des banques par le futur fonds de secours de la zone euro, le M\u00e9canisme europ\u00e9en de stabilit\u00e9 (MES) &#8212; consid\u00e9r\u00e9e comme la meilleure mani\u00e8re de rompre le lien entre crise bancaire et crise de la dette.<\/p>\n<p>Un responsable europ\u00e9en a d&rsquo;ailleurs affirm\u00e9 vendredi que les banques espagnoles, celles qui en ont le plus vivement besoin, ne pourraient pas b\u00e9n\u00e9ficier d&rsquo;une telle recapitalisation directe avant 2013.<\/p>\n<p style=\"text-align:center;\"><script type=\"text\/javascript\"><!--\ngoogle_ad_client = \"ca-pub-2727717456356200\";\n\/* CulturaLusa 468x60 *\/\ngoogle_ad_slot = \"2785499263\";\ngoogle_ad_width = 468;\ngoogle_ad_height = 60;\n\/\/-->\n<\/script><br \/>\n<script type=\"text\/javascript\"\nsrc=\"http:\/\/pagead2.googlesyndication.com\/pagead\/show_ads.js\">\n<\/script><\/p>\n<p>Beno\u00eet Coeur\u00e9 a r\u00e9it\u00e9r\u00e9 les offres de services de l&rsquo;institut de Francfort: \u00ab\u00a0La BCE est pr\u00eate \u00e0 jouer ce r\u00f4le\u00a0\u00bb de superviseur \u00ab\u00a0si on lui demande\u00a0\u00bb. Mais \u00ab\u00a0avec des conditions\u00a0\u00bb, a-t-il nuanc\u00e9, \u00e9voquant une s\u00e9paration stricte entre politique mon\u00e9taire et contr\u00f4le bancaire.<\/p>\n<p>Christian Noyer a aussi jug\u00e9 \u00ab\u00a0fondamental\u00a0\u00bb le projet d&rsquo;union bancaire.<\/p>\n<p>Les banquiers centraux ont enfin justifi\u00e9 la fin de non-recevoir oppos\u00e9e par leur institution \u00e0 une reprise des rachats de dette de l&rsquo;Italie et de l&rsquo;Espagne pour faire baisser leurs co\u00fbts d&#8217;emprunt en proie \u00e0 une nouvelle flamb\u00e9e.<\/p>\n<p>\u00ab\u00a0Nous consid\u00e9rons que \u00e7a n&rsquo;est pas aujourd&rsquo;hui la r\u00e9ponse adapt\u00e9e \u00e0 la situation\u00a0\u00bb, a expliqu\u00e9 Beno\u00eet Coeur\u00e9, laissant la porte ouverte \u00e0 de telles op\u00e9rations uniquement si la politique mon\u00e9taire le n\u00e9cessitait.<\/p>\n<p>\u00ab\u00a0Les gouvernements de la zone euro ont construit le MES notamment pour intervenir sur le march\u00e9 secondaire\u00a0\u00bb, celui de la revente d&rsquo;obligations, a soulign\u00e9 le membre du directoire de la BCE. \u00ab\u00a0Qu&rsquo;ils le fassent\u00a0\u00bb, \u00ab\u00a0il y aurait un certain paradoxe \u00e0 ce que la BCE intervienne \u00e0 la place des gouvernements\u00a0\u00bb, a-t-il martel\u00e9.<\/p>\n<p>Malgr\u00e9 les d\u00e9cisions annonc\u00e9es dans la douleur le 29 juin par les dix-sept Etats de la zone euro, des tiraillements sont d\u00e9j\u00e0 apparus, certains pays du nord de l&rsquo;Europe refusant toujours de laisser le MES intervenir sans conditions strictes. Autant d&rsquo;atermoiements qui ont fini par doucher l&rsquo;euphorie des investisseurs.<\/p>\n<p>\u00ab\u00a0Apr\u00e8s l&rsquo;enthousiasme initial, les march\u00e9s ont besoin maintenant d&rsquo;un peu de temps pour comprendre et dig\u00e9rer les d\u00e9cisions qui ont \u00e9t\u00e9 prises\u00a0\u00bb, a analys\u00e9 M. Coeur\u00e9, faisant mine de ne pas s&rsquo;inqui\u00e9ter outre mesure des nouvelles tensions sur les places financi\u00e8res. (AFP)<\/p>\n","protected":false},"excerpt":{"rendered":"<p>Des responsables de la Banque centrale europ\u00e9enne ont enfonc\u00e9 le clou, appelant les Etats et les banques \u00e0 r\u00e9soudre eux-m\u00eames leurs crises respectives, au lendemain d&rsquo;une r\u00e9union qui a d\u00e9\u00e7u les march\u00e9s faute de nouvelles mesures radicales. Intervenants vedettes de la premi\u00e8re journ\u00e9e des traditionnelles Rencontres \u00e9conomiques d&rsquo;Aix-en-Provence, dans le sud de la France, le [&hellip;]<\/p>\n","protected":false},"author":1,"featured_media":0,"comment_status":"open","ping_status":"closed","sticky":false,"template":"","format":"standard","meta":{"footnotes":""},"categories":[1],"tags":[],"class_list":["post-685","post","type-post","status-publish","format-standard","hentry","category-economie"],"aioseo_notices":[],"_links":{"self":[{"href":"https:\/\/www.culturalusa.com\/news\/wp-json\/wp\/v2\/posts\/685","targetHints":{"allow":["GET"]}}],"collection":[{"href":"https:\/\/www.culturalusa.com\/news\/wp-json\/wp\/v2\/posts"}],"about":[{"href":"https:\/\/www.culturalusa.com\/news\/wp-json\/wp\/v2\/types\/post"}],"author":[{"embeddable":true,"href":"https:\/\/www.culturalusa.com\/news\/wp-json\/wp\/v2\/users\/1"}],"replies":[{"embeddable":true,"href":"https:\/\/www.culturalusa.com\/news\/wp-json\/wp\/v2\/comments?post=685"}],"version-history":[{"count":0,"href":"https:\/\/www.culturalusa.com\/news\/wp-json\/wp\/v2\/posts\/685\/revisions"}],"wp:attachment":[{"href":"https:\/\/www.culturalusa.com\/news\/wp-json\/wp\/v2\/media?parent=685"}],"wp:term":[{"taxonomy":"category","embeddable":true,"href":"https:\/\/www.culturalusa.com\/news\/wp-json\/wp\/v2\/categories?post=685"},{"taxonomy":"post_tag","embeddable":true,"href":"https:\/\/www.culturalusa.com\/news\/wp-json\/wp\/v2\/tags?post=685"}],"curies":[{"name":"wp","href":"https:\/\/api.w.org\/{rel}","templated":true}]}}