{"id":686,"date":"2012-07-12T16:35:55","date_gmt":"2012-07-12T14:35:55","guid":{"rendered":"http:\/\/www.culturalusa.com\/news\/?p=686"},"modified":"2012-07-12T16:35:55","modified_gmt":"2012-07-12T14:35:55","slug":"la-banque-du-portugal-prevoit-une-recession-moins-forte-en-2012","status":"publish","type":"post","link":"https:\/\/www.culturalusa.com\/news\/portugal\/la-banque-du-portugal-prevoit-une-recession-moins-forte-en-2012\/","title":{"rendered":"La Banque du Portugal pr\u00e9voit une r\u00e9cession moins forte en 2012"},"content":{"rendered":"<figure id=\"attachment_687\" aria-describedby=\"caption-attachment-687\" style=\"width: 467px\" class=\"wp-caption aligncenter\"><img loading=\"lazy\" decoding=\"async\" src=\"http:\/\/www.culturalusa.com\/news\/wp-content\/uploads\/2012\/07\/banco-de-portugal.jpg\" alt=\"\" title=\"banco-de-portugal\" width=\"467\" height=\"280\" class=\"size-full wp-image-687\" srcset=\"https:\/\/www.culturalusa.com\/news\/wp-content\/uploads\/2012\/07\/banco-de-portugal.jpg 467w, https:\/\/www.culturalusa.com\/news\/wp-content\/uploads\/2012\/07\/banco-de-portugal-275x165.jpg 275w\" sizes=\"auto, (max-width: 467px) 100vw, 467px\" \/><figcaption id=\"caption-attachment-687\" class=\"wp-caption-text\">Banco de Portugal<\/figcaption><\/figure>L&rsquo;\u00e9conomie portugaise, plomb\u00e9e par la cure de rigueur appliqu\u00e9e sous l&rsquo;\u00e9gide de l&rsquo;UE et du FMI, devrait se contracter cette ann\u00e9e de 3% du PIB, a indiqu\u00e9 la Banque du Portugal alors qu&rsquo;elle tablait en mars sur une r\u00e9cession de 3,4%.<\/p>\n<p>La banque centrale s&rsquo;inqui\u00e8te toutefois des risques que repr\u00e9sentent la crise de la dette souveraine en zone euro et l&rsquo;\u00e9ventuelle n\u00e9cessit\u00e9 pour le gouvernement d&rsquo;adopter de nouvelles mesures d&rsquo;aust\u00e9rit\u00e9 pour parvenir \u00e0 ramener le d\u00e9ficit public \u00e0 4,5% du PIB.<\/p>\n<p>Apr\u00e8s un recul du PIB moins accentu\u00e9 que pr\u00e9vu au premier trimestre (-0,1%), la banque centrale a ainsi align\u00e9 sa pr\u00e9vision sur celle du gouvernement et de la tro\u00efka UE-BCE-FMI repr\u00e9sentant ses bailleurs de fonds, qui s&rsquo;attendent depuis juin \u00e0 une contraction de 3% du PIB.<\/p>\n<p>La Banque du Portugal (BdP) reste toutefois plus pessimiste concernant l&rsquo;ann\u00e9e prochaine, car elle table toujours sur une stagnation en 2013 alors que le gouvernement et la tro\u00efka comptent sur une l\u00e9g\u00e8re relance de 0,2% du PIB.<\/p>\n<p>\u00ab\u00a0Nous continuons de pr\u00e9voir une forte contraction de l&rsquo;\u00e9conomie en 2012 suivie d&rsquo;une relance graduelle au cours de 2013, toutefois insuffisante pour assurer une croissance du produit sur l&rsquo;ensemble de l&rsquo;ann\u00e9e\u00a0\u00bb, a r\u00e9sum\u00e9 la BdP dans son bulletin d&rsquo;\u00e9t\u00e9.<\/p>\n<p>L&rsquo;ann\u00e9e en cours sera marqu\u00e9e par \u00ab\u00a0une forte r\u00e9duction de la demande int\u00e9rieure et une contribution positive des exportations malgr\u00e9 leur ralentissement\u00a0\u00bb en raison d&rsquo;une conjoncture mondiale d\u00e9favorable, a pr\u00e9cis\u00e9 la banque centrale, qui a revu en hausse sa pr\u00e9vision pour les exportations de +2,7% \u00e0 +3,5%.<\/p>\n<p>Selon des donn\u00e9es publi\u00e9es un peu plus t\u00f4t par l&rsquo;Institut national des statistiques (Ine), les exportations portugaises ont acc\u00e9l\u00e9r\u00e9 leur hausse en mai apr\u00e8s avoir marqu\u00e9 le pas en avril, progressant de 13,3% en variation mensuelle et de 8,4% sur un an.<\/p>\n<p>Le r\u00e9gulateur s&rsquo;attend en 2013 \u00e0 une \u00ab\u00a0r\u00e9cup\u00e9ration graduelle de la demande int\u00e9rieure et \u00e0 une acc\u00e9l\u00e9ration des exportations\u00a0\u00bb \u00e0 +5,2%.<\/p>\n<p>La Banque du Portugal rel\u00e8ve toutefois plusieurs menaces qui p\u00e8sent sur l&rsquo;\u00e9volution de l&rsquo;activit\u00e9 \u00e9conomique au Portugal.<\/p>\n<p>\u00ab\u00a0Au niveau international, les principaux risques sont li\u00e9s \u00e0 la r\u00e9cente intensification de la crise de la dette souveraine et le maintien d&rsquo;une incertitude \u00e9lev\u00e9e concernant sa r\u00e9solution\u00a0\u00bb, a soulign\u00e9 la BdP.<\/p>\n<p>Au plan interne, \u00ab\u00a0la d\u00e9t\u00e9rioration de la situation sur le march\u00e9 du travail et la contraction de la demande int\u00e9rieure pourront conduire \u00e0 la n\u00e9cessit\u00e9 d&rsquo;adopter des mesures qui garantissent le respect de l&rsquo;objectif budg\u00e9taire\u00a0\u00bb d&rsquo;un d\u00e9ficit ramen\u00e9 \u00e0 4,5% du PIB.<\/p>\n<p>Au premier trimestre, le d\u00e9ficit public du Portugal s&rsquo;est creus\u00e9 \u00e0 7,86% du PIB en raison d&rsquo;une baisse des recettes fiscales et d&rsquo;une hausse des prestations vers\u00e9es \u00e0 un nombre croissant de ch\u00f4meurs, qui repr\u00e9sentent d\u00e9j\u00e0 plus de 15% de la population active.<\/p>\n","protected":false},"excerpt":{"rendered":"<p>L&rsquo;\u00e9conomie portugaise, plomb\u00e9e par la cure de rigueur appliqu\u00e9e sous l&rsquo;\u00e9gide de l&rsquo;UE et du FMI, devrait se contracter cette ann\u00e9e de 3% du PIB, a indiqu\u00e9 la Banque du Portugal alors qu&rsquo;elle tablait en mars sur une r\u00e9cession de 3,4%. La banque centrale s&rsquo;inqui\u00e8te toutefois des risques que repr\u00e9sentent la crise de la dette [&hellip;]<\/p>\n","protected":false},"author":1,"featured_media":0,"comment_status":"open","ping_status":"closed","sticky":false,"template":"","format":"standard","meta":{"footnotes":""},"categories":[3],"tags":[],"class_list":["post-686","post","type-post","status-publish","format-standard","hentry","category-portugal"],"aioseo_notices":[],"_links":{"self":[{"href":"https:\/\/www.culturalusa.com\/news\/wp-json\/wp\/v2\/posts\/686","targetHints":{"allow":["GET"]}}],"collection":[{"href":"https:\/\/www.culturalusa.com\/news\/wp-json\/wp\/v2\/posts"}],"about":[{"href":"https:\/\/www.culturalusa.com\/news\/wp-json\/wp\/v2\/types\/post"}],"author":[{"embeddable":true,"href":"https:\/\/www.culturalusa.com\/news\/wp-json\/wp\/v2\/users\/1"}],"replies":[{"embeddable":true,"href":"https:\/\/www.culturalusa.com\/news\/wp-json\/wp\/v2\/comments?post=686"}],"version-history":[{"count":0,"href":"https:\/\/www.culturalusa.com\/news\/wp-json\/wp\/v2\/posts\/686\/revisions"}],"wp:attachment":[{"href":"https:\/\/www.culturalusa.com\/news\/wp-json\/wp\/v2\/media?parent=686"}],"wp:term":[{"taxonomy":"category","embeddable":true,"href":"https:\/\/www.culturalusa.com\/news\/wp-json\/wp\/v2\/categories?post=686"},{"taxonomy":"post_tag","embeddable":true,"href":"https:\/\/www.culturalusa.com\/news\/wp-json\/wp\/v2\/tags?post=686"}],"curies":[{"name":"wp","href":"https:\/\/api.w.org\/{rel}","templated":true}]}}