{"id":6880,"date":"2020-03-21T15:22:17","date_gmt":"2020-03-21T14:22:17","guid":{"rendered":"https:\/\/www.culturalusa.com\/news\/?p=6880"},"modified":"2020-09-24T15:05:56","modified_gmt":"2020-09-24T13:05:56","slug":"covid-19-une-plainte-contre-edouard-philippe-et-agnes-buzyn-a-ete-deposee","status":"publish","type":"post","link":"https:\/\/www.culturalusa.com\/news\/actualite\/covid-19-une-plainte-contre-edouard-philippe-et-agnes-buzyn-a-ete-deposee\/","title":{"rendered":"Covid-19 : une plainte contre Edouard Philippe et Agn\u00e8s Buzyn a \u00e9t\u00e9 d\u00e9pos\u00e9e"},"content":{"rendered":"<p>Trois m\u00e9decins, repr\u00e9sentants d\u2019un collectif de soignants, ont port\u00e9 plainte jeudi 19 mars contre le Premier ministre Edouard Philippe et l\u2019ex-ministre de la Sant\u00e9 Agn\u00e8s Buzyn, les accusant de s\u2019\u00eatre \u00ab abstenus \u00bb de prendre \u00e0 temps des mesures pour endiguer l\u2019\u00e9pid\u00e9mie de Covid-19, a annonc\u00e9 leur avocat.<\/p>\n<p>Cette plainte, que l\u2019AFP a pu consulter, a \u00e9t\u00e9 envoy\u00e9e dans la journ\u00e9e \u00e0 la commission des requ\u00eates de la Cour de Justice de la R\u00e9publique (CJR), seule instance habilit\u00e9e en France \u00e0 juger des actes commis par des membres du gouvernement dans l\u2019exercice de leurs fonctions, selon Me Fabrice Di Vizio.<\/p>\n<p>Les trois plaignants \u2013 Philippe Naccache, Emmanuel Sarrazin et Ludovic Toro, tous trois m\u00e9decins \u2013 ont saisi la CJR au nom du collectif C19, r\u00e9cemment cr\u00e9\u00e9. Ils estiment qu\u2019Edouard Philippe et Agn\u00e8s Buzyn \u00ab avaient conscience du p\u00e9ril et disposaient des moyens d\u2019action, qu\u2019ils ont toutefois choisi de ne pas exercer \u00bb.<\/p>\n<p>Ils s\u2019appuient notamment sur des d\u00e9clarations d\u2019Agn\u00e8s Buzyn au \u00ab Monde \u00bb, qui a affirm\u00e9, apr\u00e8s le premier tour des municipales, avoir alert\u00e9 d\u00e8s janvier le Premier ministre sur la gravit\u00e9 de l\u2019\u00e9pid\u00e9mie de coronavirus et l\u2019avoir averti que \u00ab les \u00e9lections ne pourraient sans doute pas se tenir \u00bb.<\/p>\n<p><strong>Des mesures qui auraient d\u00fb \u00eatre prises plus t\u00f4t<\/strong><\/p>\n<p>D\u00e8s lors, les plaignants accusent Philippe et Buzyn, m\u00e9decin de profession, de s\u2019\u00eatre abstenus \u00ab volontairement de prendre ou de provoquer les mesures permettant&#8230; de combattre un sinistre de nature \u00e0 cr\u00e9er un danger pour la s\u00e9curit\u00e9 des personnes \u00bb, en l\u2019occurrence l\u2019\u00e9pid\u00e9mie de Covid-19, ce qui est puni de deux ans d\u2019emprisonnement et de 30 000 euros d\u2019amende.<\/p>\n<p>Trois m\u00e9decins, repr\u00e9sentants d\u2019un collectif de soignants, ont port\u00e9 plainte jeudi 19 mars contre le Premier ministre Edouard Philippe et l\u2019ex-ministre de la Sant\u00e9 Agn\u00e8s Buzyn, les accusant de s\u2019\u00eatre \u00ab abstenus \u00bb de prendre \u00e0 temps des mesures pour endiguer l\u2019\u00e9pid\u00e9mie de Covid-19, a annonc\u00e9 leur avocat.<\/p>\n<p>Cette plainte, que l\u2019AFP a pu consulter, a \u00e9t\u00e9 envoy\u00e9e dans la journ\u00e9e \u00e0 la commission des requ\u00eates de la Cour de Justice de la R\u00e9publique (CJR), seule instance habilit\u00e9e en France \u00e0 juger des actes commis par des membres du gouvernement dans l\u2019exercice de leurs fonctions, selon Me Fabrice Di Vizio.<\/p>\n<p>Les trois plaignants \u2013 Philippe Naccache, Emmanuel Sarrazin et Ludovic Toro, tous trois m\u00e9decins \u2013 ont saisi la CJR au nom du collectif C19, r\u00e9cemment cr\u00e9\u00e9.<\/p>\n<p>Ils estiment qu\u2019Edouard Philippe et Agn\u00e8s Buzyn \u00ab avaient conscience du p\u00e9ril et disposaient des moyens d\u2019action, qu\u2019ils ont toutefois choisi de ne pas exercer \u00bb.<\/p>\n<p>Ils s\u2019appuient notamment sur des d\u00e9clarations d\u2019Agn\u00e8s Buzyn au \u00ab Monde \u00bb, qui a affirm\u00e9, apr\u00e8s le premier tour des municipales, avoir alert\u00e9 d\u00e8s janvier le Premier ministre sur la gravit\u00e9 de l\u2019\u00e9pid\u00e9mie de coronavirus et l\u2019avoir averti que \u00ab les \u00e9lections ne pourraient sans doute pas se tenir \u00bb.<\/p>\n<p>D\u00e8s lors, les plaignants accusent Philippe et Buzyn, m\u00e9decin de profession, de s\u2019\u00eatre abstenus \u00ab volontairement de prendre ou de provoquer les mesures permettant&#8230; de combattre un sinistre de nature \u00e0 cr\u00e9er un danger pour la s\u00e9curit\u00e9 des personnes \u00bb, en l\u2019occurrence l\u2019\u00e9pid\u00e9mie de Covid-19, ce qui est puni de deux ans d\u2019emprisonnement et de 30 000 euros d\u2019amende.<\/p>\n<p><strong>D\u00e9pistage automatique<\/strong><\/p>\n<p>Pour ce collectif de m\u00e9decins, il aurait fallu agir plus rapidement, d\u00e8s le 30 janvier, lorsque l&rsquo;organisation mondiale de la sant\u00e9 (OMS) a qualifi\u00e9 l&rsquo;\u00e9pid\u00e9mie d&rsquo;urgence de sant\u00e9 publique internationale.<\/p>\n<p>Concr\u00e8tement, <strong>le gouvernement aurait du <span style=\"color: #800000;\">\u00abconstituer des stocks de protections (masques, blouses, lunettes, gants\u2026)<\/span><\/strong> mais aussi <span style=\"color: #800000;\"><strong>\u00abacheter des tests en quantit\u00e9 importante\u00bb et \u00absuivre les recommandations de la m\u00eame OMS\u00bb<\/strong><\/span>, \u00e0 savoir \u00abproc\u00e9der au d\u00e9pistage syst\u00e9matique\u00bb.<\/p>\n<p>Une technique, selon ces m\u00e9decins, qui aurait permis de rep\u00e9rer et d&rsquo;isoler les personnes asymptomatiques alors qu&rsquo;on compte un malade pour cinq porteurs sains. \u00abCela a \u00e9t\u00e9 fait avec succ\u00e8s en Cor\u00e9e du Sud et aurait d\u00fb \u00eatre un mod\u00e8le pour l&rsquo;Europe\u00bb, d\u00e9plore encore l&rsquo;avocat du collectif.<\/p>\n<p>A partir du 13 mars, le gouvernement a pris plusieurs mesures, avec en dernier lieu le confinement g\u00e9n\u00e9ralis\u00e9 de la population, soulignent-ils.<\/p>\n<p>Si celles-ci avaient \u00e9t\u00e9 prises avant, cela \u00ab aurait sans nul doute permis de juguler l\u2019\u00e9pid\u00e9mie en r\u00e9duisant le nombre de personnes contamin\u00e9es, et donc de personnes susceptibles de contaminer les autres \u00bb, jugent-ils, regrettant notamment que dans l\u2019Oise, un des foyers du Covid-19 en France, \u00ab aucune mesure particuli\u00e8re, autre que la fermeture des \u00e9tablissements scolaires \u00bb, n\u2019ait \u00e9t\u00e9 mise en place&#8230; (<a href=\"https:\/\/www.nouvelobs.com\/coronavirus-de-wuhan\/20200320.OBS26322\/coronavirus-des-medecins-portent-plainte-contre-edouard-philippe-et-agnes-buzyn.html\" target=\"_blank\" rel=\"noopener noreferrer\">L&rsquo;Obs<\/a> &amp; AFP)<\/p>\n","protected":false},"excerpt":{"rendered":"<p>Trois m\u00e9decins, repr\u00e9sentants d\u2019un collectif de soignants, ont port\u00e9 plainte jeudi 19 mars contre le Premier ministre Edouard Philippe et l\u2019ex-ministre de la Sant\u00e9 Agn\u00e8s Buzyn, les accusant de s\u2019\u00eatre \u00ab abstenus \u00bb de prendre \u00e0 temps des mesures pour endiguer l\u2019\u00e9pid\u00e9mie de Covid-19, a annonc\u00e9 leur avocat. Cette plainte, que l\u2019AFP a pu consulter, [&hellip;]<\/p>\n","protected":false},"author":1,"featured_media":6881,"comment_status":"open","ping_status":"closed","sticky":false,"template":"","format":"standard","meta":{"footnotes":""},"categories":[30],"tags":[1216,1214,1215],"class_list":["post-6880","post","type-post","status-publish","format-standard","has-post-thumbnail","hentry","category-actualite","tag-agnes-buzyn","tag-covid-19","tag-plainte-edouard-philippe"],"aioseo_notices":[],"_links":{"self":[{"href":"https:\/\/www.culturalusa.com\/news\/wp-json\/wp\/v2\/posts\/6880","targetHints":{"allow":["GET"]}}],"collection":[{"href":"https:\/\/www.culturalusa.com\/news\/wp-json\/wp\/v2\/posts"}],"about":[{"href":"https:\/\/www.culturalusa.com\/news\/wp-json\/wp\/v2\/types\/post"}],"author":[{"embeddable":true,"href":"https:\/\/www.culturalusa.com\/news\/wp-json\/wp\/v2\/users\/1"}],"replies":[{"embeddable":true,"href":"https:\/\/www.culturalusa.com\/news\/wp-json\/wp\/v2\/comments?post=6880"}],"version-history":[{"count":0,"href":"https:\/\/www.culturalusa.com\/news\/wp-json\/wp\/v2\/posts\/6880\/revisions"}],"wp:featuredmedia":[{"embeddable":true,"href":"https:\/\/www.culturalusa.com\/news\/wp-json\/wp\/v2\/media\/6881"}],"wp:attachment":[{"href":"https:\/\/www.culturalusa.com\/news\/wp-json\/wp\/v2\/media?parent=6880"}],"wp:term":[{"taxonomy":"category","embeddable":true,"href":"https:\/\/www.culturalusa.com\/news\/wp-json\/wp\/v2\/categories?post=6880"},{"taxonomy":"post_tag","embeddable":true,"href":"https:\/\/www.culturalusa.com\/news\/wp-json\/wp\/v2\/tags?post=6880"}],"curies":[{"name":"wp","href":"https:\/\/api.w.org\/{rel}","templated":true}]}}